{"id":9971,"date":"2022-05-24T09:00:12","date_gmt":"2022-05-24T07:00:12","guid":{"rendered":"https:\/\/www.bildung.sachsen.de\/blog\/?p=9971"},"modified":"2022-05-31T09:22:38","modified_gmt":"2022-05-31T07:22:38","slug":"du-bist-was-du-isst","status":"publish","type":"post","link":"https:\/\/www.bildung.sachsen.de\/blog\/index.php\/2022\/05\/24\/du-bist-was-du-isst\/","title":{"rendered":"\u00bbDu bist, was du isst\u00ab"},"content":{"rendered":"<p>Acht Schulen sind in diesem Jahr mit dem S\u00e4chsischen Schulpreis ausgezeichnet worden. Wir stellen die Preistr\u00e4ger vor. Heute die Schule am Palmengarten, ein Gymnasium der Stadt Leipzig.<\/p>\n<p><!--more--><\/p>\n<p>Bereits seit Schulgr\u00fcndung zum Schuljahr 2017\/18 arbeitet die Schule am Palmengarten an dem Projekt \u00bbKlasse(n) kochen\u00ab. Daf\u00fcr erhielt die Schule nun den Schulpreis. Es sei das Herzst\u00fcck des Schulkonzepts, wie die Schule selbst sagt und werde getragen von der \u00dcberzeugung, dass nur verantwortungsvolle und gesunde Jugendliche ihre Zukunft nachhaltig gestalten k\u00f6nnen. Alle sind daran beteiligt, Sch\u00fcler, Eltern, Lehrkr\u00e4fte und ein Caterer.<\/p>\n<p>Doch was verbirgt sich hinter dem Projekt \u00bbKlasse(n) kochen\u00ab? Einfach gesagt: Sch\u00fcler kochen f\u00fcr alle Sch\u00fcler der Klassen 6 bis 9. Doch damit allein ist es bei Weitem nicht getan. Ein p\u00e4dagogischer Mitarbeiter koordiniert das Projekt im Schulalltag. Ein rotierendes System sorgt daf\u00fcr, dass alle Bereiche (Schulk\u00fcche, Service in der Mensa, Schulkiosk) funktionieren. Es gibt eine Koch-, Service- und eine Schulkioskgruppe. Unter Anleitung \u00fcbernehmen Sch\u00fcler auch Aufgaben im Bereich der Planung der angebotenen Versorgung, bei Einkauf und Kalkulation, bei Service und Kasse. Jede Klasse ist f\u00fcr zwei Wochen im Schuljahr in das Projekt eingebunden, damit haben die Kinder auch die M\u00f6glichkeit, verschiedene T\u00e4tigkeitsfelder kennenzulernen.<\/p>\n<p><img loading=\"lazy\" decoding=\"async\" class=\"size-medium wp-image-9990 alignleft\" src=\"https:\/\/www.bildung.sachsen.de\/blog\/wp-content\/uploads\/2022\/05\/Schulpreis_GY_Blog_2-1-300x200.jpg\" alt=\"\" width=\"300\" height=\"200\" srcset=\"https:\/\/www.bildung.sachsen.de\/blog\/wp-content\/uploads\/2022\/05\/Schulpreis_GY_Blog_2-1-300x200.jpg 300w, https:\/\/www.bildung.sachsen.de\/blog\/wp-content\/uploads\/2022\/05\/Schulpreis_GY_Blog_2-1-1600x1067.jpg 1600w, https:\/\/www.bildung.sachsen.de\/blog\/wp-content\/uploads\/2022\/05\/Schulpreis_GY_Blog_2-1-768x512.jpg 768w, https:\/\/www.bildung.sachsen.de\/blog\/wp-content\/uploads\/2022\/05\/Schulpreis_GY_Blog_2-1-1536x1024.jpg 1536w, https:\/\/www.bildung.sachsen.de\/blog\/wp-content\/uploads\/2022\/05\/Schulpreis_GY_Blog_2-1-1280x853.jpg 1280w, https:\/\/www.bildung.sachsen.de\/blog\/wp-content\/uploads\/2022\/05\/Schulpreis_GY_Blog_2-1.jpg 1620w\" sizes=\"auto, (max-width: 300px) 100vw, 300px\" \/>Beteiligt ist eine Cateringfirma, die die Vor-, Zu- und Nachbereitung anleitet. Am Ende einer jeden \u00bbKochwoche\u00ab evaluieren die Sch\u00fcler gemeinsam mit den Profis der Cateringfirma und dem p\u00e4dagogischen Mitarbeiter ihre T\u00e4tigkeiten und arbeiten an ihrem Portfolio. Mehr noch: Das Projekt ist lehrplanbezogen, fach\u00fcbergreifend verankert und auch eingebettet in eine gesunde Rhythmisierung des Schulalltags. Jede Jahrgangsstufe arbeitet zu einem Oberthema, wie etwa die 6. Klassen zu \u00bbArtgerechte Tierhaltung \u2013 wo kommt mein Essen eigentlich her?\u00ab (Biologie, Geschichte, Deutsch) oder die 8. Klassen zu \u00bbDu bist, was du isst\u00ab (Physik, Chemie, Profil Sport und Gesundheit).<\/p>\n<p>Die Jurymitglieder zeigten sich von dem Projekt \u00bbKlasse(n) kochen\u00ab \u00fcberzeugt. Die Leitidee der Schulgemeinschaft \u00bbWissen zu erwerben, zusammen zu leben, zu handeln und zu sein\u00ab werde in beeindruckender Weise umgesetzt. Das Projekt habe eine Vorbildwirkung f\u00fcr andere Schulen.<\/p>\n","protected":false},"excerpt":{"rendered":"<p>Acht Schulen sind in diesem Jahr mit dem S\u00e4chsischen Schulpreis ausgezeichnet worden. Wir stellen die Preistr\u00e4ger vor. Heute die Schule am Palmengarten, ein Gymnasium der Stadt Leipzig.<\/p>\n","protected":false},"author":4,"featured_media":9983,"comment_status":"closed","ping_status":"open","sticky":false,"template":"","format":"standard","meta":{"footnotes":""},"categories":[11],"tags":[690,407,406,287,405,691],"class_list":["post-9971","post","type-post","status-publish","format-standard","has-post-thumbnail","hentry","category-bildungspolitik","tag-auszeichnung","tag-sachsen","tag-saechsischer-schulpreis","tag-schulen","tag-schulpreis","tag-schulpreis-2022"],"aioseo_notices":[],"_links":{"self":[{"href":"https:\/\/www.bildung.sachsen.de\/blog\/index.php\/wp-json\/wp\/v2\/posts\/9971","targetHints":{"allow":["GET"]}}],"collection":[{"href":"https:\/\/www.bildung.sachsen.de\/blog\/index.php\/wp-json\/wp\/v2\/posts"}],"about":[{"href":"https:\/\/www.bildung.sachsen.de\/blog\/index.php\/wp-json\/wp\/v2\/types\/post"}],"author":[{"embeddable":true,"href":"https:\/\/www.bildung.sachsen.de\/blog\/index.php\/wp-json\/wp\/v2\/users\/4"}],"replies":[{"embeddable":true,"href":"https:\/\/www.bildung.sachsen.de\/blog\/index.php\/wp-json\/wp\/v2\/comments?post=9971"}],"version-history":[{"count":4,"href":"https:\/\/www.bildung.sachsen.de\/blog\/index.php\/wp-json\/wp\/v2\/posts\/9971\/revisions"}],"predecessor-version":[{"id":9991,"href":"https:\/\/www.bildung.sachsen.de\/blog\/index.php\/wp-json\/wp\/v2\/posts\/9971\/revisions\/9991"}],"wp:featuredmedia":[{"embeddable":true,"href":"https:\/\/www.bildung.sachsen.de\/blog\/index.php\/wp-json\/wp\/v2\/media\/9983"}],"wp:attachment":[{"href":"https:\/\/www.bildung.sachsen.de\/blog\/index.php\/wp-json\/wp\/v2\/media?parent=9971"}],"wp:term":[{"taxonomy":"category","embeddable":true,"href":"https:\/\/www.bildung.sachsen.de\/blog\/index.php\/wp-json\/wp\/v2\/categories?post=9971"},{"taxonomy":"post_tag","embeddable":true,"href":"https:\/\/www.bildung.sachsen.de\/blog\/index.php\/wp-json\/wp\/v2\/tags?post=9971"}],"curies":[{"name":"wp","href":"https:\/\/api.w.org\/{rel}","templated":true}]}}