{"id":9743,"date":"2022-02-22T13:09:22","date_gmt":"2022-02-22T12:09:22","guid":{"rendered":"https:\/\/www.bildung.sachsen.de\/blog\/?p=9743"},"modified":"2022-02-24T08:46:55","modified_gmt":"2022-02-24T07:46:55","slug":"schutzmassnahmen-an-schulen-und-kitas-werden-achtsam-zurueckgefahren","status":"publish","type":"post","link":"https:\/\/www.bildung.sachsen.de\/blog\/index.php\/2022\/02\/22\/schutzmassnahmen-an-schulen-und-kitas-werden-achtsam-zurueckgefahren\/","title":{"rendered":"Schutzma\u00dfnahmen an Schulen und Kitas werden achtsam zur\u00fcckgefahren"},"content":{"rendered":"<p>Die s\u00e4chsische Staatsregierung hat sich f\u00fcr den Schul- und Kitabetrieb auf einen Fahrplan verst\u00e4ndigt, der vorbehaltlich des Anh\u00f6rungsverfahrens in der Kabinettssitzung am 1. M\u00e4rz 2022 beschlossen werden soll. Die Ma\u00dfnahmen im \u00dcberblick.<!--more--><\/p>\n<h2>Was ab dem 28. Februar 2022 gelten soll<\/h2>\n<p>In der ersten Woche nach den Winterferien gelten die bisherigen erh\u00f6hten Schutz- und Hygieneregelungen unver\u00e4ndert fort, da erfahrungsgem\u00e4\u00df nach den Ferien vergleichsweise viele unentdeckte Infektionsf\u00e4lle identifiziert werden. Die Grund- und F\u00f6rderschulen sowie die Kindertageseinrichtungen erhalten au\u00dferdem den notwendigen zeitlichen Vorlauf f\u00fcr den Start in den Regelbetrieb.<\/p>\n<h2>Was ab dem 7. M\u00e4rz 2022 gelten soll<\/h2>\n<p>Ab dem 7. M\u00e4rz sollen die Schutzma\u00dfnahmen an Schulen und Kitas achtsam und schrittweise zur\u00fcckgefahren werden.<\/p>\n<ul>\n<li><strong>Regelbetrieb gilt wieder.<\/strong> In den Grundschulen und in der Primarstufe der F\u00f6rderschulen wird der Regelbetrieb wieder aufgenommen. Der Unterricht findet ohne Beschr\u00e4nkung auf feste Klassen entsprechend der Stundentafel statt. Auch in den Kindertageseinrichtungen soll der eingeschr\u00e4nkte Regelbetrieb wieder abgeschafft werden. Gruppen m\u00fcssen dann nicht mehr streng voneinander getrennt werden.<\/li>\n<li><strong>Schulbesuchspflicht gilt wieder.<\/strong> Die Abmeldem\u00f6glichkeit von der Pr\u00e4senzbeschulung entf\u00e4llt; es besteht grunds\u00e4tzlich Schulbesuchspflicht. Unber\u00fchrt bleibt die M\u00f6glichkeit der Abwesenheit aus anderen Rechtsgr\u00fcnden, insbesondere nach Ma\u00dfgabe der Schulbesuchsordnung. Abmeldungen vom Schulbesuch sind wie bisher auch aus medizinischen Gr\u00fcnden m\u00f6glich.<\/li>\n<li><strong>Schulfahrten sind m\u00f6glich.<\/strong> Exkursionen und Schulfahrten sind generell wieder zugelassen. F\u00fcr alle Fahrten im In- und Ausland einschlie\u00dflich der Ma\u00dfnahmen der internationalen Bildungskooperation sowie Erasmus+ gelten die Regelungen des Erlasses vom 8. Juni 2021.<\/li>\n<li><strong>Das Testregime wird ver\u00e4ndert.<\/strong> Die anlasslose Testung aller Sch\u00fclerinnen und Sch\u00fcler mittels Selbsttest wird auf zweimal w\u00f6chentlich reduziert. Bei positivem Corona-Testergebnis einer Sch\u00fclerin oder eines Sch\u00fclers besteht eine f\u00fcnft\u00e4gige t\u00e4gliche Testpflicht f\u00fcr die betreffende Klasse. Durch diese engmaschige Kontrolle ist damit in der Regel die Anordnung h\u00e4uslicher Lernzeit f\u00fcr einzelne Klassen oder Schulen nicht mehr notwendig und kontinuierlicher Pr\u00e4senzunterricht abgesichert.<\/li>\n<li><strong>Keine Maskenpflicht im Unterricht.<\/strong> Die Pflicht zum Tragen einer Mund-Nasen-Bedeckung entf\u00e4llt im Unterricht an weiterf\u00fchrenden Schulen f\u00fcr Sch\u00fclerinnen und Sch\u00fcler sowie f\u00fcr Lehrkr\u00e4fte.<\/li>\n<\/ul>\n<blockquote><p><strong>Kultusminister Christian Piwarz:<\/strong> \u00bbSch\u00fclerinnen und Sch\u00fcler haben ebenso wie Lehrkr\u00e4fte und Erzieherinnen und Erzieher in den letzten Monaten besondere Last getragen. Es ist an der Zeit, auch den Kindern und Jugendlichen die Unbeschwertheit und Normalit\u00e4t zu erm\u00f6glichen, die f\u00fcr viele Erwachsene im Alltag jetzt wieder selbstverst\u00e4ndlich wird.\u00ab<\/p><\/blockquote>\n","protected":false},"excerpt":{"rendered":"<p>Die s\u00e4chsische Staatsregierung hat sich f\u00fcr den Schul- und Kitabetrieb auf einen Fahrplan verst\u00e4ndigt, der vorbehaltlich des Anh\u00f6rungsverfahrens in der Kabinettssitzung am 1. M\u00e4rz 2022 beschlossen werden soll. Die Ma\u00dfnahmen im \u00dcberblick.<\/p>\n","protected":false},"author":4,"featured_media":9745,"comment_status":"closed","ping_status":"open","sticky":false,"template":"","format":"standard","meta":{"footnotes":""},"categories":[11,100],"tags":[652],"class_list":["post-9743","post","type-post","status-publish","format-standard","has-post-thumbnail","hentry","category-bildungspolitik","category-unterricht","tag-corona-corona-massnahmen-sachsen-schule"],"aioseo_notices":[],"_links":{"self":[{"href":"https:\/\/www.bildung.sachsen.de\/blog\/index.php\/wp-json\/wp\/v2\/posts\/9743","targetHints":{"allow":["GET"]}}],"collection":[{"href":"https:\/\/www.bildung.sachsen.de\/blog\/index.php\/wp-json\/wp\/v2\/posts"}],"about":[{"href":"https:\/\/www.bildung.sachsen.de\/blog\/index.php\/wp-json\/wp\/v2\/types\/post"}],"author":[{"embeddable":true,"href":"https:\/\/www.bildung.sachsen.de\/blog\/index.php\/wp-json\/wp\/v2\/users\/4"}],"replies":[{"embeddable":true,"href":"https:\/\/www.bildung.sachsen.de\/blog\/index.php\/wp-json\/wp\/v2\/comments?post=9743"}],"version-history":[{"count":6,"href":"https:\/\/www.bildung.sachsen.de\/blog\/index.php\/wp-json\/wp\/v2\/posts\/9743\/revisions"}],"predecessor-version":[{"id":9754,"href":"https:\/\/www.bildung.sachsen.de\/blog\/index.php\/wp-json\/wp\/v2\/posts\/9743\/revisions\/9754"}],"wp:featuredmedia":[{"embeddable":true,"href":"https:\/\/www.bildung.sachsen.de\/blog\/index.php\/wp-json\/wp\/v2\/media\/9745"}],"wp:attachment":[{"href":"https:\/\/www.bildung.sachsen.de\/blog\/index.php\/wp-json\/wp\/v2\/media?parent=9743"}],"wp:term":[{"taxonomy":"category","embeddable":true,"href":"https:\/\/www.bildung.sachsen.de\/blog\/index.php\/wp-json\/wp\/v2\/categories?post=9743"},{"taxonomy":"post_tag","embeddable":true,"href":"https:\/\/www.bildung.sachsen.de\/blog\/index.php\/wp-json\/wp\/v2\/tags?post=9743"}],"curies":[{"name":"wp","href":"https:\/\/api.w.org\/{rel}","templated":true}]}}