{"id":9570,"date":"2021-11-19T19:05:40","date_gmt":"2021-11-19T18:05:40","guid":{"rendered":"https:\/\/www.bildung.sachsen.de\/blog\/?p=9570"},"modified":"2021-11-29T18:16:03","modified_gmt":"2021-11-29T17:16:03","slug":"trotz-einschraenkungen-im-oeffentlichen-leben-schulen-und-kitas-bleiben-geoeffnet","status":"publish","type":"post","link":"https:\/\/www.bildung.sachsen.de\/blog\/index.php\/2021\/11\/19\/trotz-einschraenkungen-im-oeffentlichen-leben-schulen-und-kitas-bleiben-geoeffnet\/","title":{"rendered":"Trotz Einschr\u00e4nkungen im \u00f6ffentlichen Leben: Schulen und Kitas bleiben ge\u00f6ffnet"},"content":{"rendered":"<p>Trotz weitreichender Einschr\u00e4nkungen im \u00f6ffentlichen Leben bleiben Schulen und Kindertageseinrichtungen weiterhin ge\u00f6ffnet. Kitas und Grundschulen m\u00fcssen jedoch bis einschlie\u00dflich der Weihnachtsferien in den eingeschr\u00e4nkten Regelbetrieb gehen. Das sieht die neue Schul- und Kita-Coronaverordnung vor, die ab dem 22. November gelten wird. Die Regeln im \u00dcberblick.<\/p>\n<p><!--more--><\/p>\n<p>\u00bbAngesichts des sehr hohen Infektionsgeschehens in Sachsen sichern wir den Betrieb in Schulen und Kitas besser ab. Den Schul- und Kitabesuch unter diesen Bedingungen weiter zu erm\u00f6glichen, stellt Erzieherinnen und Erzieher und auch die Lehrkr\u00e4fte vor enorme Herausforderungen. Es darf jedoch nicht sein, dass Kinder und Jugendliche darunter leiden, dass die Quote der nicht vollst\u00e4ndig geimpften Erwachsenen nirgendwo so hoch ist wie in Sachsen\u00ab, begr\u00fcndete Kultusminister Christian Piwarz die Entscheidung.<\/p>\n<h2>\u00dcbergangszeit f\u00fcr Einf\u00fchrung des eingeschr\u00e4nkten Regelbetriebs<\/h2>\n<p>Mit der neuen Schul- und Kita-Coronaverordnung wird f\u00fcr Grund- und F\u00f6rderschulen (Primarbereich) sowie f\u00fcr Kindertageseinrichtungen der eingeschr\u00e4nkte Regelbetrieb wieder eingef\u00fchrt. Danach m\u00fcssen Klassen und Gruppen einschlie\u00dflich des Personals streng voneinander getrennt werden. Zur Umsetzung der Ma\u00dfnahmen gibt es f\u00fcr die Einrichtungen eine \u00dcbergangsfrist bis zum 29. November, sp\u00e4testens dann ist der eingeschr\u00e4nkte Regelbetrieb verpflichtend. Offene p\u00e4dagogische Konzepte sind damit in den Kindertageseinrichtungen nicht mehr m\u00f6glich.<\/p>\n<h2>Schulbesuchspflicht wird aufgehoben<\/h2>\n<p>Alle Sch\u00fclerinnen und Sch\u00fcler k\u00f6nnen durch die Erziehungsberechtigten von der Pr\u00e4senzbeschulung schriftlich abgemeldet werden. Die Abmeldung muss durch Belange des Infektionsschutzes begr\u00fcndet sein. Ein etwaiges Ab-und Anmelden f\u00fcr einzelne Wochentage kommt nicht in Betracht. Die Kinder oder Jugendlichen verbringen dann die Lernzeit zu Hause. Einen Anspruch auf Beschulung der Sch\u00fclerinnen und Sch\u00fcler durch Lehrkr\u00e4fte, wie im Pr\u00e4senzunterricht, gibt es jedoch nicht. Das ist in der angespannten Situation von den Schulen nicht zu leisten.<\/p>\n<h2>Testpflicht bleibt bestehen<\/h2>\n<p>F\u00fcr den Zutritt zum Schul- und Kitagel\u00e4nde m\u00fcssen sich nicht vollst\u00e4ndig geimpfte Personen <strong>dreimal w\u00f6chentlich<\/strong> auf das Vorliegen einer Infektion mit SARS-CoV-2 testen oder mit einem aktuellen Testnachweis belegen, dass keine Infektion mit SARS-CoV-2 vorliegt. <strong>F\u00fcr Geimpfte und Genesene wird die regelm\u00e4\u00dfige Testung empfohlen. Antigen-Selbsttests werden an den Schulen weiterhin kostenlos zur Verf\u00fcgung gestellt.<br \/>\n<\/strong><\/p>\n<h2>Maskenpflicht auch im Unterricht<\/h2>\n<p>F\u00fcr Sch\u00fclerinnen und Sch\u00fcler ab der Klassenstufe f\u00fcnf besteht weiterhin die Pflicht, eine OP-Maske (oder FFP2-Maske) im Unterricht zu tragen. F\u00fcr Primarsch\u00fcler besteht hingegen keine Maskenpflicht im Unterricht.<\/p>\n<h2>Lokale Schulschlie\u00dfungen m\u00f6glich<\/h2>\n<p>Bei geh\u00e4uften lokalen Infektionsgeschehen kann das Kultusministerium schulscharfe Schutzma\u00dfnahmen wie zeitlich begrenzten Wechselunterricht oder tempor\u00e4re Schulschlie\u00dfung anordnen. Eine entscheidende Bedeutung kommt dabei den Umst\u00e4nden an der betroffenen Schule zu, da es sich um eine Ermessensentscheidung handelt und die Aus\u00fcbung des Ermessens dem jeweils konkreten Sachverhalt gerecht werden muss. Im Vordergrund werden die Belange der betroffenen Sch\u00fclerinnen und Sch\u00fcler stehen. Konkrete Ma\u00dfnahmen werden darauf abzielen, eine weitere auch unkontrollierte Ausbreitung von Infektionen mit dem Sars-Cov2-Virus an den Einrichtungen zu verhindern.<\/p>\n<p>Ausgegangen wird dabei unter anderem von einem \u00dcberschreiten des Infektionsgeschehens \u00fcber Schwellenwerte in Relation zur Anzahl der Sch\u00fclerinnen und Sch\u00fcler an der Schule. Dar\u00fcber hinaus werden weitere auch r\u00e4umliche Kriterien und die bereits ergriffenen Ma\u00dfnahmen des Gesundheitsamtes und der Schule ber\u00fccksichtigt.<\/p>\n<p>Sollte das Wechselmodell angeordnet werden, findet die zeitgleiche Pr\u00e4senzbeschulung in den Unterrichtsr\u00e4umen dann f\u00fcr h\u00f6chstens die H\u00e4lfte der Sch\u00fclerinnen und Sch\u00fcler je Klasse statt. Unterschiede zwischen geimpften und nicht geimpften Sch\u00fclerinnen und Sch\u00fcler werden dabei nicht gemacht.<\/p>\n<h2>Absage au\u00dferschulischer Aktivit\u00e4ten<\/h2>\n<p>Au\u00dferschulische Aktivit\u00e4ten sind sehr restriktiv zu handhaben. Weitere Informationen dazu erfolgen direkt an die Schulen.<\/p>\n<h2>Weitere Informationen<\/h2>\n<p><strong>Weitere Informationen auf Grundlage der neuen Verordnung, beispielsweise zu Schulfahrten, folgen in der kommenden Woche.<\/strong><\/p>\n<p class=\"p2\">Schul- und Kita-Coronaverordnung<span class=\"Apple-converted-space\">\u00a0 vom 20. Nove<\/span><span class=\"Apple-converted-space\">mber 202<\/span><span class=\"Apple-converted-space\">1<\/span><span class=\"Apple-converted-space\"> (ge\u00e4ndert durch die Verordnung vom 26. November 2021, g\u00fcltig vom 22. November bis 12. Dezember 2021 )<\/span><b><span class=\"Apple-converted-space\"><br \/>\n<\/span><\/b><\/p>\n","protected":false},"excerpt":{"rendered":"<p>Trotz weitreichender Einschr\u00e4nkungen im \u00f6ffentlichen Leben bleiben Schulen und Kindertageseinrichtungen weiterhin ge\u00f6ffnet. Kitas und Grundschulen m\u00fcssen jedoch bis einschlie\u00dflich der Weihnachtsferien in den eingeschr\u00e4nkten Regelbetrieb gehen. Das sieht die neue Schul- und Kita-Coronaverordnung vor, die ab dem 22. November gelten wird. Die Regeln im \u00dcberblick.<\/p>\n","protected":false},"author":138,"featured_media":7809,"comment_status":"closed","ping_status":"open","sticky":false,"template":"","format":"standard","meta":{"footnotes":""},"categories":[11],"tags":[497,567,196,407,62],"class_list":["post-9570","post","type-post","status-publish","format-standard","has-post-thumbnail","hentry","category-bildungspolitik","tag-corona","tag-corona-massnahmen","tag-kita","tag-sachsen","tag-schule"],"aioseo_notices":[],"_links":{"self":[{"href":"https:\/\/www.bildung.sachsen.de\/blog\/index.php\/wp-json\/wp\/v2\/posts\/9570","targetHints":{"allow":["GET"]}}],"collection":[{"href":"https:\/\/www.bildung.sachsen.de\/blog\/index.php\/wp-json\/wp\/v2\/posts"}],"about":[{"href":"https:\/\/www.bildung.sachsen.de\/blog\/index.php\/wp-json\/wp\/v2\/types\/post"}],"author":[{"embeddable":true,"href":"https:\/\/www.bildung.sachsen.de\/blog\/index.php\/wp-json\/wp\/v2\/users\/138"}],"replies":[{"embeddable":true,"href":"https:\/\/www.bildung.sachsen.de\/blog\/index.php\/wp-json\/wp\/v2\/comments?post=9570"}],"version-history":[{"count":10,"href":"https:\/\/www.bildung.sachsen.de\/blog\/index.php\/wp-json\/wp\/v2\/posts\/9570\/revisions"}],"predecessor-version":[{"id":9598,"href":"https:\/\/www.bildung.sachsen.de\/blog\/index.php\/wp-json\/wp\/v2\/posts\/9570\/revisions\/9598"}],"wp:featuredmedia":[{"embeddable":true,"href":"https:\/\/www.bildung.sachsen.de\/blog\/index.php\/wp-json\/wp\/v2\/media\/7809"}],"wp:attachment":[{"href":"https:\/\/www.bildung.sachsen.de\/blog\/index.php\/wp-json\/wp\/v2\/media?parent=9570"}],"wp:term":[{"taxonomy":"category","embeddable":true,"href":"https:\/\/www.bildung.sachsen.de\/blog\/index.php\/wp-json\/wp\/v2\/categories?post=9570"},{"taxonomy":"post_tag","embeddable":true,"href":"https:\/\/www.bildung.sachsen.de\/blog\/index.php\/wp-json\/wp\/v2\/tags?post=9570"}],"curies":[{"name":"wp","href":"https:\/\/api.w.org\/{rel}","templated":true}]}}