{"id":9187,"date":"2021-06-08T14:00:32","date_gmt":"2021-06-08T12:00:32","guid":{"rendered":"http:\/\/www.bildung.sachsen.de\/blog\/?p=9187"},"modified":"2021-06-21T15:00:32","modified_gmt":"2021-06-21T13:00:32","slug":"faq-schulbetrieb","status":"publish","type":"post","link":"https:\/\/www.bildung.sachsen.de\/blog\/index.php\/2021\/06\/08\/faq-schulbetrieb\/","title":{"rendered":"FAQ: Schulbetrieb"},"content":{"rendered":"<p>Maskenpflicht, Testpflicht, Schulbesuchspflicht: Was gilt f\u00fcr den Schulbetrieb mit der neuen Schul- und Kitabetriebseinschr\u00e4nkungsverordnung? Wir geben Antworten auf die wichtigsten Fragen.<\/p>\n<p><!--more--><\/p>\n<h2>Ab welcher Inzidenz findet Regelbetrieb statt?<\/h2>\n<p>Bleibt die Sieben-Tage-Inzidenz <strong>unter 100<\/strong>, findet Regelbetrieb f\u00fcr alle Klassen und damit f\u00fcr alle Sch\u00fclerinnen und Sch\u00fcler statt. Auch Kindertageseinrichtungen sind dann im Regelbetrieb ge\u00f6ffnet.<\/p>\n<h2>Was passiert beim \u00dcberschreiten der Sieben-Tage-Inzidenz von 100?<\/h2>\n<p>Oberhalb eines Inzidenzwertes von 100 gilt die Bundesnotbremse nach dem Infektionsschutzgesetz.<\/p>\n<p>Grunds\u00e4tzlich gilt f\u00fcr den Schulbetrieb: Ab einer Inzidenz von \u00fcber 100 ist Wechselunterricht vorgeschrieben, ab einem Wert von \u00fcber 165 ist nur noch Distanzunterricht erlaubt.<\/p>\n<h2>Gilt die Maskenpflicht weiterhin?<\/h2>\n<p>Liegt die regionale Sieben-Tage-Inzidenz stabil unter <strong>35<\/strong>, m\u00fcssen Sch\u00fclerinnen und Sch\u00fcler sowie das Schulpersonal <strong>im Schulgeb\u00e4ude keine Masken mehr<\/strong> tragen. Das Tragen einer medizinischen Gesichtsmaske oder FFP2-Maske oder vergleichbare Atemschutzmaske (zum Beispiel KN95\/N95) wird jedoch empfohlen.<\/p>\n<h2>Wie geht es mit der Testpflicht weiter?<\/h2>\n<p>Die Testpflicht bleibt bestehen. Alle Sch\u00fclerinnen und Sch\u00fcler m\u00fcssen sich weiterhin zweimal pro Wochen selbst testen. Gleiches gilt f\u00fcr das Schulpersonal. Die Testpflicht gilt dagegen nicht f\u00fcr Personen, die nachweisen, dass sie \u00fcber einen vollst\u00e4ndigen Impfschutz gegen SARS-CoV-2 verf\u00fcgen oder die von einer SARS-CoV-2-Infektion genesen sind.<\/p>\n<h2>Darf die qualifizierte Selbstauskunft wieder genutzt werden?<\/h2>\n<p>Nein. Die qualifizierte Selbstauskunft ist weiterhin nicht zul\u00e4ssig, da die COVID-19-Schutzma\u00dfnahmen-Ausnahmenverordnung der Bundesregierung weiterhin G\u00fcltigkeit besitzt.<\/p>\n<h2>Bleibt die Aufhebung der Schulbesuchspflicht bestehen?<\/h2>\n<p>Ja. Alle Sch\u00fclerinnen und Sch\u00fcler k\u00f6nnen sich weiterhin von der Pr\u00e4senzbeschulung schriftlich abmelden. Die Abmeldung muss durch Belange des Infektionsschutzes begr\u00fcndet sein.<\/p>\n<h2>D\u00fcrfen Schulfahrten wieder stattfinden?<\/h2>\n<p>Ab 14. Juni gilt: Inl\u00e4ndische Schulfahrten sind wieder m\u00f6glich, sofern sich die jeweilige Schule im Regelbetrieb befindet.<\/p>\n<h2>K\u00f6nnen Elternabende wieder stattfinden?<\/h2>\n<p>Ja, Elternabende k\u00f6nnen ohne negativen Testnachweis stattfinden. Das Zutrittsverbot gilt in diesen F\u00e4llen nicht, wenn sichergestellt ist, dass Handreinigungs- und ein zumindest begrenzt viruzides Desinfektionsmittel in hinreichender Menge zur Verf\u00fcgung stehen sowie die genutzten Oberfl\u00e4chen, Gegenst\u00e4nde und R\u00e4ume nach Beendigung des Elternabends gr\u00fcndlich gereinigt werden. Die Eltern haben jedoch eine medizinische Gesichtsmaske oder FFP2-Maske oder vergleichbare Atemschutzmaske, jeweils ohne Ausatemventil, zu tragen. Zus\u00e4tzlich gelten die bekannten Infektionsschutz- und Hygienema\u00dfnahmen, wie insbesondere die Dokumentation zur Kontaktnachverfolgung.<\/p>\n<h2>D\u00fcrfen schwangere Lehrerinnen wieder im Pr\u00e4senzunterricht eingesetzt werden?<\/h2>\n<p>Ja, wenn sie vollst\u00e4ndig geimpft sind.<\/p>\n<h2>Z\u00e4hlen Lehramtsstudierende zum Schulpersonal?<\/h2>\n<p>Ja, hinsichtlich der Maskenpflicht z\u00e4hlen Lehramtsstudierende als Schulpersonal.<\/p>\n<h2>Bis wann gelten die Regelungen?<\/h2>\n<p>Die Verordnung gilt vom 14. bis zum 30. Juni 2021.<\/p>\n<h2>Wie sieht es im Bereich Kita aus?<\/h2>\n<p>Informationen rund um den Kitabetrieb gibt es auf dem <a href=\"https:\/\/www.kita-bildungsserver.de\/\"><strong>S\u00e4chsischen Kita-Bildungsserver<\/strong><\/a>, wie die aktuellen <a href=\"https:\/\/www.kita-bildungsserver.de\/wp-content\/themes\/kbs\/inc\/dokumente_zum_download_ausliefern.inc.php?did=1585\"><strong>Handlungsempfehlungen zum Betrieb von Kitas und Kindertagespflegestellen<\/strong><\/a>.<\/p>\n<p><a href=\"https:\/\/www.bildung.sachsen.de\/blog\/wp-content\/uploads\/2021\/06\/Saechsische-Schul-und-Kitabetriebseinschraenkungsverordnung.pdf\"><strong>Hier gibt es die S\u00e4chsische Schul- und Kitabetriebseinschr\u00e4nkungsverordnung.<\/strong><\/a><\/p>\n<p>* Beitrag aktualisiert am 16. Juni 2021<\/p>\n","protected":false},"excerpt":{"rendered":"<p>Maskenpflicht, Testpflicht, Schulbesuchspflicht: Was gilt f\u00fcr den Schulbetrieb mit der neuen Schul- und Kitabetriebseinschr\u00e4nkungsverordnung? Wir geben Antworten auf die wichtigsten Fragen.<\/p>\n","protected":false},"author":138,"featured_media":9224,"comment_status":"closed","ping_status":"open","sticky":false,"template":"","format":"standard","meta":{"footnotes":""},"categories":[11],"tags":[497,567,504,196,407,62],"class_list":["post-9187","post","type-post","status-publish","format-standard","has-post-thumbnail","hentry","category-bildungspolitik","tag-corona","tag-corona-massnahmen","tag-corona-test","tag-kita","tag-sachsen","tag-schule"],"aioseo_notices":[],"_links":{"self":[{"href":"https:\/\/www.bildung.sachsen.de\/blog\/index.php\/wp-json\/wp\/v2\/posts\/9187","targetHints":{"allow":["GET"]}}],"collection":[{"href":"https:\/\/www.bildung.sachsen.de\/blog\/index.php\/wp-json\/wp\/v2\/posts"}],"about":[{"href":"https:\/\/www.bildung.sachsen.de\/blog\/index.php\/wp-json\/wp\/v2\/types\/post"}],"author":[{"embeddable":true,"href":"https:\/\/www.bildung.sachsen.de\/blog\/index.php\/wp-json\/wp\/v2\/users\/138"}],"replies":[{"embeddable":true,"href":"https:\/\/www.bildung.sachsen.de\/blog\/index.php\/wp-json\/wp\/v2\/comments?post=9187"}],"version-history":[{"count":12,"href":"https:\/\/www.bildung.sachsen.de\/blog\/index.php\/wp-json\/wp\/v2\/posts\/9187\/revisions"}],"predecessor-version":[{"id":9222,"href":"https:\/\/www.bildung.sachsen.de\/blog\/index.php\/wp-json\/wp\/v2\/posts\/9187\/revisions\/9222"}],"wp:featuredmedia":[{"embeddable":true,"href":"https:\/\/www.bildung.sachsen.de\/blog\/index.php\/wp-json\/wp\/v2\/media\/9224"}],"wp:attachment":[{"href":"https:\/\/www.bildung.sachsen.de\/blog\/index.php\/wp-json\/wp\/v2\/media?parent=9187"}],"wp:term":[{"taxonomy":"category","embeddable":true,"href":"https:\/\/www.bildung.sachsen.de\/blog\/index.php\/wp-json\/wp\/v2\/categories?post=9187"},{"taxonomy":"post_tag","embeddable":true,"href":"https:\/\/www.bildung.sachsen.de\/blog\/index.php\/wp-json\/wp\/v2\/tags?post=9187"}],"curies":[{"name":"wp","href":"https:\/\/api.w.org\/{rel}","templated":true}]}}