{"id":9165,"date":"2021-06-01T09:00:57","date_gmt":"2021-06-01T07:00:57","guid":{"rendered":"http:\/\/www.bildung.sachsen.de\/blog\/?p=9165"},"modified":"2021-06-09T09:25:40","modified_gmt":"2021-06-09T07:25:40","slug":"zurueck-richtung-normalbetrieb-was-gilt-im-schulbetrieb","status":"publish","type":"post","link":"https:\/\/www.bildung.sachsen.de\/blog\/index.php\/2021\/06\/01\/zurueck-richtung-normalbetrieb-was-gilt-im-schulbetrieb\/","title":{"rendered":"Zur\u00fcck Richtung Normalbetrieb: Was gilt im Schulbetrieb?"},"content":{"rendered":"<p>Die Inzidenzen entwickeln sich im Freistaat Sachsen positiv. Was bedeutet das f\u00fcr den Schulbetrieb? Wir geben einen \u00dcberblick.<\/p>\n<p><!--more--><\/p>\n<p><strong>+++ <a href=\"https:\/\/www.bildung.sachsen.de\/blog\/index.php\/2021\/06\/08\/faq-schulbetrieb\/\">HINWEIS: Ab 14. Juni 2021 findet bei stabiler Sieben-Tage-Inzidenz unter 100 Regelbetrieb f\u00fcr alle Klassen und damit f\u00fcr alle Sch\u00fclerinnen und Sch\u00fcler statt<\/a> +++<\/strong><\/p>\n<h2>Bei welchem Inzidenzwert regelt welches Gesetz was?<\/h2>\n<p>Die Organisation des Unterrichts unterliegt <strong>bei einer Inzidenz<\/strong> <strong>ab 100 weiterhin den bundesrechtlichen<\/strong> und <strong>bei einer Inzidenz unter 100 den landesrechtlichen Regelungen<\/strong>.<\/p>\n<table>\n<tbody>\n<tr>\n<td width=\"109\"><strong>Schwellenwert der Sieben-Tage-Inzidenz<\/strong><\/td>\n<td width=\"167\"><strong>Organisation des Unterrichts<\/strong><\/td>\n<td width=\"195\"><strong>Regelungsort<\/strong><\/td>\n<\/tr>\n<tr>\n<td width=\"109\">\u00dcber 165<\/td>\n<td width=\"167\">H\u00e4usliche Lernzeit (au\u00dfer Klassenstufe vier, Abschlussklassen und Abschlussjahrg\u00e4nge sowie F\u00f6rderschulen)<\/td>\n<td width=\"195\">Bundesinfektionsschutzgesetz<\/td>\n<\/tr>\n<tr>\n<td width=\"109\">100 bis 165<\/td>\n<td width=\"167\">Wechselunterricht (au\u00dfer F\u00f6rderschulen)<\/td>\n<td width=\"195\">Bundesinfektionsschutzgesetz<\/td>\n<\/tr>\n<tr>\n<td width=\"109\">50 bis 100<\/td>\n<td width=\"167\">Eingeschr\u00e4nkter Regelbetrieb<br \/>\nPrimarstufe und F\u00f6rderschulen, Wechselunterricht weiterf\u00fchrende und berufsbildende Schulen<\/td>\n<td width=\"195\">S\u00e4chsische Corona-Schutz-Verordnung<\/td>\n<\/tr>\n<tr>\n<td width=\"109\">Unter 50<\/td>\n<td width=\"167\">Regelbetrieb unter Pandemiebedingungen<\/td>\n<td width=\"195\">S\u00e4chsische Corona-Schutz-Verordnung<\/td>\n<\/tr>\n<\/tbody>\n<\/table>\n<h2>Was bedeutet Regelbetrieb unter Pandemiebedingungen?<\/h2>\n<p>Grunds\u00e4tzlich ist ohne Beschr\u00e4nkung auf eine bestimmte Anzahl von Sch\u00fclerinnen und Sch\u00fcler bzw. feste Klassen und Gruppen Unterricht in Pr\u00e4senz in allen F\u00e4chern m\u00f6glich.<\/p>\n<h2>Welche Schutzma\u00dfnahmen bleiben bestehen?<\/h2>\n<p>Die bekannten Infektionsschutz- und Hygienema\u00dfnahmen wie zum Beispiel das Tragen von Mund-Nasen-Schutz sowie die zweimal w\u00f6chentliche Testung der Sch\u00fclerinnen und Sch\u00fcler sowie der Lehrerinnen und Lehrer in der Schule bleiben wie bisher bestehen.<\/p>\n<h2>Was gilt f\u00fcr den Schulbetrieb der unterschiedlichen Schularten ab 31. Mai 2021?<\/h2>\n<h3>Grund- und F\u00f6rderschulen<\/h3>\n<p>Ab einer Sieben-Tage-Inzidenz von <strong>unter 50 ist Regelbetrieb unter Pandemiebedingungen<\/strong> m\u00f6glich. Das hei\u00dft: Grunds\u00e4tzlich findet Unterricht in Pr\u00e4senz ohne Beschr\u00e4nkung auf feste Klassen und Gruppen statt.<\/p>\n<h3>Oberschulen<\/h3>\n<p>Ab einer Sieben-Tage-Inzidenz von <strong>unter 50 ist Regelbetrieb unter Pandemiebedingungen<\/strong> m\u00f6glich.<\/p>\n<p>Sp\u00e4testens nach Abschluss der schriftlichen Pr\u00fcfungen zum Ersttermin (9. Juni) findet \u2013 je nach Inzidenz \u2013 der Pr\u00e4senzunterricht im Wechselmodell oder im Klassenverband f\u00fcr alle Sch\u00fclerinnen und Sch\u00fcler statt.<\/p>\n<h3>Allgemeinbildende und berufliche Gymnasien<\/h3>\n<p>F\u00fcr die Jahrgangsstufen 11 und 12 bzw. 12 und 13 findet grunds\u00e4tzlich Pr\u00e4senzunterricht statt.<\/p>\n<p>Ab 7. Juni 2021 ist \u2013 je nach Inzidenz \u2013 der Pr\u00e4senzunterricht im Wechselmodell oder im Klassenverband f\u00fcr alle Sch\u00fclerinnen und Sch\u00fcler zu sichern.<\/p>\n<h3>Berufliche Schulen<\/h3>\n<h4>Berufsfachschulen<\/h4>\n<p>F\u00fcr die Abschlussklassen einschlie\u00dflich der Vorabschlussklassen in Berufsfachschulen f\u00fcr anerkannte Ausbildungsberufe sowie solchen in Gesundheitsfachberufen findet grunds\u00e4tzlich Pr\u00e4senzunterricht statt.<\/p>\n<p>Ab einer Sieben-Tage-Inzidenz von <strong>unter 50 ist Regelbetrieb unter Pandemiebedingungen<\/strong> auch f\u00fcr die weiteren Klassen zu sichern.<\/p>\n<h4>Berufsschulen<\/h4>\n<p>F\u00fcr die Abschlussklassen (einschlie\u00dflich Vorabschlussklassen, deren Sch\u00fclerinnen und Sch\u00fcler im Schuljahr 2020\/2021 am ersten Teil einer in zwei zeitlich auseinanderfallenden Teilen durchgef\u00fchrten Abschlusspr\u00fcfung teilnehmen) findet grunds\u00e4tzlich Pr\u00e4senzunterricht statt.<\/p>\n<p>Ab einer Sieben-Tage-Inzidenz von unter 50 ist Regelbetrieb f\u00fcr alle weiteren Klassen unter Pandemiebedingungen m\u00f6glich.<\/p>\n<h4>Fachoberschulen<\/h4>\n<p>F\u00fcr die Abschlussklassenstufe 12 findet grunds\u00e4tzlich Pr\u00e4senzunterricht statt.<\/p>\n<p>Ab einer Sieben-Tage-Inzidenz von unter 50 ist Regelbetrieb unter Pandemiebedingungen auch f\u00fcr die Vorabschlussklassenstufe 11 zu sichern.<\/p>\n<h4>Fachschulen<\/h4>\n<p>Pr\u00e4senzunterricht findet grunds\u00e4tzlich f\u00fcr die Abschlussklassen statt.<\/p>\n<p>Ab einer Sieben-Tage-Inzidenz von unter 50 ist Regelbetrieb f\u00fcr alle Klassen unter Pandemiebedingungen m\u00f6glich.<\/p>\n<h2>Was ist bei der Umsetzung des Unterrichts zu ber\u00fccksichtigen?<\/h2>\n<p>Das Wiederheranf\u00fchren an Strukturen des Schulalltags und die Analyse der Ergebnisse der h\u00e4uslichen Lernzeit haben bei Wiederaufnahme des Pr\u00e4senzunterrichts Priorit\u00e4t gegen\u00fcber der Lehrplanerf\u00fcllung oder der Bewertung. Die Leistungsbewertung ist im p\u00e4dagogischen Ermessen der Fachlehrkr\u00e4fte m\u00f6glich.<\/p>\n<p>In der Primarstufe steht die Sicherung der Grundlagen in den Kernf\u00e4chern (Deutsch\/Sorbisch, Mathematik, Sachunterricht, Englisch Klassenstufe 4) einschlie\u00dflich der Angebote in Vorbereitungsklassen bzw. in Deutsch als Zweitsprache bis zum Schuljahresende im Fokus. Unterricht in Musik, Kunst, Werken, Sport und Englisch Klassenstufe 3 kann grunds\u00e4tzlich laut Stundentafel stattfinden.<\/p>\n<h2>Was ist bei GTA-Angeboten zu beachten?<\/h2>\n<p>Mit der R\u00fcckkehr in den unterrichtlichen Regelbetrieb an den Schulen ist der Einsatz von au\u00dferschulischen GTA-Kr\u00e4ften wieder m\u00f6glich.<\/p>\n<p>Der Fokus sollte auf zus\u00e4tzlichen Bildungs- und F\u00f6rderangeboten liegen. Auch andere Ganztagsangebote sind m\u00f6glich. Auch au\u00dferschulische Partner zur Erf\u00fcllung pandemiebedingter Aufgaben an den Schulen herangezogen werden. Eine Modifizierung der vertraglichen Vereinbarungen ist dabei in Abh\u00e4ngigkeit des aktuellen konkreten Bedarfs an der jeweiligen Schule m\u00f6glich.<\/p>\n<h2>D\u00fcrfen Praxisberaterinnen und Praxisberater sowie Berufseinstiegsbegleiterinnen und -begleiter die Einrichtungen wieder betreten?<\/h2>\n<p>Ja. Mit Einsetzen des schulischen Regelbetriebes ist auch der Zugang f\u00fcr Praxisberaterinnen und Praxisberater an Oberschulen sowie Berufseinstiegsbegleiterinnen und Berufseinstiegsbegleiter an Oberschulen und F\u00f6rderschulen wieder m\u00f6glich.<\/p>\n<h2>D\u00fcrfen Sch\u00fclerbetriebspraktika wieder stattfinden?<\/h2>\n<p>Ja. Die Sch\u00fclerbetriebspraktika an allgemeinbildenden Schulen k\u00f6nnen mit Aufnahme des Regelbetriebs wieder stattfinden. Die Schulen entscheiden eigenverantwortlich, ob sie noch bis Schuljahresende Praktika durchf\u00fchren. Eine Pflicht zur Durchf\u00fchrung besteht nicht.<\/p>\n<h2>Kann eine feierliche Zeugnisausgabe stattfinden?<\/h2>\n<p>Eine feierliche Zeugnisausgabe, wie sie vor allem in Abschlussklassen, Abschlussjahrg\u00e4ngen und in der Klassenstufe vier der Primarstufe am Ende des Schuljahres \u00fcblich ist, kann unter Beachtung des Infektionsschutzes stattfinden.<\/p>\n<p><strong>Hinweis:<\/strong> Die M\u00f6glichkeiten und Rahmenbedingungen der Durchf\u00fchrung dieser Veranstaltungen k\u00f6nnen allerdings erst auf der Grundlage der dann g\u00fcltigen Corona-Schutz-Verordnung spezifiziert werden. Da diese Verordnung gegenw\u00e4rtig noch nicht vorliegt, sollen sich die Schulen bei der Planung und Vorbereitung der Veranstaltungen grunds\u00e4tzlich an den Vorgaben des vergangenen Schuljahres orientieren.<\/p>\n<h2>Was gilt f\u00fcr Abschluss- und Abiturb\u00e4lle?<\/h2>\n<p>Solche Veranstaltungen geh\u00f6ren zu den Schultraditionen, ihre Durchf\u00fchrung ist aber im Unterschied zu Zeugnisausgaben nicht \u00fcber Schulordnungen oder Verwaltungsvorschriften des SMK geregelt. In den meisten F\u00e4llen sind sie privatrechtlich organisiert und finden traditionell in Gastst\u00e4tten, Hotels oder anderen Event-Lokalit\u00e4ten statt. Hier ist insbesondere auf Stornoregelungen zu achten.<\/p>\n<p>Inwieweit solche Veranstaltungen durchgef\u00fchrt werden k\u00f6nnen, muss der Veranstalter auf der Grundlage der dann g\u00fcltigen Corona-Schutz-Verordnung entscheiden.<\/p>\n<h2>K\u00f6nnen Schulfahrten bzw. Exkursionen und Fahrten an au\u00dferschulische Lernorte wieder stattfinden?<\/h2>\n<p>Aktuell ist das noch nicht m\u00f6glich. Mit der ab 14. Juni 2021 geltenden Corona-Schutz-Verordnung sollen Schulfahrten f\u00fcr den Rest des Schuljahres jedoch wieder grunds\u00e4tzlich erm\u00f6glicht werden. Ziel: Schulfahrten ins Ausland sollen bis 31. Juli 2021 weiterhin nicht m\u00f6glich sein, ein- oder mehrt\u00e4gige Fahrten im Inland k\u00f6nnten unter Beachtung aller gesetzlichen Regelungen \u2013 insbesondere der vor Ort geltenden Hygienebestimmungen \u2013 dann aber wieder stattfinden, sofern sich die jeweilige Schule im Regelbetrieb befindet.<\/p>\n<p>Damit sollen insbesondere Abschlussfahrten erm\u00f6glicht werden, die zahlreichen Sch\u00fclerinnen und Sch\u00fclern nach eineinhalb Jahren au\u00dferhalb des \u00bbNormalzustandes\u00ab einen besonderen Abschied von ihrer Klasse erm\u00f6glichen sollen.<\/p>\n<p>Schulfahrten sollten vorrangig in Sachsen verwirklicht werden.<\/p>\n<p>Entsprechend den Regelungen f\u00fcr Schulfahrten im Inland sollen dann auch wieder eint\u00e4gige Unterrichtsg\u00e4nge oder Exkursionen bzw. mehrt\u00e4gige Fahrten an au\u00dferschulische Lernorte, zum Beispiel der historisch-politischen Bildung, m\u00f6glich sein.<\/p>\n<h2>Wie sieht es im Bereich Kita aus?<\/h2>\n<p>Informationen rund um den Kitabetrieb gibt es auf dem <a href=\"https:\/\/www.kita-bildungsserver.de\/\"><strong>S\u00e4chsischen Kita-Bildungsserver<\/strong><\/a>, wie die aktuellen <a href=\"https:\/\/www.kita-bildungsserver.de\/publikationen\/dokumente-zum-download\/download-starten\/?did=1583\"><strong>Handlungsempfehlungen zum Betrieb von Kitas und Kindertagespflegestellen<\/strong><\/a>.<\/p>\n<p>* Beitrag aktualisiert am 1. Juni 2021<\/p>\n","protected":false},"excerpt":{"rendered":"<p>Die Inzidenzen entwickeln sich im Freistaat Sachsen positiv. Was bedeutet das f\u00fcr den Schulbetrieb? Wir geben einen \u00dcberblick.<\/p>\n","protected":false},"author":138,"featured_media":9167,"comment_status":"closed","ping_status":"open","sticky":false,"template":"","format":"standard","meta":{"footnotes":""},"categories":[11],"tags":[610,497,567,410,409,196,608,62,607,609],"class_list":["post-9165","post","type-post","status-publish","format-standard","has-post-thumbnail","hentry","category-bildungspolitik","tag-abschluss","tag-corona","tag-corona-massnahmen","tag-ganztagesangebote","tag-gta","tag-kita","tag-praktika","tag-schule","tag-schuelerpraktika","tag-zeugnis"],"aioseo_notices":[],"_links":{"self":[{"href":"https:\/\/www.bildung.sachsen.de\/blog\/index.php\/wp-json\/wp\/v2\/posts\/9165","targetHints":{"allow":["GET"]}}],"collection":[{"href":"https:\/\/www.bildung.sachsen.de\/blog\/index.php\/wp-json\/wp\/v2\/posts"}],"about":[{"href":"https:\/\/www.bildung.sachsen.de\/blog\/index.php\/wp-json\/wp\/v2\/types\/post"}],"author":[{"embeddable":true,"href":"https:\/\/www.bildung.sachsen.de\/blog\/index.php\/wp-json\/wp\/v2\/users\/138"}],"replies":[{"embeddable":true,"href":"https:\/\/www.bildung.sachsen.de\/blog\/index.php\/wp-json\/wp\/v2\/comments?post=9165"}],"version-history":[{"count":6,"href":"https:\/\/www.bildung.sachsen.de\/blog\/index.php\/wp-json\/wp\/v2\/posts\/9165\/revisions"}],"predecessor-version":[{"id":9192,"href":"https:\/\/www.bildung.sachsen.de\/blog\/index.php\/wp-json\/wp\/v2\/posts\/9165\/revisions\/9192"}],"wp:featuredmedia":[{"embeddable":true,"href":"https:\/\/www.bildung.sachsen.de\/blog\/index.php\/wp-json\/wp\/v2\/media\/9167"}],"wp:attachment":[{"href":"https:\/\/www.bildung.sachsen.de\/blog\/index.php\/wp-json\/wp\/v2\/media?parent=9165"}],"wp:term":[{"taxonomy":"category","embeddable":true,"href":"https:\/\/www.bildung.sachsen.de\/blog\/index.php\/wp-json\/wp\/v2\/categories?post=9165"},{"taxonomy":"post_tag","embeddable":true,"href":"https:\/\/www.bildung.sachsen.de\/blog\/index.php\/wp-json\/wp\/v2\/tags?post=9165"}],"curies":[{"name":"wp","href":"https:\/\/api.w.org\/{rel}","templated":true}]}}