{"id":8325,"date":"2020-09-17T11:30:04","date_gmt":"2020-09-17T09:30:04","guid":{"rendered":"http:\/\/www.bildung.sachsen.de\/blog\/?p=8325"},"modified":"2022-12-07T12:25:24","modified_gmt":"2022-12-07T11:25:24","slug":"schultour-bildung-fuer-nachhaltige-entwicklung-gestartet","status":"publish","type":"post","link":"https:\/\/www.bildung.sachsen.de\/blog\/index.php\/2020\/09\/17\/schultour-bildung-fuer-nachhaltige-entwicklung-gestartet\/","title":{"rendered":"Schultour \u00bbBildung f\u00fcr nachhaltige Entwicklung\u00ab gestartet"},"content":{"rendered":"<p>Die Schultour \u00bbBildung f\u00fcr nachhaltige Entwicklung\u00ab (BNE) ist gestartet. Den Startschuss hat Kultusminister Christian Piwarz in G\u00f6rlitz gegeben und ein erstes BNE-Basispaket an die Oberschule Innenstadt \u00fcberreicht.<\/p>\n<p><!--more--><\/p>\n<p><img loading=\"lazy\" decoding=\"async\" class=\"size-medium wp-image-8328 alignleft\" src=\"https:\/\/www.bildung.sachsen.de\/blog\/wp-content\/uploads\/2020\/09\/DSC02055-1-300x202.jpg\" alt=\"\" width=\"300\" height=\"202\" srcset=\"https:\/\/www.bildung.sachsen.de\/blog\/wp-content\/uploads\/2020\/09\/DSC02055-1-300x202.jpg 300w, https:\/\/www.bildung.sachsen.de\/blog\/wp-content\/uploads\/2020\/09\/DSC02055-1-1600x1075.jpg 1600w, https:\/\/www.bildung.sachsen.de\/blog\/wp-content\/uploads\/2020\/09\/DSC02055-1-768x516.jpg 768w, https:\/\/www.bildung.sachsen.de\/blog\/wp-content\/uploads\/2020\/09\/DSC02055-1-1536x1032.jpg 1536w, https:\/\/www.bildung.sachsen.de\/blog\/wp-content\/uploads\/2020\/09\/DSC02055-1-2048x1377.jpg 2048w, https:\/\/www.bildung.sachsen.de\/blog\/wp-content\/uploads\/2020\/09\/DSC02055-1-1280x860.jpg 1280w\" sizes=\"auto, (max-width: 300px) 100vw, 300px\" \/>Insgesamt bekommen rund 100 Oberschulen, F\u00f6rderschulen und Gymnasien in Sachsen Starterpakete mit Ideen und Angeboten f\u00fcr den Unterricht und Schulalltag. Darin enthalten sind unter anderem ein wiederverwendbarer Stick mit BNE-Unterrichtsmaterialien, Erkl\u00e4rvideos und In<span class=\"text_exposed_show\">formationen zu den bildungspolitischen Grundlagen der BNE-Kampagne f\u00fcr Lehrerinnen und Lehrer. Jede Schule bekommt zudem einen Klassensatz mit Materialien f\u00fcr Sch\u00fclerinnen und Sch\u00fcler. Darin sind verschiedene Anregungen enthalten, welche ermuntern sollen, den eigenen Schulalltag und andere Lern- und Lebensorte im Sinne der Nachhaltigkeit kritisch zu reflektieren. <\/span><\/p>\n<div class=\"text_exposed_show\">\n<p><img loading=\"lazy\" decoding=\"async\" class=\"size-medium wp-image-8327 alignleft\" src=\"https:\/\/www.bildung.sachsen.de\/blog\/wp-content\/uploads\/2020\/09\/DSC01990-300x203.jpg\" alt=\"\" width=\"300\" height=\"203\" srcset=\"https:\/\/www.bildung.sachsen.de\/blog\/wp-content\/uploads\/2020\/09\/DSC01990-300x203.jpg 300w, https:\/\/www.bildung.sachsen.de\/blog\/wp-content\/uploads\/2020\/09\/DSC01990-1600x1085.jpg 1600w, https:\/\/www.bildung.sachsen.de\/blog\/wp-content\/uploads\/2020\/09\/DSC01990-768x521.jpg 768w, https:\/\/www.bildung.sachsen.de\/blog\/wp-content\/uploads\/2020\/09\/DSC01990-1536x1041.jpg 1536w, https:\/\/www.bildung.sachsen.de\/blog\/wp-content\/uploads\/2020\/09\/DSC01990-2048x1388.jpg 2048w, https:\/\/www.bildung.sachsen.de\/blog\/wp-content\/uploads\/2020\/09\/DSC01990-220x150.jpg 220w, https:\/\/www.bildung.sachsen.de\/blog\/wp-content\/uploads\/2020\/09\/DSC01990-1280x868.jpg 1280w\" sizes=\"auto, (max-width: 300px) 100vw, 300px\" \/>\u00bbZiel der Schultour ist es, die Schulen zu sensibilisieren und zu aktivieren, um Themen wie Globalisierung, Klima und Nachhaltigkeit noch st\u00e4rker in den Schulalltag zu integrieren. Die Kampagne liefert daf\u00fcr zahlreiche spannende Anregungen und neue Ideen\u00ab, so Piwarz. \u00bbBildung f\u00fcr nachhaltige Entwicklung ist eine Gemeinschaftsaufgabe. Auch in der Schule kann es nur gelingen, wenn Schultr\u00e4ger, Schulleitung, Lehrerinnen und Lehrer sowie Sch\u00fclerinnen und Sch\u00fcler gemeinsam an einem Strang ziehen. Es geht darum, den Gedanken nachhaltiger Bildung mit Leben zu f\u00fcllen, daf\u00fcr werben wir.\u00ab<\/p>\n<p><img loading=\"lazy\" decoding=\"async\" class=\"size-medium wp-image-8329 alignleft\" src=\"https:\/\/www.bildung.sachsen.de\/blog\/wp-content\/uploads\/2020\/09\/DSC01891-300x200.jpg\" alt=\"\" width=\"300\" height=\"200\" srcset=\"https:\/\/www.bildung.sachsen.de\/blog\/wp-content\/uploads\/2020\/09\/DSC01891-300x200.jpg 300w, https:\/\/www.bildung.sachsen.de\/blog\/wp-content\/uploads\/2020\/09\/DSC01891-1600x1067.jpg 1600w, https:\/\/www.bildung.sachsen.de\/blog\/wp-content\/uploads\/2020\/09\/DSC01891-768x512.jpg 768w, https:\/\/www.bildung.sachsen.de\/blog\/wp-content\/uploads\/2020\/09\/DSC01891-1536x1024.jpg 1536w, https:\/\/www.bildung.sachsen.de\/blog\/wp-content\/uploads\/2020\/09\/DSC01891-2048x1365.jpg 2048w, https:\/\/www.bildung.sachsen.de\/blog\/wp-content\/uploads\/2020\/09\/DSC01891-1800x1200.jpg 1800w, https:\/\/www.bildung.sachsen.de\/blog\/wp-content\/uploads\/2020\/09\/DSC01891-1280x853.jpg 1280w\" sizes=\"auto, (max-width: 300px) 100vw, 300px\" \/>Im Mittelpunkt der <a href=\"https:\/\/www.bildung.sachsen.de\/blog\/index.php\/2020\/02\/29\/kampagne-bildung-fuer-nachhaltige-entwicklung-startet\/\">landesweiten BNE-Kampagne des Kultusministeriums<\/a> steht die Online-Plattform <a href=\"http:\/\/www.bne-sachsen.de\/?fbclid=IwAR1wo04KQtanUhd-9dWgx6YKxgOajUuYtSL8wQ-hZbqEnrUcr8CX1_XBb1A\" target=\"_blank\" rel=\"noopener nofollow noreferrer\" data-ft=\"{&quot;tn&quot;:&quot;-U&quot;}\" data-lynx-mode=\"async\" data-lynx-uri=\"https:\/\/l.facebook.com\/l.php?u=http%3A%2F%2Fwww.bne-sachsen.de%2F%3Ffbclid%3DIwAR1wo04KQtanUhd-9dWgx6YKxgOajUuYtSL8wQ-hZbqEnrUcr8CX1_XBb1A&amp;h=AT20HdOalz7Mo9jhdbm9qst9fmEj91gYWmbRPc-40LglWDk31V2A5ifPUAaRfAYJf4caJ6J-2LknmaKI8MlnosiEjhih45Kma9vZHCzS5OkC4tAW7levw9gfbtsSVoPvZO2_pV5HDQzrFA2vRDlqZhBKA5LkDVefL2uulb9y1CyywzjZM_6chFZmWvMO-0B5nTgU4hRRrIfqd7HkQBWS6o7kq8u7O0ErFqhTZMEFK1JGeyRTciCIjIUww8aFE67w9cRqAR1XJ3U2YXQ9c1fP0wWmI3oB7y-iPoSHaKM2K7n4cpAKJGLDxJaDK21pveAfkqdiFk8I0f0xKcEAmgAEGlN2yY2TBuXj9Ikzs6smKo4OHpQdDkCpo4rvamZvdHh-dUaAeJhsRdDg_g3yFPHDybA_Uy06ZZkPGogxXaw1otJZ0dHndHuK0LmvNjFEoyL2xFfWRdCRekSb1dbNsc3t6AXdvIxHHJOTI6DXZuYngjWI1-yZCqqptqvid_rQtLv7SxyiT9ibtcRjt3GktXktjAhMSBuKMGZ3vvsf7rJSY7GV9a_R2Pk43wM5xgK8aYn060YFtdIE5KI8rMUII5iH_G5V3A1blRacRpjljtKOXtRC3jTzx_LYExLENLp3xjdg_SFGRRWD\">www.bne-sachsen.de.<\/a> Hier stellen \u00fcber 130 Vereine ihre Projekte und Initiativen vor, es gibt aktuelle Informationen zur BNE in Sachsen sowie Bildungsangebote und Materialien f\u00fcr den Unterricht. So k\u00f6nnen die theoretischen Lehrplaninhalte mit praktischen, inner- und au\u00dferschulischen Lernangeboten schneller und einfacher verkn\u00fcpft werden.<\/p>\n<p>Mehr Informationen zu den verschiedenen Veranstaltungen gibt es <a href=\"http:\/\/www.bne-sachsen.de\">hier<\/a>.<\/p>\n<\/div>\n","protected":false},"excerpt":{"rendered":"<p>Die Schultour \u00bbBildung f\u00fcr nachhaltige Entwicklung\u00ab (BNE) ist gestartet. Den Startschuss hat Kultusminister Christian Piwarz in G\u00f6rlitz gegeben und ein erstes BNE-Basispaket an die Oberschule Innenstadt \u00fcberreicht.<\/p>\n","protected":false},"author":138,"featured_media":7558,"comment_status":"closed","ping_status":"open","sticky":false,"template":"","format":"standard","meta":{"footnotes":""},"categories":[11,716],"tags":[367,366,541,62],"class_list":["post-8325","post","type-post","status-publish","format-standard","has-post-thumbnail","hentry","category-bildungspolitik","category-bne","tag-bildung-fuer-nachhaltige-entwicklung","tag-bne","tag-bne-sachsen","tag-schule"],"aioseo_notices":[],"_links":{"self":[{"href":"https:\/\/www.bildung.sachsen.de\/blog\/index.php\/wp-json\/wp\/v2\/posts\/8325","targetHints":{"allow":["GET"]}}],"collection":[{"href":"https:\/\/www.bildung.sachsen.de\/blog\/index.php\/wp-json\/wp\/v2\/posts"}],"about":[{"href":"https:\/\/www.bildung.sachsen.de\/blog\/index.php\/wp-json\/wp\/v2\/types\/post"}],"author":[{"embeddable":true,"href":"https:\/\/www.bildung.sachsen.de\/blog\/index.php\/wp-json\/wp\/v2\/users\/138"}],"replies":[{"embeddable":true,"href":"https:\/\/www.bildung.sachsen.de\/blog\/index.php\/wp-json\/wp\/v2\/comments?post=8325"}],"version-history":[{"count":4,"href":"https:\/\/www.bildung.sachsen.de\/blog\/index.php\/wp-json\/wp\/v2\/posts\/8325\/revisions"}],"predecessor-version":[{"id":8336,"href":"https:\/\/www.bildung.sachsen.de\/blog\/index.php\/wp-json\/wp\/v2\/posts\/8325\/revisions\/8336"}],"wp:featuredmedia":[{"embeddable":true,"href":"https:\/\/www.bildung.sachsen.de\/blog\/index.php\/wp-json\/wp\/v2\/media\/7558"}],"wp:attachment":[{"href":"https:\/\/www.bildung.sachsen.de\/blog\/index.php\/wp-json\/wp\/v2\/media?parent=8325"}],"wp:term":[{"taxonomy":"category","embeddable":true,"href":"https:\/\/www.bildung.sachsen.de\/blog\/index.php\/wp-json\/wp\/v2\/categories?post=8325"},{"taxonomy":"post_tag","embeddable":true,"href":"https:\/\/www.bildung.sachsen.de\/blog\/index.php\/wp-json\/wp\/v2\/tags?post=8325"}],"curies":[{"name":"wp","href":"https:\/\/api.w.org\/{rel}","templated":true}]}}