{"id":8272,"date":"2020-08-31T14:20:04","date_gmt":"2020-08-31T12:20:04","guid":{"rendered":"http:\/\/www.bildung.sachsen.de\/blog\/?p=8272"},"modified":"2020-09-07T15:10:38","modified_gmt":"2020-09-07T13:10:38","slug":"wie-sieht-der-schulbetrieb-im-neuen-schuljahr-2020-21-aus-kultusminister-schreibt-an-eltern","status":"publish","type":"post","link":"https:\/\/www.bildung.sachsen.de\/blog\/index.php\/2020\/08\/31\/wie-sieht-der-schulbetrieb-im-neuen-schuljahr-2020-21-aus-kultusminister-schreibt-an-eltern\/","title":{"rendered":"Wie sieht der Schulbetrieb im neuen Schuljahr 2020\/21 aus? Kultusminister schreibt an Eltern"},"content":{"rendered":"<p>In einem Brief hat sich Kultusminister Christian Piwarz an die Eltern von Sch\u00fclerinnen und Sch\u00fclern gewandt. Darin gibt er einen \u00dcberblick zu den Ma\u00dfnahmen, die im neuen Schuljahr an den s\u00e4chsischen Schulen gelten.<\/p>\n<p><!--more--><\/p>\n<p>Das Schuljahr 2020\/2021 wird von besonderen Herausforderungen begleitet sein, stellt Kultusminister Christian Piwarz in seinem Brief an die Eltern fest und wirbt gleichzeitig f\u00fcr einen Regelbetrieb unter Pandemiebedingungen. \u00bbSie wissen, wie wichtig Schule ist. Schule ist f\u00fcr Ihre Kinder Lern- und Lebensort, an dem sie mit anderen in Kontakt kommen, Freunde treffen, lernen und soziale Kompetenzen entwickeln. Kinder und Jugendliche brauchen Tagesstruktur und Normalit\u00e4t. Sie haben das Recht auf Bildung, das Recht auf die bestm\u00f6gliche Wissensvermittlung und Kompetenz\u00adentwicklung und sie brauchen ihre Freunde. Ich bin \u00fcberzeugt, dass dies nur durch den t\u00e4glichen Unterricht in der Schule vollumf\u00e4nglich gew\u00e4hrleistet werden kann\u00ab, so Kultusminister Christian Piwarz in seinem Brief an die Eltern.<\/p>\n<h2>Werden Sch\u00fclerinnen und Sch\u00fcler nach den geltenden Stundentafeln und Lehrpl\u00e4nen unterrichtet?<\/h2>\n<p>Ja. Alle Sch\u00fclerinnen und Sch\u00fcler werden in ihren Klassen und Kursen nach den geltenden Stundentafeln und Lehrpl\u00e4nen an f\u00fcnf Tagen pro Woche unterrichtet. Der Unterricht soll so normal wie m\u00f6glich gestaltet und Einschr\u00e4nkungen f\u00fcr Sch\u00fclerinnen und Sch\u00fcler auf das unbedingt notwendige Ma\u00df beschr\u00e4nkt werden.<\/p>\n<h2>Wie k\u00f6nnen m\u00f6gliche Lerndefizite aus dem vergangenen Schuljahr abgebaut werden?<\/h2>\n<p>Zur Vorbereitung des neuen Schuljahrs wurden in allen Schulen die individuellen Lernst\u00e4nde in den einzelnen F\u00e4chern erfasst. Die Lehrerinnen und Lehrer haben die Stoffverteilung f\u00fcr das neue Schuljahr entsprechend angepasst, um die relevanten Lerninhalte aufzuholen. Den Pflichtlernbereichen und dem Pflichtunterricht kommt im schulischen Leben vorerst h\u00f6chste Priorit\u00e4t zu.<\/p>\n<h2>Gilt die Schulbesuchspflicht?<\/h2>\n<p>Ja, es besteht grunds\u00e4tzlich die Schulbesuchspflicht f\u00fcr alle Sch\u00fclerinnen und Sch\u00fcler.<\/p>\n<h2>Was gilt f\u00fcr Sch\u00fclerinnen und Sch\u00fcler, die zu einer Risikogruppe geh\u00f6ren?<\/h2>\n<p>Eine Befreiung von Sch\u00fclerinnen und Sch\u00fclern vom Pr\u00e4senzunterricht aufgrund eines erheblichen gesundheitlichen Risikos ist durch ein \u00e4rztliches Attest nachzuweisen und der Schule vorzulegen. Die betroffenen Sch\u00fclerinnen und Sch\u00fcler erhalten dann ein Angebot f\u00fcr h\u00e4usliche Lernzeit.<\/p>\n<h2>Welche Hygienema\u00dfnahmen gelten?<\/h2>\n<ul>\n<li>Die Schule darf nicht von Personen betreten werden, die nachweislich mit SARS\u00adCoV-2 infiziert sind oder Symptome (Husten, Fieber, Durchfall, Erbrechen) zeigen.<\/li>\n<li>Zeigen Sch\u00fclerinnen und Sch\u00fcler an mehr als zwei Tagen hintereinander Symptome, die auf SARS-CoV-2 hinweisen, ist der Zutritt erst zwei Tage nach letztmaligem Auftreten der Symptome gestattet.<\/li>\n<li>Wer die Schule betritt, hat sich unverz\u00fcglich die H\u00e4nde gr\u00fcndlich zu waschen oder zu desinfizieren.<\/li>\n<li>Unterrichtsr\u00e4ume und regelm\u00e4\u00dfig genutzte R\u00e4ume sind t\u00e4glich mehrfach zu l\u00fcften.<\/li>\n<\/ul>\n<p>Zus\u00e4tzlich gilt das Hygienekonzept der Einrichtung.<\/p>\n<h2>Wo muss eine Mund-Nasen-Bedeckung getragen werden?<\/h2>\n<p>Das Tragen einer Mund-Nasen-Bedeckung ist f\u00fcr die Sch\u00fclerinnen und Sch\u00fcler im \u00d6PNV und damit auch im Schulbus erforderlich.<\/p>\n<p>Die Schulleiterin bzw. der Schulleiter legt im Rahmen des Hausrechts fest, in welchen Situationen im Schulgeb\u00e4ude oder auf dem Schulgel\u00e4nde eine Mund-Nasen\u00ad-Bedeckung zu tragen ist. Es besteht keine Pflicht f\u00fcr Sch\u00fclerinnen und Sch\u00fcler sowie f\u00fcr Lehrerinnen und Lehrer, eine Mund-Nasen-Bedeckung im Unterricht zu tragen. Sie kann freiwillig getragen werden.<\/p>\n<h2>Muss in den Klassenr\u00e4umen der Abstand von 1,5 Metern eingehalten werden?<\/h2>\n<p>Nein. Im Regelunterricht kann der Abstand von 1,5 Metern im Klassenzimmer nicht eingehalten werden. \u00bbIch kann verstehen, dass ein Teil der Eltern, Sch\u00fcler und Lehrkr\u00e4fte diese Lernsituation beunruhigt oder gro\u00dfe Sorge bereitet\u00ab, schreibt der Minister dazu in seinem Brief, verweist aber auf Studienergebnisse der Universit\u00e4tskliniken. Studien der <a href=\"https:\/\/www.bildung.sachsen.de\/blog\/index.php\/2020\/07\/13\/schulen-sind-nach-wiedereroeffnung-keine-hotspots-geworden\/\">Dresdner<\/a> und <a href=\"https:\/\/www.bildung.sachsen.de\/blog\/index.php\/2020\/08\/03\/schueler-wollen-wieder-in-die-schule-ergebnisse-der-leipziger-corona-schulstudie-liegen-vor\/\">Leipziger<\/a> Universit\u00e4tskliniken haben in Sachsen unabh\u00e4ngig voneinander nachgewiesen, dass sich Schulen weder vor dem Lockdown noch nach der Wiederer\u00f6ffnung zu Hotspots entwickelt haben und Kinder wenig am Infektionsgeschehen teilnehmen. Die Untersuchungen werden fortgesetzt. \u00bbWir werden auch zuk\u00fcnftig sensibel und verantwortungsbewusst Abw\u00e4gungen treffen\u00ab, sichert der Minister zu.<\/p>\n<h2>Welche weiteren Ma\u00dfnahmen gelten vor Ort?<\/h2>\n<p>Die Schulleiterinnen und Schulleiter haben gemeinsam mit ihren Lehrerkollegien das Schuljahr 2020\/2021 gut vorbereitet. Sie treffen die Entscheidungen f\u00fcr die Organisation des Schulbetriebs in der Corona-Zeit entsprechend der unterschiedlichen personellen und r\u00e4umlichen Gegebenheiten vor Ort.<\/p>\n<h2>Was passiert bei Schulschlie\u00dfungen?<\/h2>\n<p>Schulschlie\u00dfungen sind im Fall einer Versch\u00e4rfung des Infektionsgeschehens nur die allerletzte Ma\u00dfnahme. \u00dcber die einzelnen Ma\u00dfnahmen zum Infektionsschutz entscheiden grunds\u00e4tzlich die \u00f6rtlichen Gesundheits\u00e4mter der Landkreise bzw. der Kreisfreien St\u00e4dte. Unabh\u00e4ngig von den allgemeinen Fallzahlen werden die Gesundheits\u00e4mter \u00fcber die 14-t\u00e4gige Schlie\u00dfung von Schulen und Kindertagesbetreuung entscheiden, wenn sich an einer Einrichtung bzw. benachbarten Einrichtungen Infektionen konzentrieren (lokaler Hotspot). Weitere Informationen gibt es im <a href=\"https:\/\/www.bildung.sachsen.de\/blog\/index.php\/2020\/08\/03\/schule-nach-den-ferien-im-normalbetrieb-vier-stufen-plan-fuer-sachsen\/\">Vier-Stufen-Plan<\/a>.<\/p>\n<h2>Wie wird der Unterricht in Zeiten m\u00f6glicher Schulschlie\u00dfungen organisiert?<\/h2>\n<p>Das Staatsministerium f\u00fcr Kultus hat gemeinsam mit dem Landesamt f\u00fcr Schule und Bildung die <a href=\"https:\/\/www.bildung.sachsen.de\/blog\/index.php\/2020\/08\/24\/plan-b-bei-schulschliessungen\/\">zentralen digitalen Dienste des Freistaates Sachsen<\/a> f\u00fcr m\u00f6gliche Schulschlie\u00dfungen weiterentwickelt. Zus\u00e4tzliche Bildungsinhalte wie digitale Arbeitsbl\u00e4tter, interaktive Filme und Materialien zur Unterrichtsvorbereitung stehen au\u00dferdem zur Verf\u00fcgung. Auch das Informations-, Fortbildungs- und Unterst\u00fctzungsangebot f\u00fcr den digitalen Unterricht \u2013 auch auf Distanz \u2013 ist ausgebaut worden.<\/p>\n<p><a href=\"https:\/\/www.bildung.sachsen.de\/blog\/wp-content\/uploads\/2020\/08\/Elternbrief-zum-Schuljahresstart-2020.pdf\">Hier<\/a> gibt es den Elternbrief.<\/p>\n","protected":false},"excerpt":{"rendered":"<p>In einem Brief hat sich Kultusminister Christian Piwarz an die Eltern von Sch\u00fclerinnen und Sch\u00fclern gewandt. Darin gibt er einen \u00dcberblick zu den Ma\u00dfnahmen, die im neuen Schuljahr an den s\u00e4chsischen Schulen gelten.<\/p>\n","protected":false},"author":138,"featured_media":6053,"comment_status":"closed","ping_status":"open","sticky":false,"template":"","format":"standard","meta":{"footnotes":""},"categories":[11],"tags":[497,540,235,238],"class_list":["post-8272","post","type-post","status-publish","format-standard","has-post-thumbnail","hentry","category-bildungspolitik","tag-corona","tag-elternbrief","tag-kultusminister","tag-kultusminister-christian-piwarz"],"aioseo_notices":[],"_links":{"self":[{"href":"https:\/\/www.bildung.sachsen.de\/blog\/index.php\/wp-json\/wp\/v2\/posts\/8272","targetHints":{"allow":["GET"]}}],"collection":[{"href":"https:\/\/www.bildung.sachsen.de\/blog\/index.php\/wp-json\/wp\/v2\/posts"}],"about":[{"href":"https:\/\/www.bildung.sachsen.de\/blog\/index.php\/wp-json\/wp\/v2\/types\/post"}],"author":[{"embeddable":true,"href":"https:\/\/www.bildung.sachsen.de\/blog\/index.php\/wp-json\/wp\/v2\/users\/138"}],"replies":[{"embeddable":true,"href":"https:\/\/www.bildung.sachsen.de\/blog\/index.php\/wp-json\/wp\/v2\/comments?post=8272"}],"version-history":[{"count":8,"href":"https:\/\/www.bildung.sachsen.de\/blog\/index.php\/wp-json\/wp\/v2\/posts\/8272\/revisions"}],"predecessor-version":[{"id":8290,"href":"https:\/\/www.bildung.sachsen.de\/blog\/index.php\/wp-json\/wp\/v2\/posts\/8272\/revisions\/8290"}],"wp:featuredmedia":[{"embeddable":true,"href":"https:\/\/www.bildung.sachsen.de\/blog\/index.php\/wp-json\/wp\/v2\/media\/6053"}],"wp:attachment":[{"href":"https:\/\/www.bildung.sachsen.de\/blog\/index.php\/wp-json\/wp\/v2\/media?parent=8272"}],"wp:term":[{"taxonomy":"category","embeddable":true,"href":"https:\/\/www.bildung.sachsen.de\/blog\/index.php\/wp-json\/wp\/v2\/categories?post=8272"},{"taxonomy":"post_tag","embeddable":true,"href":"https:\/\/www.bildung.sachsen.de\/blog\/index.php\/wp-json\/wp\/v2\/tags?post=8272"}],"curies":[{"name":"wp","href":"https:\/\/api.w.org\/{rel}","templated":true}]}}