{"id":8116,"date":"2020-07-13T11:30:47","date_gmt":"2020-07-13T09:30:47","guid":{"rendered":"http:\/\/www.bildung.sachsen.de\/blog\/?p=8116"},"modified":"2020-07-15T14:49:07","modified_gmt":"2020-07-15T12:49:07","slug":"schulen-sind-nach-wiedereroeffnung-keine-hotspots-geworden","status":"publish","type":"post","link":"https:\/\/www.bildung.sachsen.de\/blog\/index.php\/2020\/07\/13\/schulen-sind-nach-wiedereroeffnung-keine-hotspots-geworden\/","title":{"rendered":"Schulen sind nach Wiederer\u00f6ffnung keine Hotspots geworden"},"content":{"rendered":"<p>Wie ist es um die Immunit\u00e4t gegen den Coronavirus unter Sch\u00fclern und Lehrern an Sachsens Schulen bestellt? Das wollten Mediziner des Dresdner Universit\u00e4tsklinikums Gustav Carus wissen. Nun liegen erste Ergebnisse der bislang bundesweit gr\u00f6\u00dften Corona-Schulstudie vor.<\/p>\n<p><!--more--><\/p>\n<p>Im Auftrag der Staatsregierung nahmen die Mediziner des Dresdner Uniklinikums in den Monaten Mai und Juni insgesamt 2045 Blutproben von Sch\u00fclerinnen und Sch\u00fclern sowie Lehrerinnen und Lehrern aus 13 weiterf\u00fchrenden Schulen in Dresden sowie den Landkreisen Bautzen und G\u00f6rlitz. Das Blut wurde auf Antik\u00f6rper gegen das Coronavirus untersucht. Es ist die bisher bundesweit gr\u00f6\u00dfte Studie nach der Wiederer\u00f6ffnung von Schulen. F\u00fcr die Studie wurden bewusst Sch\u00fclerinnen und Sch\u00fcler \u00fcberwiegend der achten bis elften Klassenstufen ausgew\u00e4hlt, weil sich Sch\u00fclerinnen und Sch\u00fcler dieses Alters in gr\u00f6\u00dferem Ma\u00dfe unabh\u00e4ngig von ihrem Elternhaus bewegen. Auch wurden gezielt Schulen ausgew\u00e4hlt, von denen bekannt war, dass dort vor dem Lockdown Virusinfektionen nachgewiesen worden waren. In 24 F\u00e4llen kamen die Studienteilnehmer auch aus Haushalten, in denen im Vorfeld ein Familienmitglied positiv auf den Coronavirus getestet worden war. Die nun vorliegenden ersten Studienergebnisse \u00fcberraschen in mehrerer Hinsicht.<\/p>\n<h2>Geringer Immunisierungsgrad<\/h2>\n<figure id=\"attachment_8124\" aria-describedby=\"caption-attachment-8124\" style=\"width: 300px\" class=\"wp-caption alignleft\"><img loading=\"lazy\" decoding=\"async\" class=\"size-medium wp-image-8124\" src=\"https:\/\/www.bildung.sachsen.de\/blog\/wp-content\/uploads\/2020\/07\/Prof.-Dr.-Reinhard-Berner-300x245.jpg\" alt=\"Foto: Uniklinikum Dresden\" width=\"300\" height=\"245\" srcset=\"https:\/\/www.bildung.sachsen.de\/blog\/wp-content\/uploads\/2020\/07\/Prof.-Dr.-Reinhard-Berner-300x245.jpg 300w, https:\/\/www.bildung.sachsen.de\/blog\/wp-content\/uploads\/2020\/07\/Prof.-Dr.-Reinhard-Berner-768x627.jpg 768w, https:\/\/www.bildung.sachsen.de\/blog\/wp-content\/uploads\/2020\/07\/Prof.-Dr.-Reinhard-Berner.jpg 1129w\" sizes=\"auto, (max-width: 300px) 100vw, 300px\" \/><figcaption id=\"caption-attachment-8124\" class=\"wp-caption-text\">Prof. Dr. Reinhard Berner, Foto: Uniklinikum Dresden<\/figcaption><\/figure>\n<p>Lediglich in zw\u00f6lf F\u00e4llen lie\u00dfen sich zweifelsfrei Antik\u00f6rper nachweisen. Damit f\u00e4llt der Immunisierungsgrad unter den Probanden mit 0,6 Prozent geringer aus als erwartet (siehe auch <a href=\"https:\/\/www.bildung.sachsen.de\/blog\/index.php\/2020\/05\/28\/tu-dresden-startet-studie-zur-verbreitung-des-coronavirus-an-schulen\/\">Blogbeitrag zum Start der Studie<\/a>). \u00bbDas bedeutet, dass eine stille, symptomfreie Infektion bei den von uns untersuchten Sch\u00fclerinnen und Sch\u00fclern sowie Lehrerinnen und Lehrern bislang noch seltener stattgefunden hat, als wir vermutet hatten\u00ab, so der Leiter der Studie, Prof. Reinhard Berner, Direktor der Klinik und Poliklinik f\u00fcr Kinder- und Jugendmedizin des Uni-Klinikums.<\/p>\n<h2>\u00dcbersch\u00e4tzte Dynamik der Virusverbreitung<\/h2>\n<p>Auffallend ist auch, dass in den 24 Haushalten, in denen mindestens ein Corona-Fall bekannt war, offenbar nur eine einzige Ansteckung stattgefunden hat. \u00bbDiese Untersuchungsergebnisse liefern Hinweise darauf, dass die Virus\u00fcbertragung in Familien nicht so dynamisch geschieht, wie bisher angenommen. Das w\u00fcrde auch bedeuten, dass der gr\u00f6\u00dfte Teil der Schulkinder trotz Infektionsfalls im Haushalt selbst keine Infektion durchgemacht haben. Diesen Befund muss man mitbedenken, wenn \u00fcber Ma\u00dfnahmen der Kontaktbeschr\u00e4nkung neu zu entscheiden ist\u00ab, so Klinikdirektor Reinhard Berner.<\/p>\n<h2>Schulen wurden keine Corona-Hotspots<\/h2>\n<figure id=\"attachment_8123\" aria-describedby=\"caption-attachment-8123\" style=\"width: 300px\" class=\"wp-caption alignleft\"><img loading=\"lazy\" decoding=\"async\" class=\"size-medium wp-image-8123\" src=\"https:\/\/www.bildung.sachsen.de\/blog\/wp-content\/uploads\/2020\/07\/787A0821-300x161.jpg\" alt=\"Foto: Uniklinikum Dresden\" width=\"300\" height=\"161\" srcset=\"https:\/\/www.bildung.sachsen.de\/blog\/wp-content\/uploads\/2020\/07\/787A0821-300x161.jpg 300w, https:\/\/www.bildung.sachsen.de\/blog\/wp-content\/uploads\/2020\/07\/787A0821-1600x860.jpg 1600w, https:\/\/www.bildung.sachsen.de\/blog\/wp-content\/uploads\/2020\/07\/787A0821-768x413.jpg 768w, https:\/\/www.bildung.sachsen.de\/blog\/wp-content\/uploads\/2020\/07\/787A0821-1536x826.jpg 1536w, https:\/\/www.bildung.sachsen.de\/blog\/wp-content\/uploads\/2020\/07\/787A0821-2048x1101.jpg 2048w, https:\/\/www.bildung.sachsen.de\/blog\/wp-content\/uploads\/2020\/07\/787A0821-1280x688.jpg 1280w\" sizes=\"auto, (max-width: 300px) 100vw, 300px\" \/><figcaption id=\"caption-attachment-8123\" class=\"wp-caption-text\">Foto: Uniklinikum Dresden<\/figcaption><\/figure>\n<p>In drei der untersuchten Schulen gab es best\u00e4tigte Corona-F\u00e4lle. Dennoch waren bei den Lehrerinnen und Lehrern sowie Sch\u00fclerinnen und Sch\u00fclern nicht \u00fcberdurchschnittlich mehr Antik\u00f6rper nachweisbar. \u00c4hnlich sieht es f\u00fcr die ausgew\u00e4hlte Altersgruppe der Sch\u00fclerinnen und Sch\u00fcler insgesamt aus. \u00bbWir konnten feststellen, dass sich in der Altersgruppe und in den untersuchten Schulen weder vor dem Lockdown noch nach der Wiederer\u00f6ffnung Hotspots entwickelt haben. Vier von f\u00fcnf Sch\u00fclern, also 80 Prozent, gaben dabei an, \u00fcber ihren Klassenverband und die Familie hinaus regelm\u00e4\u00dfig soziale Kontakte unterhalten zu haben. Auch das hat offenbar nicht zu einer weiteren Verbreitung des Virus gef\u00fchrt\u00ab, erkl\u00e4rte der Infektiologe Reinhard Berner.<\/p>\n<p>Die vollst\u00e4ndige Pressemitteilung zur Corona-Schulstudie gibt es <a href=\"https:\/\/www.bildung.sachsen.de\/blog\/wp-content\/uploads\/2020\/07\/PM-Coronastudie-Schule-Phase-1_200710.pdf\">hier<\/a>.<\/p>\n","protected":false},"excerpt":{"rendered":"<p>Wie ist es um die Immunit\u00e4t gegen den Coronavirus unter Sch\u00fclern und Lehrern an Sachsens Schulen bestellt? Das wollten Mediziner des Dresdner Universit\u00e4tsklinikums Gustav Carus wissen. Nun liegen erste Ergebnisse der bislang bundesweit gr\u00f6\u00dften Corona-Schulstudie vor.<\/p>\n","protected":false},"author":4,"featured_media":8117,"comment_status":"closed","ping_status":"open","sticky":false,"template":"","format":"standard","meta":{"footnotes":""},"categories":[11],"tags":[531,530,512,62,532,358],"class_list":["post-8116","post","type-post","status-publish","format-standard","has-post-thumbnail","hentry","category-bildungspolitik","tag-corna","tag-corona-studie","tag-lehrerinnen-und-lehrer","tag-schule","tag-schuelerinnen-und-schueler","tag-studie"],"aioseo_notices":[],"_links":{"self":[{"href":"https:\/\/www.bildung.sachsen.de\/blog\/index.php\/wp-json\/wp\/v2\/posts\/8116","targetHints":{"allow":["GET"]}}],"collection":[{"href":"https:\/\/www.bildung.sachsen.de\/blog\/index.php\/wp-json\/wp\/v2\/posts"}],"about":[{"href":"https:\/\/www.bildung.sachsen.de\/blog\/index.php\/wp-json\/wp\/v2\/types\/post"}],"author":[{"embeddable":true,"href":"https:\/\/www.bildung.sachsen.de\/blog\/index.php\/wp-json\/wp\/v2\/users\/4"}],"replies":[{"embeddable":true,"href":"https:\/\/www.bildung.sachsen.de\/blog\/index.php\/wp-json\/wp\/v2\/comments?post=8116"}],"version-history":[{"count":6,"href":"https:\/\/www.bildung.sachsen.de\/blog\/index.php\/wp-json\/wp\/v2\/posts\/8116\/revisions"}],"predecessor-version":[{"id":8122,"href":"https:\/\/www.bildung.sachsen.de\/blog\/index.php\/wp-json\/wp\/v2\/posts\/8116\/revisions\/8122"}],"wp:featuredmedia":[{"embeddable":true,"href":"https:\/\/www.bildung.sachsen.de\/blog\/index.php\/wp-json\/wp\/v2\/media\/8117"}],"wp:attachment":[{"href":"https:\/\/www.bildung.sachsen.de\/blog\/index.php\/wp-json\/wp\/v2\/media?parent=8116"}],"wp:term":[{"taxonomy":"category","embeddable":true,"href":"https:\/\/www.bildung.sachsen.de\/blog\/index.php\/wp-json\/wp\/v2\/categories?post=8116"},{"taxonomy":"post_tag","embeddable":true,"href":"https:\/\/www.bildung.sachsen.de\/blog\/index.php\/wp-json\/wp\/v2\/tags?post=8116"}],"curies":[{"name":"wp","href":"https:\/\/api.w.org\/{rel}","templated":true}]}}