{"id":8107,"date":"2020-07-09T11:50:09","date_gmt":"2020-07-09T09:50:09","guid":{"rendered":"http:\/\/www.bildung.sachsen.de\/blog\/?p=8107"},"modified":"2020-07-16T14:08:41","modified_gmt":"2020-07-16T12:08:41","slug":"der-saechsische-wald-kommt-in-den-hort","status":"publish","type":"post","link":"https:\/\/www.bildung.sachsen.de\/blog\/index.php\/2020\/07\/09\/der-saechsische-wald-kommt-in-den-hort\/","title":{"rendered":"Der s\u00e4chsische Wald kommt in den Hort"},"content":{"rendered":"<p>Ab in den Wald: mit dem waldp\u00e4dagogischen Projekt \u00bbDer S\u00e4chsische Wald \u2013 Mehr als nur Holz\u00ab.<\/p>\n<p><!--more--><\/p>\n<p><img loading=\"lazy\" decoding=\"async\" class=\"size-medium wp-image-8113 alignleft\" src=\"https:\/\/www.bildung.sachsen.de\/blog\/wp-content\/uploads\/2020\/07\/DSC07486-300x207.jpg\" alt=\"\" width=\"300\" height=\"207\" srcset=\"https:\/\/www.bildung.sachsen.de\/blog\/wp-content\/uploads\/2020\/07\/DSC07486-300x207.jpg 300w, https:\/\/www.bildung.sachsen.de\/blog\/wp-content\/uploads\/2020\/07\/DSC07486-1600x1106.jpg 1600w, https:\/\/www.bildung.sachsen.de\/blog\/wp-content\/uploads\/2020\/07\/DSC07486-768x531.jpg 768w, https:\/\/www.bildung.sachsen.de\/blog\/wp-content\/uploads\/2020\/07\/DSC07486-1536x1062.jpg 1536w, https:\/\/www.bildung.sachsen.de\/blog\/wp-content\/uploads\/2020\/07\/DSC07486-1280x885.jpg 1280w, https:\/\/www.bildung.sachsen.de\/blog\/wp-content\/uploads\/2020\/07\/DSC07486.jpg 1928w\" sizes=\"auto, (max-width: 300px) 100vw, 300px\" \/>In diesem Jahr bietet der Staatsbetrieb Sachsenforst zusammen mit der Schutzgemeinschaft Deutscher Wald Landesverband Sachsen e. V. das mobile waldp\u00e4dagogische Projekt \u00bbDer S\u00e4chsische Wald \u2013 Mehr als nur Holz\u00ab auch als Ferienspiele an. Im Rahmen eines vierst\u00fcndigen Waldp\u00e4dagogen-Besuchs im Hort lernen M\u00e4dchen und Jungen das Thema Wald interaktiv und methodenvielf\u00e4ltig kennen.<\/p>\n<p><img loading=\"lazy\" decoding=\"async\" class=\"size-medium wp-image-8114 alignleft\" src=\"https:\/\/www.bildung.sachsen.de\/blog\/wp-content\/uploads\/2020\/07\/DSC08052-300x200.jpg\" alt=\"\" width=\"300\" height=\"200\" srcset=\"https:\/\/www.bildung.sachsen.de\/blog\/wp-content\/uploads\/2020\/07\/DSC08052-300x200.jpg 300w, https:\/\/www.bildung.sachsen.de\/blog\/wp-content\/uploads\/2020\/07\/DSC08052-1600x1067.jpg 1600w, https:\/\/www.bildung.sachsen.de\/blog\/wp-content\/uploads\/2020\/07\/DSC08052-768x512.jpg 768w, https:\/\/www.bildung.sachsen.de\/blog\/wp-content\/uploads\/2020\/07\/DSC08052-1536x1024.jpg 1536w, https:\/\/www.bildung.sachsen.de\/blog\/wp-content\/uploads\/2020\/07\/DSC08052-1280x853.jpg 1280w, https:\/\/www.bildung.sachsen.de\/blog\/wp-content\/uploads\/2020\/07\/DSC08052.jpg 1800w\" sizes=\"auto, (max-width: 300px) 100vw, 300px\" \/>Die Sch\u00fclerinnen und Sch\u00fcler sollen die enge Verflechtung zwischen ihrem Leben und dem heimischen Wald erkennen und ein Bewusstsein f\u00fcr die Bedeutung der W\u00e4lder entwickeln. Neben wichtigen Baumarten lernen sie zum Beispiel die Bewohner des Waldes, verschiedene Waldprodukte sowie die grundlegenden Zusammenh\u00e4nge im \u00d6kosystem Wald kennen.<\/p>\n<p>Klassenstufe: Das Projekt orientiert sich am s\u00e4chsischen Lehrplan und ist bis Klassenstufe 6 m\u00f6glich.<\/p>\n<p>Gruppengr\u00f6\u00dfe: Durchf\u00fchrung an der Schule bzw. Hort oder auf dem Gel\u00e4nde mit maximal 30 Sch\u00fclerinnen und Sch\u00fclern pro Durchgang<\/p>\n<p>Hier gibt es das <a href=\"https:\/\/www.bildung.sachsen.de\/blog\/wp-content\/uploads\/2020\/07\/Formular_Anmeldung_Schulen.pdf\">Anmeldeformular<\/a>.<\/p>\n<p><strong>Hinweis: Wir bedanken uns f\u00fcr das gro\u00dfe Interesse am Projekt! Leider sind inzwischen alle Pl\u00e4tze ausgebucht.*<\/strong><\/p>\n<p>* Aktualisiert am 16. Juli 2020<\/p>\n","protected":false},"excerpt":{"rendered":"<p>Ab in den Wald: mit dem waldp\u00e4dagogischen Projekt \u00bbDer S\u00e4chsische Wald \u2013 Mehr als nur Holz\u00ab.<\/p>\n","protected":false},"author":138,"featured_media":8110,"comment_status":"open","ping_status":"open","sticky":false,"template":"","format":"standard","meta":{"footnotes":""},"categories":[11,155],"tags":[441,283,277,62,528,529],"class_list":["post-8107","post","type-post","status-publish","format-standard","has-post-thumbnail","hentry","category-bildungspolitik","category-veranstaltungen","tag-ferien","tag-hort","tag-projekt","tag-schule","tag-wald","tag-waldpaedagogik"],"aioseo_notices":[],"_links":{"self":[{"href":"https:\/\/www.bildung.sachsen.de\/blog\/index.php\/wp-json\/wp\/v2\/posts\/8107","targetHints":{"allow":["GET"]}}],"collection":[{"href":"https:\/\/www.bildung.sachsen.de\/blog\/index.php\/wp-json\/wp\/v2\/posts"}],"about":[{"href":"https:\/\/www.bildung.sachsen.de\/blog\/index.php\/wp-json\/wp\/v2\/types\/post"}],"author":[{"embeddable":true,"href":"https:\/\/www.bildung.sachsen.de\/blog\/index.php\/wp-json\/wp\/v2\/users\/138"}],"replies":[{"embeddable":true,"href":"https:\/\/www.bildung.sachsen.de\/blog\/index.php\/wp-json\/wp\/v2\/comments?post=8107"}],"version-history":[{"count":5,"href":"https:\/\/www.bildung.sachsen.de\/blog\/index.php\/wp-json\/wp\/v2\/posts\/8107\/revisions"}],"predecessor-version":[{"id":8146,"href":"https:\/\/www.bildung.sachsen.de\/blog\/index.php\/wp-json\/wp\/v2\/posts\/8107\/revisions\/8146"}],"wp:featuredmedia":[{"embeddable":true,"href":"https:\/\/www.bildung.sachsen.de\/blog\/index.php\/wp-json\/wp\/v2\/media\/8110"}],"wp:attachment":[{"href":"https:\/\/www.bildung.sachsen.de\/blog\/index.php\/wp-json\/wp\/v2\/media?parent=8107"}],"wp:term":[{"taxonomy":"category","embeddable":true,"href":"https:\/\/www.bildung.sachsen.de\/blog\/index.php\/wp-json\/wp\/v2\/categories?post=8107"},{"taxonomy":"post_tag","embeddable":true,"href":"https:\/\/www.bildung.sachsen.de\/blog\/index.php\/wp-json\/wp\/v2\/tags?post=8107"}],"curies":[{"name":"wp","href":"https:\/\/api.w.org\/{rel}","templated":true}]}}