{"id":7722,"date":"2020-04-15T20:30:02","date_gmt":"2020-04-15T18:30:02","guid":{"rendered":"http:\/\/www.bildung.sachsen.de\/blog\/?p=7722"},"modified":"2020-04-16T12:18:17","modified_gmt":"2020-04-16T10:18:17","slug":"schulen-fuer-alle-abschlussklassen-geoeffnet","status":"publish","type":"post","link":"https:\/\/www.bildung.sachsen.de\/blog\/index.php\/2020\/04\/15\/schulen-fuer-alle-abschlussklassen-geoeffnet\/","title":{"rendered":"Schulen f\u00fcr alle Abschlussklassen ge\u00f6ffnet"},"content":{"rendered":"<figure id=\"attachment_7728\" aria-describedby=\"caption-attachment-7728\" style=\"width: 864px\" class=\"wp-caption aligncenter\"><img loading=\"lazy\" decoding=\"async\" class=\" wp-image-7728\" src=\"https:\/\/www.bildung.sachsen.de\/blog\/wp-content\/uploads\/2020\/04\/AdobeStock_206335341-300x169.jpeg\" alt=\"Foto: Gorodenkoff | Adobe Stock\" width=\"864\" height=\"365\" \/><figcaption id=\"caption-attachment-7728\" class=\"wp-caption-text\">Foto: Gorodenkoff | Adobe Stock<\/figcaption><\/figure>\n<p><span style=\"mso-fareast-font-family: PMingLiU; mso-fareast-language: ZH-TW; mso-bidi-language: LAO;\">F\u00fcr die Sch\u00fclerinnen und Sch\u00fcler aller Abschlussklassen an den Gymnasien, Berufsbildenden Schulen, Oberschulen und F\u00f6rderschulen werden die Schulen nach den Osterferien wieder \u00f6ffnen. Das hat heute die Staatsregierung nach Abstimmung auf Bundesebene beschlossen.<\/span><\/p>\n<p><!--more--><\/p>\n<p><span style=\"mso-fareast-font-family: PMingLiU; mso-fareast-language: ZH-TW; mso-bidi-language: LAO;\">\u00bbWir wollen damit den Sch\u00fclerinnen und Sch\u00fclern, die kurz vor ihren Pr\u00fcfungen stehen, die Chance geben, sich auf ihren Abschluss gezielt vorzubereiten\u00ab, teilte Kultusminister Christian Piwarz mit. Ein regul\u00e4rer Unterricht findet nicht statt. Im Vordergrund stehen die <\/span><span style=\"mso-bidi-font-family: Arial;\">Vorbereitungen auf die Abschlusspr\u00fcfungen. Die Schulen werden ab dem 20. April vorerst ausschlie\u00dflich f\u00fcr das <a style=\"mso-comment-reference: HG-S_1; mso-comment-date: 20200415T1709;\">Personal<\/a><\/span> <span style=\"mso-bidi-font-family: Arial;\">ge\u00f6ffnet, welches zur Vorbereitung der Sch\u00fcler auf ihre Pr\u00fcfungen notwendig ist. Erst ab dem 22. April beginnt die eigentliche Pr\u00fcfungsvorbereitung f\u00fcr die Sch\u00fclerinnen und Sch\u00fcler.<\/span><\/p>\n<p><span style=\"mso-fareast-font-family: PMingLiU; mso-fareast-language: ZH-TW; mso-bidi-language: LAO;\">Auch die Abiturpr\u00fcfungen finden wie geplant statt. Konsultationen sind hier schon ab dem 20. April m\u00f6glich. \u00bb<\/span>Die Abiturienten haben jahrelang auf den Moment ihres Abschlusses der Hochschulreife hingearbeitet. Wir sehen uns in der Pflicht, ihnen unter den schwierigen Bedingungen ein faires und bundesweit anerkanntes Verfahren f\u00fcr die Pr\u00fcfungen zu erm\u00f6glichen. Im Interesse der Pr\u00fcflinge, bieten wir die M\u00f6glichkeit, zwischen dem ersten und zweiten Pr\u00fcfungstermin w\u00e4hlen zu k\u00f6nnen. Wer sich noch nicht ausreichend auf die Abiturpr\u00fcfung vorbereitet sieht, kann somit auf den Zweittermin ausweichen und die zus\u00e4tzliche Zeit f\u00fcr Konsultationen mit den Fachlehrern nutzen. Dass die diesj\u00e4hrigen Abiturpr\u00fcfungen nicht nur f\u00fcr die Sch\u00fclerinnen und Sch\u00fcler, sondern auch die Lehrerinnen und Lehrer eine besondere Herausforderung darstellen, ist uns bewusst\u00ab, so der Kultusminister. <span style=\"mso-fareast-font-family: 'Times New Roman'; mso-bidi-font-family: Arial; mso-fareast-language: DE;\">Die Abiturpr\u00fcfungen in Sachsen starten nach den Osterferien am 22. April mit den schriftlichen Pr\u00fcfungen in Evangelischer und Katholischer Religion. Es folgen die Pr\u00fcfungen zum Graecum (23. April) und in Physik (24. April).<\/span><\/p>\n<p>Der Minister machte zudem deutlich, dass f\u00fcr die Durchf\u00fchrung der Pr\u00fcfungen und die Pr\u00fcfungsvorbereitungen strenge Hygiene- und Abstandsregeln f\u00fcr Lehrkr\u00e4fte sowie Sch\u00fclerinnen und Sch\u00fcler gelten, um den notwendigen Infektionsschutz zu gew\u00e4hrleisten. <span style=\"mso-bidi-font-family: Arial;\">Dazu erhalten Schulen genaue Hinweise. \u00bbWir haben auch die Risikogruppen im Blick und werden entsprechende Regelungen treffen und die Schulen dar\u00fcber informieren\u00ab, betonte Piwarz. <\/span><\/p>\n<p><span style=\"mso-bidi-font-family: Arial;\">Weitere Informationen erhalten die Sch\u00fclerinnen und Sch\u00fcler in den kommenden Tagen von ihren Schulen.\u00a0<\/span><\/p>\n<p><a href=\"https:\/\/www.bildung.sachsen.de\/blog\/wp-content\/uploads\/2020\/04\/SL-Brief-OS-und-F\u00f6Sch_15042020_173546.pdf\">Schulleiterbrief an Ober- und F\u00f6rderschulen<\/a><\/p>\n<p><a href=\"https:\/\/www.bildung.sachsen.de\/blog\/wp-content\/uploads\/2020\/04\/SL-Brief-Gymn._15042020_173814.pdf\">Schulleiterbrief an allgemeinbildende und berufliche Gymnasien<\/a><\/p>\n<p><a href=\"https:\/\/www.bildung.sachsen.de\/blog\/wp-content\/uploads\/2020\/04\/SL-Brief-berufsb.-Schulen_15042020_173646.pdf\">Schulleiterbrief an berufsbildende Schulen<\/a><\/p>\n","protected":false},"excerpt":{"rendered":"<p>F\u00fcr die Sch\u00fclerinnen und Sch\u00fcler aller Abschlussklassen an den Gymnasien, Berufsbildenden Schulen, Oberschulen und F\u00f6rderschulen werden die Schulen nach den Osterferien wieder \u00f6ffnen. Das hat heute die Staatsregierung nach Abstimmung auf Bundesebene beschlossen.<\/p>\n","protected":false},"author":138,"featured_media":7728,"comment_status":"closed","ping_status":"open","sticky":false,"template":"","format":"standard","meta":{"footnotes":""},"categories":[11],"tags":[13,495,497,343],"class_list":["post-7722","post","type-post","status-publish","format-standard","has-post-thumbnail","hentry","category-bildungspolitik","tag-abitur","tag-abschlusspruefungen","tag-corona","tag-pruefungen"],"aioseo_notices":[],"_links":{"self":[{"href":"https:\/\/www.bildung.sachsen.de\/blog\/index.php\/wp-json\/wp\/v2\/posts\/7722","targetHints":{"allow":["GET"]}}],"collection":[{"href":"https:\/\/www.bildung.sachsen.de\/blog\/index.php\/wp-json\/wp\/v2\/posts"}],"about":[{"href":"https:\/\/www.bildung.sachsen.de\/blog\/index.php\/wp-json\/wp\/v2\/types\/post"}],"author":[{"embeddable":true,"href":"https:\/\/www.bildung.sachsen.de\/blog\/index.php\/wp-json\/wp\/v2\/users\/138"}],"replies":[{"embeddable":true,"href":"https:\/\/www.bildung.sachsen.de\/blog\/index.php\/wp-json\/wp\/v2\/comments?post=7722"}],"version-history":[{"count":4,"href":"https:\/\/www.bildung.sachsen.de\/blog\/index.php\/wp-json\/wp\/v2\/posts\/7722\/revisions"}],"predecessor-version":[{"id":7731,"href":"https:\/\/www.bildung.sachsen.de\/blog\/index.php\/wp-json\/wp\/v2\/posts\/7722\/revisions\/7731"}],"wp:featuredmedia":[{"embeddable":true,"href":"https:\/\/www.bildung.sachsen.de\/blog\/index.php\/wp-json\/wp\/v2\/media\/7728"}],"wp:attachment":[{"href":"https:\/\/www.bildung.sachsen.de\/blog\/index.php\/wp-json\/wp\/v2\/media?parent=7722"}],"wp:term":[{"taxonomy":"category","embeddable":true,"href":"https:\/\/www.bildung.sachsen.de\/blog\/index.php\/wp-json\/wp\/v2\/categories?post=7722"},{"taxonomy":"post_tag","embeddable":true,"href":"https:\/\/www.bildung.sachsen.de\/blog\/index.php\/wp-json\/wp\/v2\/tags?post=7722"}],"curies":[{"name":"wp","href":"https:\/\/api.w.org\/{rel}","templated":true}]}}