{"id":7708,"date":"2020-04-09T17:35:21","date_gmt":"2020-04-09T15:35:21","guid":{"rendered":"http:\/\/www.bildung.sachsen.de\/blog\/?p=7708"},"modified":"2020-04-10T15:49:21","modified_gmt":"2020-04-10T13:49:21","slug":"schueler-der-abschlussklassen-koennen-nach-den-osterferien-wieder-an-die-schulen","status":"publish","type":"post","link":"https:\/\/www.bildung.sachsen.de\/blog\/index.php\/2020\/04\/09\/schueler-der-abschlussklassen-koennen-nach-den-osterferien-wieder-an-die-schulen\/","title":{"rendered":"Sch\u00fcler der Abschlussklassen k\u00f6nnen nach den Osterferien wieder an die Schulen"},"content":{"rendered":"<p>Das s\u00e4chsische Kabinett hat heute nicht nur eine Entscheidung zu den Abiturpr\u00fcfungen getroffen. Auch Sch\u00fclerinnen und Sch\u00fcler der Abschlussklassen k\u00f6nnen nach den Osterferien die Schulen wieder besuchen.<!--more--><\/p>\n<p>Sachsens Kabinett hat entschieden, dass unter besonderer Ber\u00fccksichtigung des Infektionsschutzes nicht nur die Abiturpr\u00fcfungen an den allgemeinbildenden und Beruflichen Gymnasien in \u00f6ffentlicher und in freier Tr\u00e4gerschaft im Freistaat Sachsen wie geplant stattfinden. Gleichfalls wurde die Entscheidung getroffen, ab dem 20. April 2020 die Gymnasien sowie Ober- und F\u00f6rderschulen (mit Ausnahme des F\u00f6rderschwerpunktes geistige Entwicklung), die entsprechenden Bildungsg\u00e4nge an den Schulen des zweiten Bildungsweges und die berufsbildenden Schulen f\u00fcr die Abschlussklassen zu \u00f6ffnen.<\/p>\n<p>Die Rechtsverordnung wird kommende Woche dahingehend ge\u00e4ndert, dass der Unterricht in den Abschlussjahrg\u00e4ngen und eine Durchf\u00fchrung von Pr\u00fcfungen an allgemeinbildenden und berufsbildenden Schulen m\u00f6glich wird. Insbesondere wird dabei ber\u00fccksichtigt, dass sowohl f\u00fcr den Unterricht in den Abschlussjahrg\u00e4ngen als auch f\u00fcr Pr\u00fcfungsvorbereitung und Pr\u00fcfungsdurchf\u00fchrung die gesamten Schulgeb\u00e4ude genutzt werden k\u00f6nnen und sich nur die betreffenden Sch\u00fclerinnen und Sch\u00fcler, Lehrerinnen und Lehrer sowie sonstiges erforderliches Personal in diesem Zeitraum im Schulgeb\u00e4ude aufhalten. Das Unterrichts- und Pr\u00fcfungsgeschehen kann unter diesen Bedingungen r\u00e4umlich so entzerrt werden, dass Infektionen nach menschlichem Ermessen weitestgehend vermieden werden k\u00f6nnen.<\/p>\n<hr \/>\n<p>Liebe Leserinnen und Leser des SMK-Blogs,<\/p>\n<p>die hohen Zugriffszahlen auf diesen Beitrag und die vielen Kommentare dazu zeigen, dass Ihnen die Thematik \u00bbWiederer\u00f6ffnung der Schulen und Kitas\u00ab sehr am Herzen liegt und Sie w\u00fcnschen, dazu umfassend informiert zu werden. Ihre R\u00fcckmeldungen sch\u00e4tzen wir au\u00dferordentlich &#8211; dabei ist es zweitrangig ob sie \u00bbpro\u00ab oder \u00bbcontra\u00ab sind.<\/p>\n<p>Das SMK steht &#8211; auch \u00fcber Ostern &#8211; an Ihrer Seite um Anfragen im Blog und per Telefon-Hotline beantworten zu k\u00f6nnen.<\/p>\n<p>Dieser Blog und unsere <a href=\"https:\/\/www.coronavirus.sachsen.de\/eltern-lehrkraefte-erzieher-schueler-4144.html\">Corona-Webseite<\/a> bilden den aktuellen Sachstand ab. Zahlreiche Details werden erst nach Ostern gekl\u00e4rt und danach umgehend in die FAQ-Listen der <a href=\"https:\/\/www.coronavirus.sachsen.de\/eltern-lehrkraefte-erzieher-schueler-4144.html\">Corona-Webseite<\/a> eingebunden. Bitte haben Sie noch bis dahin Geduld.<\/p>\n","protected":false},"excerpt":{"rendered":"<p>Das s\u00e4chsische Kabinett hat heute nicht nur eine Entscheidung zu den Abiturpr\u00fcfungen getroffen. Auch Sch\u00fclerinnen und Sch\u00fcler der Abschlussklassen k\u00f6nnen nach den Osterferien die Schulen wieder besuchen.<\/p>\n","protected":false},"author":4,"featured_media":6762,"comment_status":"closed","ping_status":"open","sticky":false,"template":"","format":"standard","meta":{"footnotes":""},"categories":[11],"tags":[498,497,38],"class_list":["post-7708","post","type-post","status-publish","format-standard","has-post-thumbnail","hentry","category-bildungspolitik","tag-abschlussklassen","tag-corona","tag-schueler"],"aioseo_notices":[],"_links":{"self":[{"href":"https:\/\/www.bildung.sachsen.de\/blog\/index.php\/wp-json\/wp\/v2\/posts\/7708","targetHints":{"allow":["GET"]}}],"collection":[{"href":"https:\/\/www.bildung.sachsen.de\/blog\/index.php\/wp-json\/wp\/v2\/posts"}],"about":[{"href":"https:\/\/www.bildung.sachsen.de\/blog\/index.php\/wp-json\/wp\/v2\/types\/post"}],"author":[{"embeddable":true,"href":"https:\/\/www.bildung.sachsen.de\/blog\/index.php\/wp-json\/wp\/v2\/users\/4"}],"replies":[{"embeddable":true,"href":"https:\/\/www.bildung.sachsen.de\/blog\/index.php\/wp-json\/wp\/v2\/comments?post=7708"}],"version-history":[{"count":9,"href":"https:\/\/www.bildung.sachsen.de\/blog\/index.php\/wp-json\/wp\/v2\/posts\/7708\/revisions"}],"predecessor-version":[{"id":7719,"href":"https:\/\/www.bildung.sachsen.de\/blog\/index.php\/wp-json\/wp\/v2\/posts\/7708\/revisions\/7719"}],"wp:featuredmedia":[{"embeddable":true,"href":"https:\/\/www.bildung.sachsen.de\/blog\/index.php\/wp-json\/wp\/v2\/media\/6762"}],"wp:attachment":[{"href":"https:\/\/www.bildung.sachsen.de\/blog\/index.php\/wp-json\/wp\/v2\/media?parent=7708"}],"wp:term":[{"taxonomy":"category","embeddable":true,"href":"https:\/\/www.bildung.sachsen.de\/blog\/index.php\/wp-json\/wp\/v2\/categories?post=7708"},{"taxonomy":"post_tag","embeddable":true,"href":"https:\/\/www.bildung.sachsen.de\/blog\/index.php\/wp-json\/wp\/v2\/tags?post=7708"}],"curies":[{"name":"wp","href":"https:\/\/api.w.org\/{rel}","templated":true}]}}