{"id":7502,"date":"2020-01-23T08:40:07","date_gmt":"2020-01-23T07:40:07","guid":{"rendered":"http:\/\/www.bildung.sachsen.de\/blog\/?p=7502"},"modified":"2020-01-23T08:47:13","modified_gmt":"2020-01-23T07:47:13","slug":"sachsens-schulen-persoenlich-kennenlernen-schulmesse-laedt-ein","status":"publish","type":"post","link":"https:\/\/www.bildung.sachsen.de\/blog\/index.php\/2020\/01\/23\/sachsens-schulen-persoenlich-kennenlernen-schulmesse-laedt-ein\/","title":{"rendered":"Sachsens Schulen pers\u00f6nlich kennenlernen \u2013 Schulmesse l\u00e4dt ein"},"content":{"rendered":"<p>\u00bbWillkommen an Sachsens Schulen!\u00ab: Zur Schulmesse am 31. Januar 2020 pr\u00e4sentieren sich 50 Grund-, Ober- und F\u00f6rderschulen aus dem gesamten Freistaat an der Universit\u00e4t Leipzig und stellen ihre besonderen Profile vor.<\/p>\n<p><!--more--><\/p>\n<p><img loading=\"lazy\" decoding=\"async\" class=\"size-medium wp-image-7513 alignleft\" src=\"https:\/\/www.bildung.sachsen.de\/blog\/wp-content\/uploads\/2020\/01\/Schulmesse_Blog-300x169.png\" alt=\"\" width=\"300\" height=\"169\" srcset=\"https:\/\/www.bildung.sachsen.de\/blog\/wp-content\/uploads\/2020\/01\/Schulmesse_Blog-300x169.png 300w, https:\/\/www.bildung.sachsen.de\/blog\/wp-content\/uploads\/2020\/01\/Schulmesse_Blog-1600x902.png 1600w, https:\/\/www.bildung.sachsen.de\/blog\/wp-content\/uploads\/2020\/01\/Schulmesse_Blog-768x433.png 768w, https:\/\/www.bildung.sachsen.de\/blog\/wp-content\/uploads\/2020\/01\/Schulmesse_Blog-1536x866.png 1536w, https:\/\/www.bildung.sachsen.de\/blog\/wp-content\/uploads\/2020\/01\/Schulmesse_Blog-1280x720.png 1280w, https:\/\/www.bildung.sachsen.de\/blog\/wp-content\/uploads\/2020\/01\/Schulmesse_Blog.png 1800w\" sizes=\"auto, (max-width: 300px) 100vw, 300px\" \/>Praktikum, Referendariat oder eine sp\u00e4tere Lehrt\u00e4tigkeit? Im pers\u00f6nlichen Gespr\u00e4ch k\u00f6nnen Lehramtsstudierende aller Semester Sachsens Schulen entdecken. Informationen gibt es auch zum s\u00e4chsischen Schulsystem, zu beruflichen Entwicklungsm\u00f6glichkeiten im Schuldienst sowie zum Einstellungsverfahren und zur Verbeamtung.<\/p>\n<p>Die Messe findet von <strong>12.00 Uhr bis 14.30 Uhr<\/strong> am <strong>Campus Jahnallee<\/strong> (Sportwissenschaftliche Fakult\u00e4t, Jahnallee 59, Foyer im Haus 1) statt.<\/p>\n<p><img loading=\"lazy\" decoding=\"async\" class=\"size-medium wp-image-7505 alignleft\" src=\"https:\/\/www.bildung.sachsen.de\/blog\/wp-content\/uploads\/2020\/01\/Schulmesse_Blog-300x217.jpg\" alt=\"\" width=\"300\" height=\"217\" srcset=\"https:\/\/www.bildung.sachsen.de\/blog\/wp-content\/uploads\/2020\/01\/Schulmesse_Blog-300x217.jpg 300w, https:\/\/www.bildung.sachsen.de\/blog\/wp-content\/uploads\/2020\/01\/Schulmesse_Blog-1600x1159.jpg 1600w, https:\/\/www.bildung.sachsen.de\/blog\/wp-content\/uploads\/2020\/01\/Schulmesse_Blog-768x556.jpg 768w, https:\/\/www.bildung.sachsen.de\/blog\/wp-content\/uploads\/2020\/01\/Schulmesse_Blog-1536x1113.jpg 1536w, https:\/\/www.bildung.sachsen.de\/blog\/wp-content\/uploads\/2020\/01\/Schulmesse_Blog-1280x927.jpg 1280w, https:\/\/www.bildung.sachsen.de\/blog\/wp-content\/uploads\/2020\/01\/Schulmesse_Blog.jpg 1800w\" sizes=\"auto, (max-width: 300px) 100vw, 300px\" \/>Die Schulmesse ist eine Kooperationsveranstaltung des Zentrums f\u00fcr Lehrerbildung und Schulforschung (ZLS) der Universit\u00e4t Leipzig, der Deutschen Kinder- und Jugendstiftung Sachsen (DKJS) sowie des S\u00e4chsischen Staatsministeriums f\u00fcr Kultus.<\/p>\n<p><strong>Hinweis:<\/strong> Im Vorfeld zur Schulmesse findet von 10.00 Uhr bis 12.00 Uhr (gleicher Veranstaltungsort) eine Informationsveranstaltung des ZLS der Universit\u00e4t Leipzig f\u00fcr die Schulpraktischen Studien im Lehramt statt.<\/p>\n<p>Mehr Informationen gibt es beim <a href=\"https:\/\/www.zls.uni-leipzig.de\/\">ZLS der Universit\u00e4t Leipzig<\/a> und bei <a href=\"https:\/\/www.perspektive-land.de\/veranstaltungen\/\">Perspektive Land<\/a>.<\/p>\n","protected":false},"excerpt":{"rendered":"<p>\u00bbWillkommen an Sachsens Schulen!\u00ab: Zur Schulmesse am 31. Januar 2020 pr\u00e4sentieren sich 50 Grund-, Ober- und F\u00f6rderschulen aus dem gesamten Freistaat an der Universit\u00e4t Leipzig und stellen ihre besonderen Profile vor.<\/p>\n","protected":false},"author":138,"featured_media":7506,"comment_status":"open","ping_status":"open","sticky":false,"template":"","format":"standard","meta":{"footnotes":""},"categories":[67,155],"tags":[93,107,36,322],"class_list":["post-7502","post","type-post","status-publish","format-standard","has-post-thumbnail","hentry","category-lehrer","category-veranstaltungen","tag-lehramt","tag-lehramtsstudenten","tag-lehrer","tag-lehrer-werden-in-sachsen"],"aioseo_notices":[],"_links":{"self":[{"href":"https:\/\/www.bildung.sachsen.de\/blog\/index.php\/wp-json\/wp\/v2\/posts\/7502","targetHints":{"allow":["GET"]}}],"collection":[{"href":"https:\/\/www.bildung.sachsen.de\/blog\/index.php\/wp-json\/wp\/v2\/posts"}],"about":[{"href":"https:\/\/www.bildung.sachsen.de\/blog\/index.php\/wp-json\/wp\/v2\/types\/post"}],"author":[{"embeddable":true,"href":"https:\/\/www.bildung.sachsen.de\/blog\/index.php\/wp-json\/wp\/v2\/users\/138"}],"replies":[{"embeddable":true,"href":"https:\/\/www.bildung.sachsen.de\/blog\/index.php\/wp-json\/wp\/v2\/comments?post=7502"}],"version-history":[{"count":3,"href":"https:\/\/www.bildung.sachsen.de\/blog\/index.php\/wp-json\/wp\/v2\/posts\/7502\/revisions"}],"predecessor-version":[{"id":7514,"href":"https:\/\/www.bildung.sachsen.de\/blog\/index.php\/wp-json\/wp\/v2\/posts\/7502\/revisions\/7514"}],"wp:featuredmedia":[{"embeddable":true,"href":"https:\/\/www.bildung.sachsen.de\/blog\/index.php\/wp-json\/wp\/v2\/media\/7506"}],"wp:attachment":[{"href":"https:\/\/www.bildung.sachsen.de\/blog\/index.php\/wp-json\/wp\/v2\/media?parent=7502"}],"wp:term":[{"taxonomy":"category","embeddable":true,"href":"https:\/\/www.bildung.sachsen.de\/blog\/index.php\/wp-json\/wp\/v2\/categories?post=7502"},{"taxonomy":"post_tag","embeddable":true,"href":"https:\/\/www.bildung.sachsen.de\/blog\/index.php\/wp-json\/wp\/v2\/tags?post=7502"}],"curies":[{"name":"wp","href":"https:\/\/api.w.org\/{rel}","templated":true}]}}