{"id":7392,"date":"2019-12-04T19:30:19","date_gmt":"2019-12-04T18:30:19","guid":{"rendered":"http:\/\/www.bildung.sachsen.de\/blog\/?p=7392"},"modified":"2019-12-16T09:19:21","modified_gmt":"2019-12-16T08:19:21","slug":"medienpaedagogischer-preis-2019-neuer-sonderpreis-app-in-die-zukunft-verliehen","status":"publish","type":"post","link":"https:\/\/www.bildung.sachsen.de\/blog\/index.php\/2019\/12\/04\/medienpaedagogischer-preis-2019-neuer-sonderpreis-app-in-die-zukunft-verliehen\/","title":{"rendered":"Medienp\u00e4dagogischer Preis 2019: Neuer Sonderpreis \u00bbApp in die Zukunft\u00ab verliehen"},"content":{"rendered":"<p>Sie wollen Nachhilfe revolutionieren, aktuelle Schulinformationen schnell und einfach bereitstellen und eine Stadt-App f\u00fcr junge Menschen optimieren \u2013 daf\u00fcr wurden drei Sch\u00fcler und eine Sch\u00fclerfirma aus Sachsen erstmals mit dem Sonderpreis \u00bbApp in die Zukunft\u00ab der S\u00e4chsischen Staatsregierung beim Medienp\u00e4dagogischen Preis 2019 ausgezeichnet.<\/p>\n<p><!--more--><\/p>\n<figure id=\"attachment_7460\" aria-describedby=\"caption-attachment-7460\" style=\"width: 300px\" class=\"wp-caption alignleft\"><img loading=\"lazy\" decoding=\"async\" class=\"size-medium wp-image-7460\" src=\"https:\/\/www.bildung.sachsen.de\/blog\/wp-content\/uploads\/2019\/12\/Blog-4-300x213.jpg\" alt=\"Foto: Robert Michael\" width=\"300\" height=\"213\" srcset=\"https:\/\/www.bildung.sachsen.de\/blog\/wp-content\/uploads\/2019\/12\/Blog-4-300x213.jpg 300w, https:\/\/www.bildung.sachsen.de\/blog\/wp-content\/uploads\/2019\/12\/Blog-4-768x545.jpg 768w, https:\/\/www.bildung.sachsen.de\/blog\/wp-content\/uploads\/2019\/12\/Blog-4-1280x908.jpg 1280w, https:\/\/www.bildung.sachsen.de\/blog\/wp-content\/uploads\/2019\/12\/Blog-4.jpg 1500w\" sizes=\"auto, (max-width: 300px) 100vw, 300px\" \/><figcaption id=\"caption-attachment-7460\" class=\"wp-caption-text\">Foto: Robert Michael<\/figcaption><\/figure>\n<p>10 Preise, 5 Kategorien, 17.500 Euro \u2013 \u00bbDIGITAL \u2013 f\u00fcr ALLE!\u00ab: Im Fokus des Medienp\u00e4dagogischen Preises 2019 steht das Thema Digitalisierung. Erstmals gibt es in diesem Jahr den von der S\u00e4chsischen Staatsregierung ausgelobten Sonderpreis \u00bbApp in die Zukunft\u00ab. Pr\u00e4miert werden Apps und App-Ideen von jungen Sachsen zwischen 13 und 23 Jahren, die einen besonderen gesellschaftlichen Nutzen stiften und das t\u00e4gliche Zusammenleben kommunikativer und smarter gestalten.<\/p>\n<h2>Sonderpreis \u00bbApp in die Zukunft\u00ab: Das sind die Gewinner<\/h2>\n<h3>\u00bbTUOVU\u00ab \u2013 eine innovative App zur Vermittlung von Nachhilfe<\/h3>\n<p><strong>Platz 1: <\/strong>F\u00fcr die Entwicklung der App \u00bbTUOVU\u00ab wurden Konstantin Krauth\u00e4user (17 Jahre*) und Robert Schr\u00f6der (16 Jahre*) mit dem Sonderpreis ausgezeichnet, der mit 2000 Euro dotiert ist. Die beiden Dresdner Jugendlichen wollen mit ihrer Anwendungssoftware Nachhilfe revolutionieren und f\u00fcr junge Menschen attraktiver und \u00fcbersichtlicher machen.<\/p>\n<figure id=\"attachment_7462\" aria-describedby=\"caption-attachment-7462\" style=\"width: 239px\" class=\"wp-caption alignleft\"><img loading=\"lazy\" decoding=\"async\" class=\"size-medium wp-image-7462\" src=\"https:\/\/www.bildung.sachsen.de\/blog\/wp-content\/uploads\/2019\/12\/Blog-7-239x300.jpg\" alt=\"Foto: Robert Michael\" width=\"239\" height=\"300\" srcset=\"https:\/\/www.bildung.sachsen.de\/blog\/wp-content\/uploads\/2019\/12\/Blog-7-239x300.jpg 239w, https:\/\/www.bildung.sachsen.de\/blog\/wp-content\/uploads\/2019\/12\/Blog-7-954x1200.jpg 954w, https:\/\/www.bildung.sachsen.de\/blog\/wp-content\/uploads\/2019\/12\/Blog-7-768x966.jpg 768w, https:\/\/www.bildung.sachsen.de\/blog\/wp-content\/uploads\/2019\/12\/Blog-7-1221x1536.jpg 1221w, https:\/\/www.bildung.sachsen.de\/blog\/wp-content\/uploads\/2019\/12\/Blog-7-1628x2048.jpg 1628w, https:\/\/www.bildung.sachsen.de\/blog\/wp-content\/uploads\/2019\/12\/Blog-7-1280x1610.jpg 1280w, https:\/\/www.bildung.sachsen.de\/blog\/wp-content\/uploads\/2019\/12\/Blog-7.jpg 1800w\" sizes=\"auto, (max-width: 239px) 100vw, 239px\" \/><figcaption id=\"caption-attachment-7462\" class=\"wp-caption-text\">Foto: Robert Michael<\/figcaption><\/figure>\n<p>Nachhilfe nehmen junge Menschen oft erst dann in Anspruch, wenn es richtig \u00bbbrennt\u00ab und die Noten kippen. Dieses Problem wollen die Dresdner mit ihrer App l\u00f6sen \u2013 kosteng\u00fcnstig, flexibel, sicher und mit Spa\u00df am Lernen. Nachhilfe soll zeitgem\u00e4\u00dfer, individueller und damit f\u00fcr jeden einfach zug\u00e4nglich werden. Mit Hilfe der App \u00bbTUOVU\u00ab finden Sch\u00fclerinnen und Sch\u00fcler schnell und einfach einen passenden Nachhilfelehrer, k\u00f6nnen direkt Kontakt aufnehmen, mit ihm kommunizieren sowie \u00fcber die App bezahlen. Daf\u00fcr wird ein Protokoll erstellt. Die Sch\u00fclerinnen und Sch\u00fcler werden so mit anderen Lernenden oder Studierenden vernetzt, die als Anbieter und Nachfrager agieren k\u00f6nnen. Eine Stunde kostet nicht mehr als zehn Euro. Und: Auch die Eltern k\u00f6nnen mit der App gleich \u00fcberpr\u00fcfen lassen, ob die Stunde erfolgreich war.<\/p>\n<p>Die App gliedert sich in drei Bereiche: f\u00fcr Sch\u00fcler zum Suchen und Buchen, f\u00fcr Eltern zum Freigeben und \u00dcberpr\u00fcfen und f\u00fcr Tutoren zum Einstellen ihrer Angebote. Der Launch f\u00fcr Endanwender im App-Store wird zeitnah erwartet.<\/p>\n<p>Aus der Begr\u00fcndung der Jury:<\/p>\n<p><em>\u00bb<\/em>\u203a<em>TUOVU<\/em>\u2039<em> ist also eine App, die Menschen mit digitalen Hilfsmitteln im echten Leben zusammenbringt, um sich gegenseitig zu helfen und sieht sich als moderner Br\u00fcckenbauer zwischen Nachhilfelehrern und Sch\u00fclern, die es heutzutage gewohnt sind, mit Apps und Vergleichsportalen ihren Alltag zu organisieren. Damit ist sie ein echter Probleml\u00f6ser und widmet sich dem gesellschaftlich wichtigen Thema <\/em>\u203a<em>Wissensvermittlung<\/em>\u2039 <em>f\u00fcr eine junge Generation.\u00ab <\/em><\/p>\n<h3>\u00bbDas HGR\u00ab \u2013 die App f\u00fcr Sch\u00fcler des Humboldt-Gymnasiums in Radeberg<\/h3>\n<figure id=\"attachment_7463\" aria-describedby=\"caption-attachment-7463\" style=\"width: 300px\" class=\"wp-caption alignleft\"><img loading=\"lazy\" decoding=\"async\" class=\"size-medium wp-image-7463\" src=\"https:\/\/www.bildung.sachsen.de\/blog\/wp-content\/uploads\/2019\/12\/Blog-6-300x207.jpg\" alt=\"Foto: Robert Michael\" width=\"300\" height=\"207\" srcset=\"https:\/\/www.bildung.sachsen.de\/blog\/wp-content\/uploads\/2019\/12\/Blog-6-300x207.jpg 300w, https:\/\/www.bildung.sachsen.de\/blog\/wp-content\/uploads\/2019\/12\/Blog-6-1600x1106.jpg 1600w, https:\/\/www.bildung.sachsen.de\/blog\/wp-content\/uploads\/2019\/12\/Blog-6-768x531.jpg 768w, https:\/\/www.bildung.sachsen.de\/blog\/wp-content\/uploads\/2019\/12\/Blog-6-1536x1062.jpg 1536w, https:\/\/www.bildung.sachsen.de\/blog\/wp-content\/uploads\/2019\/12\/Blog-6-1280x885.jpg 1280w, https:\/\/www.bildung.sachsen.de\/blog\/wp-content\/uploads\/2019\/12\/Blog-6.jpg 1800w\" sizes=\"auto, (max-width: 300px) 100vw, 300px\" \/><figcaption id=\"caption-attachment-7463\" class=\"wp-caption-text\">Foto: Robert Michael<\/figcaption><\/figure>\n<p><strong>Platz 2: <\/strong>Ebenfalls f\u00fcr die Entwicklung einer App wurde Florian Stahr (19 Jahre*) mit dem Sonderpreis und 2.000 Euro geehrt. Mit \u00bbDas HGR\u00ab hat der Sch\u00fcler eine Anwendungssoftware f\u00fcr sein Gymnasium entwickelt, in der aktuelle Informationen rund um das Schulleben, den Vertretungsplan, aber auch Klausur- und Nachschreibetermine jederzeit schnell und einfach f\u00fcr alle Sch\u00fclerinnen und Sch\u00fcler sowie Lehrkr\u00e4fte abrufbar sind.<\/p>\n<p>Die App ist speziell f\u00fcr das Humboldt-Gymnasium entwickelt worden und ausschlie\u00dflich f\u00fcr diese Schule zug\u00e4nglich. Sie erf\u00fcllt alle Sicherheitsstandards. Sie kann personalisiert werden und enth\u00e4lt einen Lehrermodus. Dadurch sind Informationen gezielt filterbar. Die Anwendung \u00fcberzeugt durch ihr schlankes Design, die \u00fcbersichtliche Men\u00fc-Struktur und ihren auf das Wesentliche reduzierten Funktionsumfang. Sie soll ab 2020 als Prototyp f\u00fcr weitere Schulen in Sachsen zur Verf\u00fcgung stehen.<\/p>\n<p>Aus der Begr\u00fcndung der Jury:<\/p>\n<p><em>\u00bbBesonders \u00fcberzeugt hat die Jury das Engagement dieses einzelnen Sch\u00fclers, der mit seiner Idee zuerst den stellvertretenden Schulleiter \u00fcberzeugen musste und dann die gesamte Schule begeistert hat, die App zu verwenden und auch das Hosting im App-Store gemeinsam zu finanzieren.\u00ab <\/em><\/p>\n<h3>Jugendrubrik in der Stadt-App \u00bbWeisswass(er)leben\u00ab<\/h3>\n<figure id=\"attachment_7461\" aria-describedby=\"caption-attachment-7461\" style=\"width: 300px\" class=\"wp-caption alignleft\"><img loading=\"lazy\" decoding=\"async\" class=\"size-medium wp-image-7461\" src=\"https:\/\/www.bildung.sachsen.de\/blog\/wp-content\/uploads\/2019\/12\/Blog-2-300x192.jpg\" alt=\"Foto: Robert Michael\" width=\"300\" height=\"192\" srcset=\"https:\/\/www.bildung.sachsen.de\/blog\/wp-content\/uploads\/2019\/12\/Blog-2-300x192.jpg 300w, https:\/\/www.bildung.sachsen.de\/blog\/wp-content\/uploads\/2019\/12\/Blog-2-768x492.jpg 768w, https:\/\/www.bildung.sachsen.de\/blog\/wp-content\/uploads\/2019\/12\/Blog-2-1280x819.jpg 1280w, https:\/\/www.bildung.sachsen.de\/blog\/wp-content\/uploads\/2019\/12\/Blog-2.jpg 1500w\" sizes=\"auto, (max-width: 300px) 100vw, 300px\" \/><figcaption id=\"caption-attachment-7461\" class=\"wp-caption-text\">Foto: Robert Michael<\/figcaption><\/figure>\n<p><strong>Platz 3: <\/strong>F\u00fcr ihre App-Idee ist die Sch\u00fclerfirma aus Sch\u00fclerinnen und Sch\u00fclern der 9. Klassen der Mittelschule Schleife und der Bruno-B\u00fcrgel-Oberschule Wei\u00dfwasser ausgezeichnet worden. In Kooperation mit Station f\u00fcr Technik, Naturwissenschaften, Kunst \u2013 Wei\u00dfwasser e.V. entwickelten die Jungen und M\u00e4dchen mit Projektleiter Bernd Frommelt eine Jugendrubrik f\u00fcr die Stadt-App \u00bbWeisswass(er)leben\u00ab. Sie erhalten ein professionelles Coaching zur Weiterentwicklung der App-Idee.<\/p>\n<p>Die App-Idee der Sch\u00fclerinnen und Sch\u00fcler aus Schleife und Wei\u00dfwasser ergibt sich aus einem wahrgenommenen Problem: Die vorhandene Stadt-App \u00bbWeisswass(er)leben\u00ab beinhaltet keine Informationen, die f\u00fcr junge Menschen der Region interessant sein k\u00f6nnten. Wo gibt es Events und Partys oder Gemeinschaftsr\u00e4ume zum Feiern? Welche Sportangebote gibt es? Wo finde ich einen Ausbildungsplatz, einen Sch\u00fcler-Job bzw. ein Praktikum in Wei\u00dfwasser?<\/p>\n<p>Aus der Begr\u00fcndung der Jury:<\/p>\n<p><em>\u00bbDiese Themen m\u00f6chten die Neuntkl\u00e4ssler langfristig in die App integrieren, damit sich junge Menschen dort wiederfinden und informieren k\u00f6nnen. Gestartet wurde dazu bereits eine Ideenfindung \u00fcber Instagram. F\u00fcr die Umsetzung wurde ein Projektplan erstellt und eine Sch\u00fclerfirma gegr\u00fcndet, die die Idee in ein fertiges Produkt bringen m\u00f6chte.\u00ab <\/em><\/p>\n<figure id=\"attachment_7459\" aria-describedby=\"caption-attachment-7459\" style=\"width: 300px\" class=\"wp-caption alignleft\"><img loading=\"lazy\" decoding=\"async\" class=\"size-medium wp-image-7459\" src=\"https:\/\/www.bildung.sachsen.de\/blog\/wp-content\/uploads\/2019\/11\/Blog-5-300x200.jpg\" alt=\"Foto: Robert Michael\" width=\"300\" height=\"200\" srcset=\"https:\/\/www.bildung.sachsen.de\/blog\/wp-content\/uploads\/2019\/11\/Blog-5-300x200.jpg 300w, https:\/\/www.bildung.sachsen.de\/blog\/wp-content\/uploads\/2019\/11\/Blog-5-768x512.jpg 768w, https:\/\/www.bildung.sachsen.de\/blog\/wp-content\/uploads\/2019\/11\/Blog-5-1280x853.jpg 1280w, https:\/\/www.bildung.sachsen.de\/blog\/wp-content\/uploads\/2019\/11\/Blog-5.jpg 1500w\" sizes=\"auto, (max-width: 300px) 100vw, 300px\" \/><figcaption id=\"caption-attachment-7459\" class=\"wp-caption-text\">Foto: Robert Michael<\/figcaption><\/figure>\n<p>Neben diesen drei Preistr\u00e4gern wurden weitere sieben Medienprojekte von Kindern, Jugendlichen und Erwachsenen sowie zum Sonderthema \u00bbDigital \u2013 f\u00fcr ALLE!\u00ab ausgezeichnet. Darunter waren auch zwei inklusive Projekte, die sich f\u00fcr die mediale Teilhabe von Menschen mit k\u00f6rperlicher und geistiger Behinderung engagieren.<\/p>\n<p>Alle Gewinner in den verschiedenen Kategorien gibt es <a href=\"https:\/\/www.slm-online.de\/medienpaedagogischer_preis.html\">hier<\/a>.<\/p>\n<h2>Hintergrund<\/h2>\n<p>Der Medienp\u00e4dagogische Preis wird j\u00e4hrlich von der S\u00e4chsischen Landesanstalt f\u00fcr privaten Rundfunk und neue Medien (SLM) ausgeschrieben und seit 2006 gemeinsam mit dem S\u00e4chsischen Kultusministerium vergeben. Ausgezeichnet werden Medienprojekte, die den p\u00e4dagogischen Prozess in den Vordergrund stellen. Zum Sonderthema \u00bbDIGITAL \u2013 f\u00fcr ALLE!\u00ab wurden in diesem Jahr Medienprojekte ausgezeichnet, die Chancengleichheit anstreben und m\u00f6glichst allen Menschen in Sachsen die M\u00f6glichkeit er\u00f6ffnen, an der digitalen Medienentwicklung teilzuhaben.<\/p>\n<p>*Altersangabe zum Zeitpunkt der Bewerbung<\/p>\n","protected":false},"excerpt":{"rendered":"<p>Sie wollen Nachhilfe revolutionieren, aktuelle Schulinformationen schnell und einfach bereitstellen und eine Stadt-App f\u00fcr junge Menschen optimieren \u2013 daf\u00fcr wurden drei Sch\u00fcler und eine Sch\u00fclerfirma aus Sachsen erstmals mit dem Sonderpreis \u00bbApp in die Zukunft\u00ab der S\u00e4chsischen Staatsregierung beim Medienp\u00e4dagogischen Preis 2019 ausgezeichnet.<\/p>\n","protected":false},"author":138,"featured_media":7458,"comment_status":"closed","ping_status":"open","sticky":false,"template":"","format":"standard","meta":{"footnotes":""},"categories":[211],"tags":[115,51,117,353],"class_list":["post-7392","post","type-post","status-publish","format-standard","has-post-thumbnail","hentry","category-digitale-bildung","tag-digitale-medien","tag-medien","tag-medienbildung","tag-medienpaedagogischer-preis"],"aioseo_notices":[],"_links":{"self":[{"href":"https:\/\/www.bildung.sachsen.de\/blog\/index.php\/wp-json\/wp\/v2\/posts\/7392","targetHints":{"allow":["GET"]}}],"collection":[{"href":"https:\/\/www.bildung.sachsen.de\/blog\/index.php\/wp-json\/wp\/v2\/posts"}],"about":[{"href":"https:\/\/www.bildung.sachsen.de\/blog\/index.php\/wp-json\/wp\/v2\/types\/post"}],"author":[{"embeddable":true,"href":"https:\/\/www.bildung.sachsen.de\/blog\/index.php\/wp-json\/wp\/v2\/users\/138"}],"replies":[{"embeddable":true,"href":"https:\/\/www.bildung.sachsen.de\/blog\/index.php\/wp-json\/wp\/v2\/comments?post=7392"}],"version-history":[{"count":3,"href":"https:\/\/www.bildung.sachsen.de\/blog\/index.php\/wp-json\/wp\/v2\/posts\/7392\/revisions"}],"predecessor-version":[{"id":7467,"href":"https:\/\/www.bildung.sachsen.de\/blog\/index.php\/wp-json\/wp\/v2\/posts\/7392\/revisions\/7467"}],"wp:featuredmedia":[{"embeddable":true,"href":"https:\/\/www.bildung.sachsen.de\/blog\/index.php\/wp-json\/wp\/v2\/media\/7458"}],"wp:attachment":[{"href":"https:\/\/www.bildung.sachsen.de\/blog\/index.php\/wp-json\/wp\/v2\/media?parent=7392"}],"wp:term":[{"taxonomy":"category","embeddable":true,"href":"https:\/\/www.bildung.sachsen.de\/blog\/index.php\/wp-json\/wp\/v2\/categories?post=7392"},{"taxonomy":"post_tag","embeddable":true,"href":"https:\/\/www.bildung.sachsen.de\/blog\/index.php\/wp-json\/wp\/v2\/tags?post=7392"}],"curies":[{"name":"wp","href":"https:\/\/api.w.org\/{rel}","templated":true}]}}