{"id":3049,"date":"2016-12-22T14:39:54","date_gmt":"2016-12-22T13:39:54","guid":{"rendered":"http:\/\/www.bildung.sachsen.de\/blog\/?p=3049"},"modified":"2017-01-17T09:38:40","modified_gmt":"2017-01-17T08:38:40","slug":"wir-sind-sachsenstipendiaten","status":"publish","type":"post","link":"https:\/\/www.bildung.sachsen.de\/blog\/index.php\/2016\/12\/22\/wir-sind-sachsenstipendiaten\/","title":{"rendered":"Wir sind Sachsenstipendiaten!"},"content":{"rendered":"<figure id=\"attachment_3098\" aria-describedby=\"caption-attachment-3098\" style=\"width: 300px\" class=\"wp-caption alignright\"><img loading=\"lazy\" decoding=\"async\" class=\"wp-image-3098 size-medium\" src=\"https:\/\/www.bildung.sachsen.de\/blog\/wp-content\/uploads\/2015\/08\/IMG_2674-300x225.jpg\" alt=\"img_2674\" width=\"300\" height=\"225\" srcset=\"https:\/\/www.bildung.sachsen.de\/blog\/wp-content\/uploads\/2015\/08\/IMG_2674-300x225.jpg 300w, https:\/\/www.bildung.sachsen.de\/blog\/wp-content\/uploads\/2015\/08\/IMG_2674-768x576.jpg 768w, https:\/\/www.bildung.sachsen.de\/blog\/wp-content\/uploads\/2015\/08\/IMG_2674-94x70.jpg 94w, https:\/\/www.bildung.sachsen.de\/blog\/wp-content\/uploads\/2015\/08\/IMG_2674-600x450.jpg 600w, https:\/\/www.bildung.sachsen.de\/blog\/wp-content\/uploads\/2015\/08\/IMG_2674-900x675.jpg 900w, https:\/\/www.bildung.sachsen.de\/blog\/wp-content\/uploads\/2015\/08\/IMG_2674.jpg 1200w\" sizes=\"auto, (max-width: 300px) 100vw, 300px\" \/><figcaption id=\"caption-attachment-3098\" class=\"wp-caption-text\">Ihre Aufnahmeurkunden bekamen die Stipendiaten im alten Plenarsaal der Dreik\u00f6nigskirche.<\/figcaption><\/figure>\n<p>Jetzt ist der zweite Jahrgang gek\u00fcrt: Am Freitagabend haben das Kultusministerium und die Deutsche Kinder- und Jugendstiftung\u00a0 in Dresden f\u00fcnfzig s\u00e4chsische Nachwuchslehrer feierlich ins Sachsenstipendium aufgenommen. F\u00fcr sie gibt es unter anderem ab sofort monatlich 300 Euro. Die Veranstaltung in der Dreik\u00f6nigskirche war der offizielle Startschuss des F\u00f6rderprogramms nach einem langen Auswahlverfahren.<\/p>\n<p><!--more--><\/p>\n<p>Das Sachsenstipendium gibt es seit 2015. Damals wurde der erste Jahrgang in der Dresdner Kirche begr\u00fc\u00dft. Es richtet sich an Lehramtsstudierende, die nach ihrer Ausbildung in einer Bedarfsregion arbeiten wollen, also vor allem au\u00dferhalb der Gro\u00dfst\u00e4dte Dresden und Leipzig. Bewerben k\u00f6nnen sie sich ab dem f\u00fcnften Semester. Das Stipendium wird durch das Programm <a href=\"https:\/\/www.dkjs.de\/themen\/alle-programme\/perspektive-land\/\" target=\"_blank\">\u00bbPerspektive Land\u00ab <\/a>der Deutschen Kinder- und Jugendstiftung ideell begleitet und unterst\u00fctzt. Dazu geh\u00f6ren Seminare, Fortbildungen, eine Sommerakademie und Hospitationen.<\/p>\n<figure id=\"attachment_3097\" aria-describedby=\"caption-attachment-3097\" style=\"width: 300px\" class=\"wp-caption alignleft\"><img loading=\"lazy\" decoding=\"async\" class=\"wp-image-3097 size-medium\" src=\"https:\/\/www.bildung.sachsen.de\/blog\/wp-content\/uploads\/2015\/08\/IMG_2688-300x225.jpg\" width=\"300\" height=\"225\" srcset=\"https:\/\/www.bildung.sachsen.de\/blog\/wp-content\/uploads\/2015\/08\/IMG_2688-300x225.jpg 300w, https:\/\/www.bildung.sachsen.de\/blog\/wp-content\/uploads\/2015\/08\/IMG_2688-768x576.jpg 768w, https:\/\/www.bildung.sachsen.de\/blog\/wp-content\/uploads\/2015\/08\/IMG_2688-94x70.jpg 94w, https:\/\/www.bildung.sachsen.de\/blog\/wp-content\/uploads\/2015\/08\/IMG_2688-600x450.jpg 600w, https:\/\/www.bildung.sachsen.de\/blog\/wp-content\/uploads\/2015\/08\/IMG_2688-900x675.jpg 900w, https:\/\/www.bildung.sachsen.de\/blog\/wp-content\/uploads\/2015\/08\/IMG_2688.jpg 1200w\" sizes=\"auto, (max-width: 300px) 100vw, 300px\" \/><figcaption id=\"caption-attachment-3097\" class=\"wp-caption-text\">Fotos: Eszter Bodnar<\/figcaption><\/figure>\n<p>Johanna M\u00fcller hat am Freitagabend ihre Aufnahmeurkunde bekommen. Sie kommt aus dem Erzgebirge und will nach dem Grundschullehramts-Studium in Dresden wieder dahin zur\u00fcck. Wegen ihrer Familie und weil sie glaubt, dass es dort in Lehrerzimmern kollegialer zugeht. Sie wird Sachunterricht und Musik unterrichten. Aus ihrer eigenen Schulzeit kennt sie es noch, wenn zu wenig Lehrer da waren. Vom ersten Geld, das Sie als Stipendiatin bekommt, will sie einen Gitarrenkurs bezahlen.<\/p>\n<h2>Auch ideelles F\u00f6rderprogramm<\/h2>\n<figure id=\"attachment_3101\" aria-describedby=\"caption-attachment-3101\" style=\"width: 300px\" class=\"wp-caption alignright\"><img loading=\"lazy\" decoding=\"async\" class=\"wp-image-3101 size-medium\" src=\"https:\/\/www.bildung.sachsen.de\/blog\/wp-content\/uploads\/2015\/08\/IMG_2748-300x225.jpg\" alt=\"img_2748\" width=\"300\" height=\"225\" srcset=\"https:\/\/www.bildung.sachsen.de\/blog\/wp-content\/uploads\/2015\/08\/IMG_2748-300x225.jpg 300w, https:\/\/www.bildung.sachsen.de\/blog\/wp-content\/uploads\/2015\/08\/IMG_2748-768x576.jpg 768w, https:\/\/www.bildung.sachsen.de\/blog\/wp-content\/uploads\/2015\/08\/IMG_2748-94x70.jpg 94w, https:\/\/www.bildung.sachsen.de\/blog\/wp-content\/uploads\/2015\/08\/IMG_2748-600x450.jpg 600w, https:\/\/www.bildung.sachsen.de\/blog\/wp-content\/uploads\/2015\/08\/IMG_2748-900x675.jpg 900w, https:\/\/www.bildung.sachsen.de\/blog\/wp-content\/uploads\/2015\/08\/IMG_2748.jpg 1200w\" sizes=\"auto, (max-width: 300px) 100vw, 300px\" \/><figcaption id=\"caption-attachment-3101\" class=\"wp-caption-text\">Die orangenen Taschen gab es zur Urkunde dazu.<\/figcaption><\/figure>\n<p>Isabelle Deyzac ist auch eine der neuen Stipendiatinnen. Die 300 Euro vom Freistaat kann sie gut gebrauchen, aber viel mehr freut sich auf die Seminare mit den anderen ihres Jahrgangs, die jetzt bald losgehen. Wer aufgenommen wird, bekommt nicht nur jeden Monat die 300 Euro. Auch gemeinsame Exkursionen, Seminare an s\u00e4chsischen Unis und eine Sommerakademie sind Bestandteil der F\u00f6rderung. Ein Netzwerkprogramm soll beim Weg ins Berufsleben helfen und Ansprechpartner vermitteln.<\/p>\n<p>Eine erste Gelegenheit zum Kennenlernen gab es schon <img loading=\"lazy\" decoding=\"async\" class=\"size-medium wp-image-3099 alignright\" src=\"https:\/\/www.bildung.sachsen.de\/blog\/wp-content\/uploads\/2015\/08\/IMG_2666-300x225.jpg\" alt=\"img_2666\" width=\"300\" height=\"225\" srcset=\"https:\/\/www.bildung.sachsen.de\/blog\/wp-content\/uploads\/2015\/08\/IMG_2666-300x225.jpg 300w, https:\/\/www.bildung.sachsen.de\/blog\/wp-content\/uploads\/2015\/08\/IMG_2666-768x576.jpg 768w, https:\/\/www.bildung.sachsen.de\/blog\/wp-content\/uploads\/2015\/08\/IMG_2666-94x70.jpg 94w, https:\/\/www.bildung.sachsen.de\/blog\/wp-content\/uploads\/2015\/08\/IMG_2666-600x450.jpg 600w, https:\/\/www.bildung.sachsen.de\/blog\/wp-content\/uploads\/2015\/08\/IMG_2666-900x675.jpg 900w, https:\/\/www.bildung.sachsen.de\/blog\/wp-content\/uploads\/2015\/08\/IMG_2666.jpg 1200w\" sizes=\"auto, (max-width: 300px) 100vw, 300px\" \/>nach der Urkunden\u00fcbergabe. Denn auch der erste Jahrgang von 2015 war eingeladen. Marmitako, eine Neust\u00e4dter Reggae-Band, machte Musik. Der Name der Band ist Spanisch und bedeutet Eintopf \u2013 und der war lecker gew\u00fcrzt mit Zutaten aus Deutschland, Spanien und Kolumbien. So konnten alte und neue Stipendiaten sp\u00e4ter am Abend auch noch das Tanzbein schwingen.<\/p>\n<p>&nbsp;<\/p>\n<p>Mehr Infos zum Sachsenstipendium gibt es <a href=\"http:\/\/www.lehrerbildung.sachsen.de\/sachsenstipendium.html\" target=\"_blank\">hier. <\/a><\/p>\n","protected":false},"excerpt":{"rendered":"<p>Jetzt ist der zweite Jahrgang gek\u00fcrt: Am Freitagabend haben das Kultusministerium und die Deutsche Kinder- und Jugendstiftung\u00a0 in Dresden f\u00fcnfzig s\u00e4chsische Nachwuchslehrer feierlich ins Sachsenstipendium aufgenommen. F\u00fcr sie gibt es unter anderem ab sofort monatlich 300 Euro. Die Veranstaltung in der Dreik\u00f6nigskirche war der offizielle Startschuss des F\u00f6rderprogramms nach einem langen Auswahlverfahren.<\/p>\n","protected":false},"author":11,"featured_media":3100,"comment_status":"closed","ping_status":"open","sticky":false,"template":"","format":"standard","meta":{"footnotes":""},"categories":[67,155],"tags":[107,170,109],"class_list":["post-3049","post","type-post","status-publish","format-standard","has-post-thumbnail","hentry","category-lehrer","category-veranstaltungen","tag-lehramtsstudenten","tag-lehrerbedarf","tag-sachsenstipendium"],"aioseo_notices":[],"_links":{"self":[{"href":"https:\/\/www.bildung.sachsen.de\/blog\/index.php\/wp-json\/wp\/v2\/posts\/3049","targetHints":{"allow":["GET"]}}],"collection":[{"href":"https:\/\/www.bildung.sachsen.de\/blog\/index.php\/wp-json\/wp\/v2\/posts"}],"about":[{"href":"https:\/\/www.bildung.sachsen.de\/blog\/index.php\/wp-json\/wp\/v2\/types\/post"}],"author":[{"embeddable":true,"href":"https:\/\/www.bildung.sachsen.de\/blog\/index.php\/wp-json\/wp\/v2\/users\/11"}],"replies":[{"embeddable":true,"href":"https:\/\/www.bildung.sachsen.de\/blog\/index.php\/wp-json\/wp\/v2\/comments?post=3049"}],"version-history":[{"count":37,"href":"https:\/\/www.bildung.sachsen.de\/blog\/index.php\/wp-json\/wp\/v2\/posts\/3049\/revisions"}],"predecessor-version":[{"id":3166,"href":"https:\/\/www.bildung.sachsen.de\/blog\/index.php\/wp-json\/wp\/v2\/posts\/3049\/revisions\/3166"}],"wp:featuredmedia":[{"embeddable":true,"href":"https:\/\/www.bildung.sachsen.de\/blog\/index.php\/wp-json\/wp\/v2\/media\/3100"}],"wp:attachment":[{"href":"https:\/\/www.bildung.sachsen.de\/blog\/index.php\/wp-json\/wp\/v2\/media?parent=3049"}],"wp:term":[{"taxonomy":"category","embeddable":true,"href":"https:\/\/www.bildung.sachsen.de\/blog\/index.php\/wp-json\/wp\/v2\/categories?post=3049"},{"taxonomy":"post_tag","embeddable":true,"href":"https:\/\/www.bildung.sachsen.de\/blog\/index.php\/wp-json\/wp\/v2\/tags?post=3049"}],"curies":[{"name":"wp","href":"https:\/\/api.w.org\/{rel}","templated":true}]}}