{"id":1955,"date":"2016-08-10T11:04:49","date_gmt":"2016-08-10T09:04:49","guid":{"rendered":"http:\/\/www.bildung.sachsen.de\/blog\/?p=1955"},"modified":"2017-11-13T16:55:06","modified_gmt":"2017-11-13T15:55:06","slug":"sachsen-setzt-auf-begabte","status":"publish","type":"post","link":"https:\/\/www.bildung.sachsen.de\/blog\/index.php\/2016\/08\/10\/sachsen-setzt-auf-begabte\/","title":{"rendered":"Sachsen setzt auf Begabte"},"content":{"rendered":"<p>Begabtenf\u00f6rderung ist seit Jahren eine der St\u00e4rken des s\u00e4chsischen Schulsystems. Meist denkt man dabei zuerst an die Erfolge s\u00e4chsischer Sch\u00fcler bei den gro\u00dfen internationalen Olympiaden im Sport, in Mathematik oder in den Naturwissenschaften. Sachsens Sch\u00fcler belegen hier immer wieder Spitzenpl\u00e4tze. Aber Begabtenf\u00f6rderung zeigt sich ganz besonders im schulischen Alltag.<\/p>\n<p><!--more--><\/p>\n<p>So verf\u00fcgt Sachsen \u00fcber 24 Gymnasien mit vertiefter Ausbildung, an denen die Asse in der Musik, in den Fremdsprachen, im Sport und in den Naturwissenschaften besonders gef\u00f6rdert werden. Ebenso hat das S\u00e4chsische Landesgymnasium Sankt Afra zu Mei\u00dfen, welches mehrfach Begabte und Hochbegabte f\u00f6rdert, einen weit \u00fcber Sachsen <img loading=\"lazy\" decoding=\"async\" class=\"size-full wp-image-2001 alignright\" src=\"https:\/\/www.bildung.sachsen.de\/blog\/wp-content\/uploads\/2016\/08\/begabung_32350020_408.jpg\" alt=\"begabung_32350020_408\" width=\"408\" height=\"216\" srcset=\"https:\/\/www.bildung.sachsen.de\/blog\/wp-content\/uploads\/2016\/08\/begabung_32350020_408.jpg 408w, https:\/\/www.bildung.sachsen.de\/blog\/wp-content\/uploads\/2016\/08\/begabung_32350020_408-300x159.jpg 300w\" sizes=\"auto, (max-width: 408px) 100vw, 408px\" \/>hinausreichenden Ruf.<\/p>\n<h2>GIFTed &#8211; Netzwerk f\u00fcr Begabte<\/h2>\n<p>Begabte Sch\u00fcler und Sch\u00fclerinnen gibt es aber auch an jedem anderen Gymnasium. Hier hatte sich von 2009 bis 2016 ein Netzwerk GIFTed (zu deutsch \u00bbBegabte\u00ab) von 21 Gymnasien gebildet, welches Wege und Methoden entwickelt hat, um integrativ Begabte im Regelschulbetrieb zu f\u00f6rdern. Damit wurde dem schulpolitischen Leitsatz von Kultusministerin Kurth \u00bbJeder z\u00e4hlt!\u00ab entsprochen. Lehrerinnen und Lehrer der GIFTed-Gymnasien erhielten in diesem Zeitraum spezielle Fortbildungen und machten sich f\u00fcr den begabtengerechten Unterricht fit. Schlie\u00dflich muss sich ein modernes Schulsystem auch daran messen lassen, wie es seine Talente optimal f\u00f6rdert. Das Projekt wurde gemeinsam mit der Karg-Stiftung konzipiert, von ihr begleitet und mit insgesamt 248.000 Euro gef\u00f6rdert. 2016 wird das Projekt nun planm\u00e4\u00dfig beendet.<\/p>\n<p>Nun hei\u00dft es Bilanz zu ziehen, aber eben auch Wege zu finden, die Ergebnisse und Erkenntnisse, die in den zur\u00fcckliegenden acht Jahren gewonnen wurden, in die s\u00e4chsische Bildungslandschaft zu integrieren. So soll k\u00fcnftig eine Netzwerk von Konsultationsschulen und Kompetenzzentren die Nachhaltigkeit des Projektes sichern. Mit diesem Ziel wird am 30. und 31. August 2016 in Mei\u00dfen das Abschlusskolloquium des Netzwerkes GIFTed durchgef\u00fchrt. Zu Beginn der Veranstaltung, bei der auch der Abschlussbericht pr\u00e4sentiert wird, werden der Vorstand der KARG\u2014Stiftung und Vertreter des S\u00e4chsischen Staatsministeriums f\u00fcr Kultus die beteiligten Schulen ehren.<\/p>\n<p>Das Kultusministerium wird sich auch k\u00fcnftig vom bew\u00e4hrten Grundsatz leiten lassen: \u00bbJeder z\u00e4hlt!\u00ab\u2013 auch das begabte Kind. Gleichbehandlung von Ungleichen kann nicht der Anspruch eines modernen Bildungssystems sein. Unter der s\u00e4chsischen Pr\u00e4sidentschaft im vergangenen Jahr, hatte die Kultusministerkonferenz \u00fcbrigens eine F\u00f6rderstrategie f\u00fcr leistungsstarke Sch\u00fcler verabschiedet. Warum diese F\u00f6rderstrategie so wichtig ist, erkl\u00e4rt unser <a href=\"https:\/\/www.bildung.sachsen.de\/blog\/index.php\/2015\/12\/04\/eine-frage-der-gerechtigkeit-wir-muessen-auch-die-leistungsstarken-foerdern\/\" target=\"_blank\">Blogbeitrag<\/a> vom Dezember.<\/p>\n<p><a href=\"https:\/\/www.kmk.org\/themen\/allgemeinbildende-schulen\/individuelle-foerderung\/foerderung-leistungsstaerkere.html\" target=\"_blank\">F\u00f6rderstrategie der KMK f\u00fcr leistungsstarke Sch\u00fcler und Sch\u00fclerinnen vom Juni 2015<\/a><\/p>\n<p>&nbsp;<\/p>\n<p><span style=\"text-decoration: underline;\">Beteiligte Gymnasien am Netzwerk GIFTed<\/span><\/p>\n<p>Seit 2009 :<\/p>\n<ul>\n<li>Goethe-Gymnasium Auerbach\/Vogtland,<\/li>\n<li>Gymnasium Dresden-B\u00fchlau,<\/li>\n<li>Humboldt-Gymnasium Radeberg,<\/li>\n<li>Goethe-Gymnasium Bischofswerda,<\/li>\n<li>Lessing-Gymnasium Hoyerswerda,<\/li>\n<li>Immanuel-Kant-Schule &#8211; Gymnasium Leipzig,<\/li>\n<li>Reclam-Gymnasium Leipzig,<\/li>\n<li>Gymnasium Franziskaneum Mei\u00dfen,<\/li>\n<li>Gymnasium Dresden-Plauen,<\/li>\n<li>Sportgymnasium Dresden,<\/li>\n<li>Landesgymnasium St. Afra zu Mei\u00dfen,<\/li>\n<li>L\u00e9on-Foucault-Gymn. Hoyerswerda,<\/li>\n<li>Marie-Curie-Gymnasium Dresden,<\/li>\n<li>Geschwister-Scholl-Gymnasium L\u00f6bau,<\/li>\n<li>Wiprecht-Gymnasium Groitzsch,<\/li>\n<li>Thomas-Mann-Gymnasium Oschatz<\/li>\n<\/ul>\n<p>Seit\u00a0 2011:<\/p>\n<ul>\n<li>Martin Andersen Nex\u00f6 Gymnasium Dresden,<\/li>\n<li>Landesgymnasium f\u00fcr Musik Carl \u2013Maria v. Weber,<\/li>\n<li>Wilhelm Oswald Gymnasium Leipzig,<\/li>\n<li>Romain Rolland Gymnasium Dresden,<\/li>\n<li>Gymnasium St. Augustin Grimma<\/li>\n<\/ul>\n","protected":false},"excerpt":{"rendered":"<p>Begabtenf\u00f6rderung ist seit Jahren eine der St\u00e4rken des s\u00e4chsischen Schulsystems. Meist denkt man dabei zuerst an die Erfolge s\u00e4chsischer Sch\u00fcler bei den gro\u00dfen internationalen Olympiaden im Sport, in Mathematik oder in den Naturwissenschaften. Sachsens Sch\u00fcler belegen hier immer wieder Spitzenpl\u00e4tze. Aber Begabtenf\u00f6rderung zeigt sich ganz besonders im schulischen Alltag.<\/p>\n","protected":false},"author":8,"featured_media":0,"comment_status":"closed","ping_status":"open","sticky":false,"template":"","format":"standard","meta":{"footnotes":""},"categories":[11],"tags":[113,14],"class_list":["post-1955","post","type-post","status-publish","format-standard","hentry","category-bildungspolitik","tag-begabtenfoerderung","tag-gymnasium"],"aioseo_notices":[],"_links":{"self":[{"href":"https:\/\/www.bildung.sachsen.de\/blog\/index.php\/wp-json\/wp\/v2\/posts\/1955","targetHints":{"allow":["GET"]}}],"collection":[{"href":"https:\/\/www.bildung.sachsen.de\/blog\/index.php\/wp-json\/wp\/v2\/posts"}],"about":[{"href":"https:\/\/www.bildung.sachsen.de\/blog\/index.php\/wp-json\/wp\/v2\/types\/post"}],"author":[{"embeddable":true,"href":"https:\/\/www.bildung.sachsen.de\/blog\/index.php\/wp-json\/wp\/v2\/users\/8"}],"replies":[{"embeddable":true,"href":"https:\/\/www.bildung.sachsen.de\/blog\/index.php\/wp-json\/wp\/v2\/comments?post=1955"}],"version-history":[{"count":15,"href":"https:\/\/www.bildung.sachsen.de\/blog\/index.php\/wp-json\/wp\/v2\/posts\/1955\/revisions"}],"predecessor-version":[{"id":2018,"href":"https:\/\/www.bildung.sachsen.de\/blog\/index.php\/wp-json\/wp\/v2\/posts\/1955\/revisions\/2018"}],"wp:attachment":[{"href":"https:\/\/www.bildung.sachsen.de\/blog\/index.php\/wp-json\/wp\/v2\/media?parent=1955"}],"wp:term":[{"taxonomy":"category","embeddable":true,"href":"https:\/\/www.bildung.sachsen.de\/blog\/index.php\/wp-json\/wp\/v2\/categories?post=1955"},{"taxonomy":"post_tag","embeddable":true,"href":"https:\/\/www.bildung.sachsen.de\/blog\/index.php\/wp-json\/wp\/v2\/tags?post=1955"}],"curies":[{"name":"wp","href":"https:\/\/api.w.org\/{rel}","templated":true}]}}