{"id":13044,"date":"2026-09-03T18:20:32","date_gmt":"2026-09-03T16:20:32","guid":{"rendered":"https:\/\/www.bildung.sachsen.de\/blog\/?p=13044"},"modified":"2026-09-03T18:21:21","modified_gmt":"2026-09-03T16:21:21","slug":"sechs-jahre-begabungsfoerderung","status":"publish","type":"post","link":"https:\/\/www.bildung.sachsen.de\/blog\/index.php\/2026\/09\/03\/sechs-jahre-begabungsfoerderung\/","title":{"rendered":"Sechs Jahre Begabungsf\u00f6rderung \u2013 Sachsen st\u00e4rkt F\u00f6rderung f\u00fcr besonders begabte Kinder und Jugendliche"},"content":{"rendered":"\n<p class=\"wp-block-paragraph\">Das gemeinsame Projekt \u00bbKarg Campus Kita &amp; Schule Sachsen\u00ab des Kultusministeriums und der Karg-Stiftung verfolgt das Ziel, die F\u00f6rderung besonders begabter Kinder und Jugendlicher auszubauen. Was im Herbst 2020 in einer f\u00fcr Bildungseinrichtungen au\u00dfergew\u00f6hnlich herausfordernden Zeit begann, zieht nun Bilanz.<\/p>\n\n\n\n<!--more-->\n\n\n\n<p class=\"wp-block-paragraph\">Ziel des Projektes war es, Begabung durchg\u00e4ngig und systematisch von der Kita bis zum Abitur zu f\u00f6rdern \u2013 und damit mehr Bildungsgerechtigkeit f\u00fcr junge Menschen im Freistaat Sachsen zu erm\u00f6glichen. Sechs Jahre lang entwickelten f\u00fcnf Kitas, f\u00fcnf Grundschulen und f\u00fcnf Gymnasien in Sachsen die Begabungs- und Begabtenf\u00f6rderung in und zwischen ihren Einrichtungen weiter. K\u00fcnftig geben die Konsultationszentren ihre Erfahrungen an andere Kitas und Schulen in ihrer Region weiter.<\/p>\n\n\n\n<figure class=\"wp-block-gallery has-nested-images columns-default is-cropped wp-block-gallery-1 is-layout-flex wp-block-gallery-is-layout-flex\">\n<figure class=\"wp-block-image size-large\"><img loading=\"lazy\" decoding=\"async\" width=\"800\" height=\"1200\" data-id=\"13046\" src=\"https:\/\/www.bildung.sachsen.de\/blog\/wp-content\/uploads\/2026\/09\/SMK01976-800x1200.jpg\" alt=\"\" class=\"wp-image-13046\" srcset=\"https:\/\/www.bildung.sachsen.de\/blog\/wp-content\/uploads\/2026\/09\/SMK01976-800x1200.jpg 800w, https:\/\/www.bildung.sachsen.de\/blog\/wp-content\/uploads\/2026\/09\/SMK01976-200x300.jpg 200w, https:\/\/www.bildung.sachsen.de\/blog\/wp-content\/uploads\/2026\/09\/SMK01976-768x1152.jpg 768w, https:\/\/www.bildung.sachsen.de\/blog\/wp-content\/uploads\/2026\/09\/SMK01976-1024x1536.jpg 1024w, https:\/\/www.bildung.sachsen.de\/blog\/wp-content\/uploads\/2026\/09\/SMK01976-1365x2048.jpg 1365w, https:\/\/www.bildung.sachsen.de\/blog\/wp-content\/uploads\/2026\/09\/SMK01976-scaled.jpg 1707w\" sizes=\"auto, (max-width: 800px) 100vw, 800px\" \/><\/figure>\n\n\n\n<figure class=\"wp-block-image size-large\"><img loading=\"lazy\" decoding=\"async\" width=\"800\" height=\"1200\" data-id=\"13048\" src=\"https:\/\/www.bildung.sachsen.de\/blog\/wp-content\/uploads\/2026\/09\/SMK01982-800x1200.jpg\" alt=\"\" class=\"wp-image-13048\" srcset=\"https:\/\/www.bildung.sachsen.de\/blog\/wp-content\/uploads\/2026\/09\/SMK01982-800x1200.jpg 800w, https:\/\/www.bildung.sachsen.de\/blog\/wp-content\/uploads\/2026\/09\/SMK01982-200x300.jpg 200w, https:\/\/www.bildung.sachsen.de\/blog\/wp-content\/uploads\/2026\/09\/SMK01982-768x1152.jpg 768w, https:\/\/www.bildung.sachsen.de\/blog\/wp-content\/uploads\/2026\/09\/SMK01982-1024x1536.jpg 1024w, https:\/\/www.bildung.sachsen.de\/blog\/wp-content\/uploads\/2026\/09\/SMK01982-1365x2048.jpg 1365w, https:\/\/www.bildung.sachsen.de\/blog\/wp-content\/uploads\/2026\/09\/SMK01982-scaled.jpg 1707w\" sizes=\"auto, (max-width: 800px) 100vw, 800px\" \/><\/figure>\n\n\n\n<figure class=\"wp-block-image size-large\"><img loading=\"lazy\" decoding=\"async\" width=\"800\" height=\"1200\" data-id=\"13047\" src=\"https:\/\/www.bildung.sachsen.de\/blog\/wp-content\/uploads\/2026\/09\/SMK02006-800x1200.jpg\" alt=\"\" class=\"wp-image-13047\" srcset=\"https:\/\/www.bildung.sachsen.de\/blog\/wp-content\/uploads\/2026\/09\/SMK02006-800x1200.jpg 800w, https:\/\/www.bildung.sachsen.de\/blog\/wp-content\/uploads\/2026\/09\/SMK02006-200x300.jpg 200w, https:\/\/www.bildung.sachsen.de\/blog\/wp-content\/uploads\/2026\/09\/SMK02006-768x1152.jpg 768w, https:\/\/www.bildung.sachsen.de\/blog\/wp-content\/uploads\/2026\/09\/SMK02006-1024x1536.jpg 1024w, https:\/\/www.bildung.sachsen.de\/blog\/wp-content\/uploads\/2026\/09\/SMK02006-1365x2048.jpg 1365w, https:\/\/www.bildung.sachsen.de\/blog\/wp-content\/uploads\/2026\/09\/SMK02006-scaled.jpg 1707w\" sizes=\"auto, (max-width: 800px) 100vw, 800px\" \/><\/figure>\n<\/figure>\n\n\n\n<p class=\"wp-block-paragraph\">\u00bbChancengleichheit bedeutet auch, die unterschiedlichen Begabungen von Kindern und Jugendlichen zu erkennen und ihnen die M\u00f6glichkeit zu geben, ihre Potenziale zu entfalten. Mit dem Karg Campus Kita und Schule Sachsen haben wir das Personal an unseren Einrichtungen gezielt geschult und Kitas und Schulen besser miteinander vernetzt. Die neuen Konsultationszentren tragen dazu bei, dass die gewonnenen Erfahrungen k\u00fcnftig noch mehr Kindern und Jugendlichen in Sachsen zugutekommen\u00ab, so Kultusminister Conrad Clemens.<\/p>\n\n\n\n<h2 class=\"wp-block-heading\">Begabung gezielt von der Kita bis zum Abitur f\u00f6rdern: Ergebnisse und Ausblick<\/h2>\n\n\n\n<p class=\"wp-block-paragraph\">In den vergangenen sechs Jahren haben sich jeweils f\u00fcnf Kitas, Grundschulen und Gymnasien an Projektstandorten in Leipzig, Dresden, Chemnitz, Radeberg und G\u00f6rlitz\/Sch\u00f6pstal\/L\u00f6bau intensiv mit der Frage besch\u00e4ftigt, wie hochbegabte Kinder entlang der Bildungskette an \u00dcberg\u00e4ngen in ihren Begabungen wahrgenommen und gef\u00f6rdert werden k\u00f6nnen.<\/p>\n\n\n\n<p class=\"wp-block-paragraph\">Aus einzelnen Projekten ist nicht nur ein weitl\u00e4ufiges <strong>Netzwerk der Begabungs- und Begabtenf\u00f6rderung<\/strong> geworden. Entstanden sind zudem <strong>f\u00fcnf qualifizierte<\/strong> <strong>Konsultationseinrichtungen der Begabungs- und Begabtenf\u00f6rderung<\/strong>. Sie geben ihr Wissen und ihre Erfahrungen als Einzeleinrichtung, aber auch in gemeinsam gestalteten Workshops an andere interessierte Einrichtungen weiter. Damit wirkt die im Projekt aufgebaute Expertise \u00fcber die einzelnen Standorte hinaus. Die Zusammenarbeit von fr\u00fcher Bildung und Schule tr\u00e4gt dazu bei, dass junge Menschen in ihren Begabungen erkannt, anerkannt und angemessen gef\u00f6rdert werden.<\/p>\n\n\n\n<figure class=\"wp-block-gallery has-nested-images columns-default is-cropped wp-block-gallery-2 is-layout-flex wp-block-gallery-is-layout-flex\">\n<figure class=\"wp-block-image size-large\"><img loading=\"lazy\" decoding=\"async\" width=\"800\" height=\"1200\" data-id=\"13050\" src=\"https:\/\/www.bildung.sachsen.de\/blog\/wp-content\/uploads\/2026\/09\/SMK01965-1-800x1200.jpg\" alt=\"\" class=\"wp-image-13050\" srcset=\"https:\/\/www.bildung.sachsen.de\/blog\/wp-content\/uploads\/2026\/09\/SMK01965-1-800x1200.jpg 800w, https:\/\/www.bildung.sachsen.de\/blog\/wp-content\/uploads\/2026\/09\/SMK01965-1-200x300.jpg 200w, https:\/\/www.bildung.sachsen.de\/blog\/wp-content\/uploads\/2026\/09\/SMK01965-1-768x1152.jpg 768w, https:\/\/www.bildung.sachsen.de\/blog\/wp-content\/uploads\/2026\/09\/SMK01965-1-1024x1536.jpg 1024w, https:\/\/www.bildung.sachsen.de\/blog\/wp-content\/uploads\/2026\/09\/SMK01965-1-1365x2048.jpg 1365w, https:\/\/www.bildung.sachsen.de\/blog\/wp-content\/uploads\/2026\/09\/SMK01965-1-scaled.jpg 1707w\" sizes=\"auto, (max-width: 800px) 100vw, 800px\" \/><\/figure>\n\n\n\n<figure class=\"wp-block-image size-large\"><img loading=\"lazy\" decoding=\"async\" width=\"800\" height=\"1200\" data-id=\"13054\" src=\"https:\/\/www.bildung.sachsen.de\/blog\/wp-content\/uploads\/2026\/09\/SMK01969-800x1200.jpg\" alt=\"\" class=\"wp-image-13054\" srcset=\"https:\/\/www.bildung.sachsen.de\/blog\/wp-content\/uploads\/2026\/09\/SMK01969-800x1200.jpg 800w, https:\/\/www.bildung.sachsen.de\/blog\/wp-content\/uploads\/2026\/09\/SMK01969-200x300.jpg 200w, https:\/\/www.bildung.sachsen.de\/blog\/wp-content\/uploads\/2026\/09\/SMK01969-768x1152.jpg 768w, https:\/\/www.bildung.sachsen.de\/blog\/wp-content\/uploads\/2026\/09\/SMK01969-1024x1536.jpg 1024w, https:\/\/www.bildung.sachsen.de\/blog\/wp-content\/uploads\/2026\/09\/SMK01969-1365x2048.jpg 1365w, https:\/\/www.bildung.sachsen.de\/blog\/wp-content\/uploads\/2026\/09\/SMK01969-scaled.jpg 1707w\" sizes=\"auto, (max-width: 800px) 100vw, 800px\" \/><\/figure>\n\n\n\n<figure class=\"wp-block-image size-large\"><img loading=\"lazy\" decoding=\"async\" width=\"800\" height=\"1200\" data-id=\"13052\" src=\"https:\/\/www.bildung.sachsen.de\/blog\/wp-content\/uploads\/2026\/09\/SMK01974-800x1200.jpg\" alt=\"\" class=\"wp-image-13052\" srcset=\"https:\/\/www.bildung.sachsen.de\/blog\/wp-content\/uploads\/2026\/09\/SMK01974-800x1200.jpg 800w, https:\/\/www.bildung.sachsen.de\/blog\/wp-content\/uploads\/2026\/09\/SMK01974-200x300.jpg 200w, https:\/\/www.bildung.sachsen.de\/blog\/wp-content\/uploads\/2026\/09\/SMK01974-768x1152.jpg 768w, https:\/\/www.bildung.sachsen.de\/blog\/wp-content\/uploads\/2026\/09\/SMK01974-1024x1536.jpg 1024w, https:\/\/www.bildung.sachsen.de\/blog\/wp-content\/uploads\/2026\/09\/SMK01974-1365x2048.jpg 1365w, https:\/\/www.bildung.sachsen.de\/blog\/wp-content\/uploads\/2026\/09\/SMK01974-scaled.jpg 1707w\" sizes=\"auto, (max-width: 800px) 100vw, 800px\" \/><\/figure>\n\n\n\n<figure class=\"wp-block-image size-large\"><img loading=\"lazy\" decoding=\"async\" width=\"800\" height=\"1200\" data-id=\"13056\" src=\"https:\/\/www.bildung.sachsen.de\/blog\/wp-content\/uploads\/2026\/09\/SMK02008-800x1200.jpg\" alt=\"\" class=\"wp-image-13056\" srcset=\"https:\/\/www.bildung.sachsen.de\/blog\/wp-content\/uploads\/2026\/09\/SMK02008-800x1200.jpg 800w, https:\/\/www.bildung.sachsen.de\/blog\/wp-content\/uploads\/2026\/09\/SMK02008-200x300.jpg 200w, https:\/\/www.bildung.sachsen.de\/blog\/wp-content\/uploads\/2026\/09\/SMK02008-768x1152.jpg 768w, https:\/\/www.bildung.sachsen.de\/blog\/wp-content\/uploads\/2026\/09\/SMK02008-1024x1536.jpg 1024w, https:\/\/www.bildung.sachsen.de\/blog\/wp-content\/uploads\/2026\/09\/SMK02008-1365x2048.jpg 1365w, https:\/\/www.bildung.sachsen.de\/blog\/wp-content\/uploads\/2026\/09\/SMK02008-scaled.jpg 1707w\" sizes=\"auto, (max-width: 800px) 100vw, 800px\" \/><\/figure>\n\n\n\n<figure class=\"wp-block-image size-large\"><img loading=\"lazy\" decoding=\"async\" width=\"800\" height=\"1200\" data-id=\"13057\" src=\"https:\/\/www.bildung.sachsen.de\/blog\/wp-content\/uploads\/2026\/09\/SMK02016-800x1200.jpg\" alt=\"\" class=\"wp-image-13057\" srcset=\"https:\/\/www.bildung.sachsen.de\/blog\/wp-content\/uploads\/2026\/09\/SMK02016-800x1200.jpg 800w, https:\/\/www.bildung.sachsen.de\/blog\/wp-content\/uploads\/2026\/09\/SMK02016-200x300.jpg 200w, https:\/\/www.bildung.sachsen.de\/blog\/wp-content\/uploads\/2026\/09\/SMK02016-768x1152.jpg 768w, https:\/\/www.bildung.sachsen.de\/blog\/wp-content\/uploads\/2026\/09\/SMK02016-1024x1536.jpg 1024w, https:\/\/www.bildung.sachsen.de\/blog\/wp-content\/uploads\/2026\/09\/SMK02016-1365x2048.jpg 1365w, https:\/\/www.bildung.sachsen.de\/blog\/wp-content\/uploads\/2026\/09\/SMK02016-scaled.jpg 1707w\" sizes=\"auto, (max-width: 800px) 100vw, 800px\" \/><\/figure>\n\n\n\n<figure class=\"wp-block-image size-large\"><img loading=\"lazy\" decoding=\"async\" width=\"800\" height=\"1200\" data-id=\"13058\" src=\"https:\/\/www.bildung.sachsen.de\/blog\/wp-content\/uploads\/2026\/09\/SMK02024-800x1200.jpg\" alt=\"\" class=\"wp-image-13058\" srcset=\"https:\/\/www.bildung.sachsen.de\/blog\/wp-content\/uploads\/2026\/09\/SMK02024-800x1200.jpg 800w, https:\/\/www.bildung.sachsen.de\/blog\/wp-content\/uploads\/2026\/09\/SMK02024-200x300.jpg 200w, https:\/\/www.bildung.sachsen.de\/blog\/wp-content\/uploads\/2026\/09\/SMK02024-768x1152.jpg 768w, https:\/\/www.bildung.sachsen.de\/blog\/wp-content\/uploads\/2026\/09\/SMK02024-1024x1536.jpg 1024w, https:\/\/www.bildung.sachsen.de\/blog\/wp-content\/uploads\/2026\/09\/SMK02024-1365x2048.jpg 1365w, https:\/\/www.bildung.sachsen.de\/blog\/wp-content\/uploads\/2026\/09\/SMK02024-scaled.jpg 1707w\" sizes=\"auto, (max-width: 800px) 100vw, 800px\" \/><\/figure>\n\n\n\n<figure class=\"wp-block-image size-large\"><img loading=\"lazy\" decoding=\"async\" width=\"1600\" height=\"1067\" data-id=\"13060\" src=\"https:\/\/www.bildung.sachsen.de\/blog\/wp-content\/uploads\/2026\/09\/SMK02026-1600x1067.jpg\" alt=\"\" class=\"wp-image-13060\" srcset=\"https:\/\/www.bildung.sachsen.de\/blog\/wp-content\/uploads\/2026\/09\/SMK02026-1600x1067.jpg 1600w, https:\/\/www.bildung.sachsen.de\/blog\/wp-content\/uploads\/2026\/09\/SMK02026-300x200.jpg 300w, https:\/\/www.bildung.sachsen.de\/blog\/wp-content\/uploads\/2026\/09\/SMK02026-768x512.jpg 768w, https:\/\/www.bildung.sachsen.de\/blog\/wp-content\/uploads\/2026\/09\/SMK02026-1536x1024.jpg 1536w, https:\/\/www.bildung.sachsen.de\/blog\/wp-content\/uploads\/2026\/09\/SMK02026-2048x1365.jpg 2048w\" sizes=\"auto, (max-width: 1600px) 100vw, 1600px\" \/><\/figure>\n<\/figure>\n\n\n\n<p class=\"wp-block-paragraph\">Diese 15 Einrichtungen geben ihre Erfahrungen und ihr Wissen zur Begabtenf\u00f6rderung k\u00fcnftig an weitere Kitas und Schulen ihrer Region weiter:<br><br><strong>Chemnitz<\/strong><\/p>\n\n\n\n<p class=\"wp-block-paragraph\">\u2013 Kinderhaus EVA LU Adelsberg<br>\u2013 Grundschule Adelsberg<br>\u2013 Johannes-Kepler-Gymnasium Chemnitz<br><br><strong>Dresden<\/strong><\/p>\n\n\n\n<p class=\"wp-block-paragraph\">\u2013 Kindertagesst\u00e4tte Villa Pat&#8217;s Freunde<br>\u2013 39. Grundschule Dresden<br>\u2013 Gymnasium Dresden-Plauen<br><br><strong>G\u00f6rlitz\/Sch\u00f6pstal\/L\u00f6bau<\/strong><strong><\/strong><\/p>\n\n\n\n<p class=\"wp-block-paragraph\">\u2013 Kinderhaus \u00bbSpatzennest am Birkenw\u00e4ldchen\u00ab G\u00f6rlitz<br>\u2013 Grundschule Sch\u00f6pstal<br>\u2013 Geschwister-Scholl-Gymnasium L\u00f6bau<br><br><strong>Leipzig<\/strong><strong><\/strong><\/p>\n\n\n\n<p class=\"wp-block-paragraph\">\u2013 Integrative BBW-Kita \u00bbSonnenwinkel\u00ab<br>\u2013 Pablo-Neruda-Grundschule<br>\u2013 Anton-Philipp-Reclam-Gymnasium Leipzig<br><br><strong>Radeberg<\/strong><\/p>\n\n\n\n<p class=\"wp-block-paragraph\">\u2013 Christliche Kindertages- und Familienst\u00e4tte \u00bbBaumhaus\u00ab<br>\u2013 Grundschule Radeberg Mitte<br>\u2013 Humboldt-Gymnasium Radeberg<\/p>\n\n\n\n<h2 class=\"wp-block-heading\">Hintergrund<\/h2>\n\n\n\n<p class=\"wp-block-paragraph\">Sachsen verf\u00fcgt 2019 bereits \u00fcber gefestigte Strukturen zur Diagnostik, Beratung und Begleitung in der Begabungs- und Begabtenf\u00f6rderung im gymnasialen Bereich aus dem&nbsp;<a href=\"https:\/\/karg-stiftung.de\/projekte\/gifted-gymnasiales-netzwerk-individuelle-foerderung-sachsen\/\">Netzwerk GIFted<\/a>. Es fehlt eine durchg\u00e4ngige Orientierung zum Umgang mit Begabungsf\u00f6rderung, die ein begabtes Kind von den ersten Jahren in der Kita \u00fcber die Grundschule bis in die weiterf\u00fchrende Schule tr\u00e4gt. Gerade an den \u00dcberg\u00e4ngen zwischen den Einrichtungen geht viel Potenzial verloren.<\/p>\n\n\n\n<p class=\"wp-block-paragraph\"><a>Der \u00bbKarg Campus Kita &amp; Schule Sachsen\u00ab<\/a> umfasst zwei Phasen:<\/p>\n\n\n\n<ul class=\"wp-block-list\">\n<li><strong>Phase 1<\/strong> (2020 bis 2023): <strong>Tandems aus Kitas und Grundschulen<\/strong> qualifizieren sich in den f\u00fcnf Orten G\u00f6rlitz, Radeberg, Dresden, Chemnitz und Leipzig. Ziel ist es, Begabungen fr\u00fch zu erkennen, Kinder gezielt zu f\u00f6rdern und die \u00dcberg\u00e4nge von Kita in Grundschule bewusst zu gestalten.<\/li>\n\n\n\n<li><strong>Phase 2<\/strong> (2024 bis 2026): Aus den Tandems wachsen <strong>Tridems<\/strong>, das hei\u00dft: Zu jeder Kita und jeder Grundschule tritt ein Gymnasium, das in der Bund-L\u00e4nder-Initiative \u00bbLeistung macht Schule (LemaS)\u00ab als ein Kompetenzzentrum bzw. eine Konsultationsschule fungiert.<\/li>\n<\/ul>\n\n\n\n<p class=\"wp-block-paragraph\">Das Projekt basiert auf dem Konzeptkomponenten von Karg Campus: <strong>Fortbildung<\/strong>, <strong>Prozessbegleitung<\/strong> und <strong>Vernetzung<\/strong>, gemeinsamer Austausch, Konzeptentwicklungen und praktische Erprobung.<\/p>\n\n\n\n<h2 class=\"wp-block-heading\">Weitere Informationen stehen hier bereit<\/h2>\n\n\n\n<p class=\"wp-block-paragraph\"><a href=\"https:\/\/www.bildung.sachsen.de\/blog\/index.php\/2025\/11\/14\/auf-dem-weg-zur-begabungsfoerdernden-schule\/\">Auf dem Weg zur begabungsf\u00f6rdernden Schule: der aktuelle Stand<\/a><br><a href=\"https:\/\/www.begabtenfoerderung-sachsen.de\/projekte-bzb\">LaSuB Begabtenf\u00f6rderung &#8211; Projekte<\/a><br><a href=\"https:\/\/karg-stiftung.de\/projekte\/karg-campus-sachsen\/\">https:\/\/karg-stiftung.de\/projekte\/karg-campus-sachsen\/<\/a><\/p>\n","protected":false},"excerpt":{"rendered":"<p>Das gemeinsame Projekt \u00bbKarg Campus Kita &amp; Schule Sachsen\u00ab des Kultusministeriums und der Karg-Stiftung verfolgt das Ziel, die F\u00f6rderung besonders begabter Kinder und Jugendlicher auszubauen. Was im Herbst 2020 in einer f\u00fcr Bildungseinrichtungen au\u00dfergew\u00f6hnlich herausfordernden Zeit begann, zieht nun Bilanz.<\/p>\n","protected":false},"author":138,"featured_media":13061,"comment_status":"open","ping_status":"open","sticky":false,"template":"","format":"standard","meta":{"footnotes":""},"categories":[726,11],"tags":[113,744,811,407,62],"class_list":["post-13044","post","type-post","status-publish","format-standard","has-post-thumbnail","hentry","category-bildungsland-sachsen-2030","category-bildungspolitik","tag-begabtenfoerderung","tag-begabung","tag-begabungsfoerderung","tag-sachsen","tag-schule"],"aioseo_notices":[],"aioseo_head":"\n\t\t<!-- All in One SEO 5.0.1 - aioseo.com -->\n\t<meta name=\"robots\" content=\"max-image-preview:large\" \/>\n\t<meta name=\"author\" content=\"Lynn Winkler - SMK\"\/>\n\t<link rel=\"canonical\" href=\"https:\/\/www.bildung.sachsen.de\/blog\/index.php\/2026\/09\/03\/sechs-jahre-begabungsfoerderung\/\" \/>\n\t<meta name=\"generator\" content=\"All in One SEO (AIOSEO) 5.0.1\" \/>\n\t\t<meta property=\"og:locale\" content=\"de_DE\" \/>\n\t\t<meta property=\"og:site_name\" content=\"SMK-Blog\" \/>\n\t\t<meta property=\"og:type\" content=\"article\" \/>\n\t\t<meta property=\"og:title\" content=\"Sechs Jahre Begabungsf\u00f6rderung \u2013 Sachsen st\u00e4rkt F\u00f6rderung f\u00fcr besonders begabte Kinder und Jugendliche | SMK-Blog\" \/>\n\t\t<meta property=\"og:url\" content=\"https:\/\/www.bildung.sachsen.de\/blog\/index.php\/2026\/09\/03\/sechs-jahre-begabungsfoerderung\/\" \/>\n\t\t<meta property=\"article:published_time\" content=\"2026-09-03T16:20:32+00:00\" \/>\n\t\t<meta property=\"article:modified_time\" content=\"2026-09-03T16:21:21+00:00\" \/>\n\t\t<meta property=\"article:publisher\" content=\"https:\/\/www.facebook.com\/SMKsachsen\" \/>\n\t\t<meta name=\"twitter:card\" content=\"summary_large_image\" \/>\n\t\t<meta name=\"twitter:site\" content=\"@Bildung_Sachsen\" \/>\n\t\t<meta name=\"twitter:title\" content=\"Sechs Jahre Begabungsf\u00f6rderung \u2013 Sachsen st\u00e4rkt F\u00f6rderung f\u00fcr besonders begabte Kinder und Jugendliche | SMK-Blog\" \/>\n\t\t<meta name=\"twitter:creator\" content=\"@Bildung_Sachsen\" \/>\n\t\t<script type=\"application\/ld+json\" class=\"aioseo-schema\">\n\t\t\t{\"@context\":\"https:\\\/\\\/schema.org\",\"@graph\":[{\"@type\":\"Article\",\"@id\":\"https:\\\/\\\/www.bildung.sachsen.de\\\/blog\\\/index.php\\\/2026\\\/09\\\/03\\\/sechs-jahre-begabungsfoerderung\\\/#article\",\"name\":\"Sechs Jahre Begabungsf\\u00f6rderung \\u2013 Sachsen st\\u00e4rkt F\\u00f6rderung f\\u00fcr besonders begabte Kinder und Jugendliche | SMK-Blog\",\"headline\":\"Sechs Jahre Begabungsf\\u00f6rderung \\u2013 Sachsen st\\u00e4rkt F\\u00f6rderung f\\u00fcr besonders begabte Kinder und Jugendliche\",\"author\":{\"@id\":\"https:\\\/\\\/www.bildung.sachsen.de\\\/blog\\\/index.php\\\/author\\\/winkler\\\/#author\"},\"publisher\":{\"@id\":\"https:\\\/\\\/www.bildung.sachsen.de\\\/blog\\\/#organization\"},\"image\":{\"@type\":\"ImageObject\",\"url\":\"https:\\\/\\\/www.bildung.sachsen.de\\\/blog\\\/wp-content\\\/uploads\\\/2026\\\/09\\\/SMK02063-scaled.jpg\",\"width\":2560,\"height\":1707},\"datePublished\":\"2026-09-03T18:20:32+02:00\",\"dateModified\":\"2026-09-03T18:21:21+02:00\",\"inLanguage\":\"de-DE\",\"mainEntityOfPage\":{\"@id\":\"https:\\\/\\\/www.bildung.sachsen.de\\\/blog\\\/index.php\\\/2026\\\/09\\\/03\\\/sechs-jahre-begabungsfoerderung\\\/#webpage\"},\"isPartOf\":{\"@id\":\"https:\\\/\\\/www.bildung.sachsen.de\\\/blog\\\/index.php\\\/2026\\\/09\\\/03\\\/sechs-jahre-begabungsfoerderung\\\/#webpage\"},\"articleSection\":\"Bildungsland Sachsen 2030, Bildungspolitik, Begabtenf\\u00f6rderung, Begabung, Begabungsf\\u00f6rderung, Sachsen, Schule\"},{\"@type\":\"BreadcrumbList\",\"@id\":\"https:\\\/\\\/www.bildung.sachsen.de\\\/blog\\\/index.php\\\/2026\\\/09\\\/03\\\/sechs-jahre-begabungsfoerderung\\\/#breadcrumblist\",\"itemListElement\":[{\"@type\":\"ListItem\",\"@id\":\"https:\\\/\\\/www.bildung.sachsen.de\\\/blog#listItem\",\"position\":1,\"name\":\"Home\",\"item\":\"https:\\\/\\\/www.bildung.sachsen.de\\\/blog\",\"nextItem\":{\"@type\":\"ListItem\",\"@id\":\"https:\\\/\\\/www.bildung.sachsen.de\\\/blog\\\/index.php\\\/category\\\/bildungspolitik\\\/#listItem\",\"name\":\"Bildungspolitik\"}},{\"@type\":\"ListItem\",\"@id\":\"https:\\\/\\\/www.bildung.sachsen.de\\\/blog\\\/index.php\\\/category\\\/bildungspolitik\\\/#listItem\",\"position\":2,\"name\":\"Bildungspolitik\",\"item\":\"https:\\\/\\\/www.bildung.sachsen.de\\\/blog\\\/index.php\\\/category\\\/bildungspolitik\\\/\",\"nextItem\":{\"@type\":\"ListItem\",\"@id\":\"https:\\\/\\\/www.bildung.sachsen.de\\\/blog\\\/index.php\\\/2026\\\/09\\\/03\\\/sechs-jahre-begabungsfoerderung\\\/#listItem\",\"name\":\"Sechs Jahre Begabungsf\\u00f6rderung \\u2013 Sachsen st\\u00e4rkt F\\u00f6rderung f\\u00fcr besonders begabte Kinder und Jugendliche\"},\"previousItem\":{\"@type\":\"ListItem\",\"@id\":\"https:\\\/\\\/www.bildung.sachsen.de\\\/blog#listItem\",\"name\":\"Home\"}},{\"@type\":\"ListItem\",\"@id\":\"https:\\\/\\\/www.bildung.sachsen.de\\\/blog\\\/index.php\\\/2026\\\/09\\\/03\\\/sechs-jahre-begabungsfoerderung\\\/#listItem\",\"position\":3,\"name\":\"Sechs Jahre Begabungsf\\u00f6rderung \\u2013 Sachsen st\\u00e4rkt F\\u00f6rderung f\\u00fcr besonders begabte Kinder und Jugendliche\",\"previousItem\":{\"@type\":\"ListItem\",\"@id\":\"https:\\\/\\\/www.bildung.sachsen.de\\\/blog\\\/index.php\\\/category\\\/bildungspolitik\\\/#listItem\",\"name\":\"Bildungspolitik\"}}]},{\"@type\":\"Organization\",\"@id\":\"https:\\\/\\\/www.bildung.sachsen.de\\\/blog\\\/#organization\",\"name\":\"S\\u00e4chsisches Staatsministerium f\\u00fcr Kultus\",\"description\":\"Bildungsministerium in Sachsen\",\"url\":\"https:\\\/\\\/www.bildung.sachsen.de\\\/blog\\\/\",\"telephone\":\"+4935156465122\",\"sameAs\":[\"https:\\\/\\\/twitter.com\\\/Bildung_Sachsen\",\"https:\\\/\\\/www.instagram.com\\\/smksachsen\\\/\",\"https:\\\/\\\/www.youtube.com\\\/channel\\\/UC6qlQBstErXU5ch1vbRjJ7Q\"]},{\"@type\":\"Person\",\"@id\":\"https:\\\/\\\/www.bildung.sachsen.de\\\/blog\\\/index.php\\\/author\\\/winkler\\\/#author\",\"url\":\"https:\\\/\\\/www.bildung.sachsen.de\\\/blog\\\/index.php\\\/author\\\/winkler\\\/\",\"name\":\"Lynn Winkler - SMK\"},{\"@type\":\"WebPage\",\"@id\":\"https:\\\/\\\/www.bildung.sachsen.de\\\/blog\\\/index.php\\\/2026\\\/09\\\/03\\\/sechs-jahre-begabungsfoerderung\\\/#webpage\",\"url\":\"https:\\\/\\\/www.bildung.sachsen.de\\\/blog\\\/index.php\\\/2026\\\/09\\\/03\\\/sechs-jahre-begabungsfoerderung\\\/\",\"name\":\"Sechs Jahre Begabungsf\\u00f6rderung \\u2013 Sachsen st\\u00e4rkt F\\u00f6rderung f\\u00fcr besonders begabte Kinder und Jugendliche | SMK-Blog\",\"inLanguage\":\"de-DE\",\"isPartOf\":{\"@id\":\"https:\\\/\\\/www.bildung.sachsen.de\\\/blog\\\/#website\"},\"breadcrumb\":{\"@id\":\"https:\\\/\\\/www.bildung.sachsen.de\\\/blog\\\/index.php\\\/2026\\\/09\\\/03\\\/sechs-jahre-begabungsfoerderung\\\/#breadcrumblist\"},\"author\":{\"@id\":\"https:\\\/\\\/www.bildung.sachsen.de\\\/blog\\\/index.php\\\/author\\\/winkler\\\/#author\"},\"creator\":{\"@id\":\"https:\\\/\\\/www.bildung.sachsen.de\\\/blog\\\/index.php\\\/author\\\/winkler\\\/#author\"},\"image\":{\"@type\":\"ImageObject\",\"url\":\"https:\\\/\\\/www.bildung.sachsen.de\\\/blog\\\/wp-content\\\/uploads\\\/2026\\\/09\\\/SMK02063-scaled.jpg\",\"@id\":\"https:\\\/\\\/www.bildung.sachsen.de\\\/blog\\\/index.php\\\/2026\\\/09\\\/03\\\/sechs-jahre-begabungsfoerderung\\\/#mainImage\",\"width\":2560,\"height\":1707},\"primaryImageOfPage\":{\"@id\":\"https:\\\/\\\/www.bildung.sachsen.de\\\/blog\\\/index.php\\\/2026\\\/09\\\/03\\\/sechs-jahre-begabungsfoerderung\\\/#mainImage\"},\"datePublished\":\"2026-09-03T18:20:32+02:00\",\"dateModified\":\"2026-09-03T18:21:21+02:00\"},{\"@type\":\"WebSite\",\"@id\":\"https:\\\/\\\/www.bildung.sachsen.de\\\/blog\\\/#website\",\"url\":\"https:\\\/\\\/www.bildung.sachsen.de\\\/blog\\\/\",\"name\":\"SMK-Blog\",\"description\":\"S\\u00e4chsisches Staatsministerium f\\u00fcr Kultus\",\"inLanguage\":\"de-DE\",\"publisher\":{\"@id\":\"https:\\\/\\\/www.bildung.sachsen.de\\\/blog\\\/#organization\"}}]}\n\t\t<\/script>\n\t\t<!-- All in One SEO -->\n\n","aioseo_head_json":{"title":"Sechs Jahre Begabungsf\u00f6rderung \u2013 Sachsen st\u00e4rkt F\u00f6rderung f\u00fcr besonders begabte Kinder und Jugendliche | SMK-Blog","description":"","canonical_url":"https:\/\/www.bildung.sachsen.de\/blog\/index.php\/2026\/09\/03\/sechs-jahre-begabungsfoerderung\/","robots":"max-image-preview:large","keywords":"","webmasterTools":{"miscellaneous":""},"schema":{"@context":"https:\/\/schema.org","@graph":[{"@type":"Article","@id":"https:\/\/www.bildung.sachsen.de\/blog\/index.php\/2026\/09\/03\/sechs-jahre-begabungsfoerderung\/#article","name":"Sechs Jahre Begabungsf\u00f6rderung \u2013 Sachsen st\u00e4rkt F\u00f6rderung f\u00fcr besonders begabte Kinder und Jugendliche | SMK-Blog","headline":"Sechs Jahre Begabungsf\u00f6rderung \u2013 Sachsen st\u00e4rkt F\u00f6rderung f\u00fcr besonders begabte Kinder und Jugendliche","author":{"@id":"https:\/\/www.bildung.sachsen.de\/blog\/index.php\/author\/winkler\/#author"},"publisher":{"@id":"https:\/\/www.bildung.sachsen.de\/blog\/#organization"},"image":{"@type":"ImageObject","url":"https:\/\/www.bildung.sachsen.de\/blog\/wp-content\/uploads\/2026\/09\/SMK02063-scaled.jpg","width":2560,"height":1707},"datePublished":"2026-09-03T18:20:32+02:00","dateModified":"2026-09-03T18:21:21+02:00","inLanguage":"de-DE","mainEntityOfPage":{"@id":"https:\/\/www.bildung.sachsen.de\/blog\/index.php\/2026\/09\/03\/sechs-jahre-begabungsfoerderung\/#webpage"},"isPartOf":{"@id":"https:\/\/www.bildung.sachsen.de\/blog\/index.php\/2026\/09\/03\/sechs-jahre-begabungsfoerderung\/#webpage"},"articleSection":"Bildungsland Sachsen 2030, Bildungspolitik, Begabtenf\u00f6rderung, Begabung, Begabungsf\u00f6rderung, Sachsen, Schule"},{"@type":"BreadcrumbList","@id":"https:\/\/www.bildung.sachsen.de\/blog\/index.php\/2026\/09\/03\/sechs-jahre-begabungsfoerderung\/#breadcrumblist","itemListElement":[{"@type":"ListItem","@id":"https:\/\/www.bildung.sachsen.de\/blog#listItem","position":1,"name":"Home","item":"https:\/\/www.bildung.sachsen.de\/blog","nextItem":{"@type":"ListItem","@id":"https:\/\/www.bildung.sachsen.de\/blog\/index.php\/category\/bildungspolitik\/#listItem","name":"Bildungspolitik"}},{"@type":"ListItem","@id":"https:\/\/www.bildung.sachsen.de\/blog\/index.php\/category\/bildungspolitik\/#listItem","position":2,"name":"Bildungspolitik","item":"https:\/\/www.bildung.sachsen.de\/blog\/index.php\/category\/bildungspolitik\/","nextItem":{"@type":"ListItem","@id":"https:\/\/www.bildung.sachsen.de\/blog\/index.php\/2026\/09\/03\/sechs-jahre-begabungsfoerderung\/#listItem","name":"Sechs Jahre Begabungsf\u00f6rderung \u2013 Sachsen st\u00e4rkt F\u00f6rderung f\u00fcr besonders begabte Kinder und Jugendliche"},"previousItem":{"@type":"ListItem","@id":"https:\/\/www.bildung.sachsen.de\/blog#listItem","name":"Home"}},{"@type":"ListItem","@id":"https:\/\/www.bildung.sachsen.de\/blog\/index.php\/2026\/09\/03\/sechs-jahre-begabungsfoerderung\/#listItem","position":3,"name":"Sechs Jahre Begabungsf\u00f6rderung \u2013 Sachsen st\u00e4rkt F\u00f6rderung f\u00fcr besonders begabte Kinder und Jugendliche","previousItem":{"@type":"ListItem","@id":"https:\/\/www.bildung.sachsen.de\/blog\/index.php\/category\/bildungspolitik\/#listItem","name":"Bildungspolitik"}}]},{"@type":"Organization","@id":"https:\/\/www.bildung.sachsen.de\/blog\/#organization","name":"S\u00e4chsisches Staatsministerium f\u00fcr Kultus","description":"Bildungsministerium in Sachsen","url":"https:\/\/www.bildung.sachsen.de\/blog\/","telephone":"+4935156465122","sameAs":["https:\/\/twitter.com\/Bildung_Sachsen","https:\/\/www.instagram.com\/smksachsen\/","https:\/\/www.youtube.com\/channel\/UC6qlQBstErXU5ch1vbRjJ7Q"]},{"@type":"Person","@id":"https:\/\/www.bildung.sachsen.de\/blog\/index.php\/author\/winkler\/#author","url":"https:\/\/www.bildung.sachsen.de\/blog\/index.php\/author\/winkler\/","name":"Lynn Winkler - SMK"},{"@type":"WebPage","@id":"https:\/\/www.bildung.sachsen.de\/blog\/index.php\/2026\/09\/03\/sechs-jahre-begabungsfoerderung\/#webpage","url":"https:\/\/www.bildung.sachsen.de\/blog\/index.php\/2026\/09\/03\/sechs-jahre-begabungsfoerderung\/","name":"Sechs Jahre Begabungsf\u00f6rderung \u2013 Sachsen st\u00e4rkt F\u00f6rderung f\u00fcr besonders begabte Kinder und Jugendliche | SMK-Blog","inLanguage":"de-DE","isPartOf":{"@id":"https:\/\/www.bildung.sachsen.de\/blog\/#website"},"breadcrumb":{"@id":"https:\/\/www.bildung.sachsen.de\/blog\/index.php\/2026\/09\/03\/sechs-jahre-begabungsfoerderung\/#breadcrumblist"},"author":{"@id":"https:\/\/www.bildung.sachsen.de\/blog\/index.php\/author\/winkler\/#author"},"creator":{"@id":"https:\/\/www.bildung.sachsen.de\/blog\/index.php\/author\/winkler\/#author"},"image":{"@type":"ImageObject","url":"https:\/\/www.bildung.sachsen.de\/blog\/wp-content\/uploads\/2026\/09\/SMK02063-scaled.jpg","@id":"https:\/\/www.bildung.sachsen.de\/blog\/index.php\/2026\/09\/03\/sechs-jahre-begabungsfoerderung\/#mainImage","width":2560,"height":1707},"primaryImageOfPage":{"@id":"https:\/\/www.bildung.sachsen.de\/blog\/index.php\/2026\/09\/03\/sechs-jahre-begabungsfoerderung\/#mainImage"},"datePublished":"2026-09-03T18:20:32+02:00","dateModified":"2026-09-03T18:21:21+02:00"},{"@type":"WebSite","@id":"https:\/\/www.bildung.sachsen.de\/blog\/#website","url":"https:\/\/www.bildung.sachsen.de\/blog\/","name":"SMK-Blog","description":"S\u00e4chsisches Staatsministerium f\u00fcr Kultus","inLanguage":"de-DE","publisher":{"@id":"https:\/\/www.bildung.sachsen.de\/blog\/#organization"}}]},"og:locale":"de_DE","og:site_name":"SMK-Blog","og:type":"article","og:title":"Sechs Jahre Begabungsf\u00f6rderung \u2013 Sachsen st\u00e4rkt F\u00f6rderung f\u00fcr besonders begabte Kinder und Jugendliche | SMK-Blog","og:url":"https:\/\/www.bildung.sachsen.de\/blog\/index.php\/2026\/09\/03\/sechs-jahre-begabungsfoerderung\/","article:published_time":"2026-09-03T16:20:32+00:00","article:modified_time":"2026-09-03T16:21:21+00:00","article:publisher":"https:\/\/www.facebook.com\/SMKsachsen","twitter:card":"summary_large_image","twitter:site":"@Bildung_Sachsen","twitter:title":"Sechs Jahre Begabungsf\u00f6rderung \u2013 Sachsen st\u00e4rkt F\u00f6rderung f\u00fcr besonders begabte Kinder und Jugendliche | SMK-Blog","twitter:creator":"@Bildung_Sachsen"},"aioseo_meta_data":{"post_id":"13044","title":null,"description":null,"keywords":null,"keyphrases":{"focus":{"keyphrase":"","score":0,"analysis":{"keyphraseInTitle":{"score":0,"maxScore":9,"error":1}}},"additional":[]},"primary_term":null,"canonical_url":null,"og_title":null,"og_description":null,"og_object_type":"default","og_image_type":"default","og_image_url":null,"og_image_width":null,"og_image_height":null,"og_image_custom_url":null,"og_image_custom_fields":null,"og_video":"","og_custom_url":null,"og_article_section":null,"og_article_tags":null,"twitter_use_og":false,"twitter_card":"default","twitter_image_type":"default","twitter_image_url":null,"twitter_image_custom_url":null,"twitter_image_custom_fields":null,"twitter_title":null,"twitter_description":null,"schema":{"blockGraphs":[],"customGraphs":[],"default":{"data":{"Article":[],"Course":[],"Dataset":[],"FAQPage":[],"Movie":[],"Person":[],"Product":[],"ProductReview":[],"Car":[],"Recipe":[],"Service":[],"SoftwareApplication":[],"WebPage":[]},"graphName":"Article","isEnabled":true},"graphs":[]},"schema_type":"default","schema_type_options":null,"pillar_content":false,"robots_default":true,"robots_noindex":false,"robots_noarchive":false,"robots_nosnippet":false,"robots_nofollow":false,"robots_noimageindex":false,"robots_noodp":false,"robots_notranslate":false,"robots_max_snippet":"-1","robots_max_videopreview":"-1","robots_max_imagepreview":"large","priority":null,"frequency":"default","local_seo":null,"breadcrumb_settings":null,"limit_modified_date":false,"ai":{"faqs":[],"keyPoints":[],"schemas":[],"titles":[],"descriptions":[],"socialPosts":{"email":{"subject":"","preview":"","content":""},"linkedin":[],"twitter":[],"facebook":[],"instagram":[]}},"created":"2026-09-02 15:50:36","updated":"2026-09-02 15:52:01","seo_analyzer_scan_date":null,"focus_keyword":null,"additional_keywords":null,"truseo_locale":null},"aioseo_breadcrumb":"<div class=\"aioseo-breadcrumbs\"><span class=\"aioseo-breadcrumb\">\n\t\t\t<a href=\"https:\/\/www.bildung.sachsen.de\/blog\" title=\"Home\">Home<\/a>\n\t\t<\/span><span class=\"aioseo-breadcrumb-separator\">&raquo;<\/span><span class=\"aioseo-breadcrumb\">\n\t\t\t<a href=\"https:\/\/www.bildung.sachsen.de\/blog\/index.php\/category\/bildungspolitik\/\" title=\"Bildungspolitik\">Bildungspolitik<\/a>\n\t\t<\/span><span class=\"aioseo-breadcrumb-separator\">&raquo;<\/span><span class=\"aioseo-breadcrumb\">\n\t\t\tSechs Jahre Begabungsf\u00f6rderung \u2013 Sachsen st\u00e4rkt F\u00f6rderung f\u00fcr besonders begabte Kinder und Jugendliche\n\t\t<\/span><\/div>","aioseo_breadcrumb_json":[{"label":"Home","link":"https:\/\/www.bildung.sachsen.de\/blog"},{"label":"Bildungspolitik","link":"https:\/\/www.bildung.sachsen.de\/blog\/index.php\/category\/bildungspolitik\/"},{"label":"Sechs Jahre Begabungsf\u00f6rderung \u2013 Sachsen st\u00e4rkt F\u00f6rderung f\u00fcr besonders begabte Kinder und Jugendliche","link":"https:\/\/www.bildung.sachsen.de\/blog\/index.php\/2026\/09\/03\/sechs-jahre-begabungsfoerderung\/"}],"_links":{"self":[{"href":"https:\/\/www.bildung.sachsen.de\/blog\/index.php\/wp-json\/wp\/v2\/posts\/13044","targetHints":{"allow":["GET"]}}],"collection":[{"href":"https:\/\/www.bildung.sachsen.de\/blog\/index.php\/wp-json\/wp\/v2\/posts"}],"about":[{"href":"https:\/\/www.bildung.sachsen.de\/blog\/index.php\/wp-json\/wp\/v2\/types\/post"}],"author":[{"embeddable":true,"href":"https:\/\/www.bildung.sachsen.de\/blog\/index.php\/wp-json\/wp\/v2\/users\/138"}],"replies":[{"embeddable":true,"href":"https:\/\/www.bildung.sachsen.de\/blog\/index.php\/wp-json\/wp\/v2\/comments?post=13044"}],"version-history":[{"count":6,"href":"https:\/\/www.bildung.sachsen.de\/blog\/index.php\/wp-json\/wp\/v2\/posts\/13044\/revisions"}],"predecessor-version":[{"id":13066,"href":"https:\/\/www.bildung.sachsen.de\/blog\/index.php\/wp-json\/wp\/v2\/posts\/13044\/revisions\/13066"}],"wp:featuredmedia":[{"embeddable":true,"href":"https:\/\/www.bildung.sachsen.de\/blog\/index.php\/wp-json\/wp\/v2\/media\/13061"}],"wp:attachment":[{"href":"https:\/\/www.bildung.sachsen.de\/blog\/index.php\/wp-json\/wp\/v2\/media?parent=13044"}],"wp:term":[{"taxonomy":"category","embeddable":true,"href":"https:\/\/www.bildung.sachsen.de\/blog\/index.php\/wp-json\/wp\/v2\/categories?post=13044"},{"taxonomy":"post_tag","embeddable":true,"href":"https:\/\/www.bildung.sachsen.de\/blog\/index.php\/wp-json\/wp\/v2\/tags?post=13044"}],"curies":[{"name":"wp","href":"https:\/\/api.w.org\/{rel}","templated":true}]}}