{"id":12898,"date":"2026-08-25T09:00:00","date_gmt":"2026-08-25T07:00:00","guid":{"rendered":"https:\/\/www.bildung.sachsen.de\/blog\/?p=12898"},"modified":"2026-08-25T10:31:45","modified_gmt":"2026-08-25T08:31:45","slug":"extremismuspraevention-unterstuetzung-fuer-schulen","status":"publish","type":"post","link":"https:\/\/www.bildung.sachsen.de\/blog\/index.php\/2026\/08\/25\/extremismuspraevention-unterstuetzung-fuer-schulen\/","title":{"rendered":"Interview Extremismuspr\u00e4vention: Welche Unterst\u00fctzungsm\u00f6glichkeiten gibt es f\u00fcr Schulen?"},"content":{"rendered":"\n<p class=\"wp-block-paragraph\">Bundesweit nimmt die Aggressivit\u00e4t einhergehend mit sinkenden Hemmschwellen unter Jugendlichen zu. Die Folge: Auch an Schule steigt die Anzahl politisch motivierter Straftaten. Wir haben mit Fabian Starosta von der Gesch\u00e4ftsstelle des Landespr\u00e4ventionsrates Sachsen (LPR) \u00fcber Pr\u00e4ventionsma\u00dfnahmen, Demokratiest\u00e4rkung und Ausstiegsm\u00f6glichkeiten gesprochen.<\/p>\n\n\n\n<!--more-->\n\n\n\n<p class=\"wp-block-paragraph\"><em>\u00bbDie beste Extremismuspr\u00e4vention bleibt jedoch, junge Menschen in ihrer eigenen Selbstwirksamkeit und Lebenskompetenz zu st\u00e4rken und ihnen identit\u00e4tsstiftende Angebote zur Partizipation und Teilhabe zu machen.\u00ab<\/em><\/p>\n\n\n\n<p class=\"wp-block-paragraph\">Um die freiheitlich-demokratische Grundordnung an Schulen zu st\u00e4rken, hat Sachsen den <a href=\"https:\/\/www.bildung.sachsen.de\/blog\/index.php\/2026\/08\/18\/aktionsplan-gegen-extremismus-an-schulen\/\" title=\"\">\u00bbAktionsplan gegen Extremismus an Schulen\u00ab<\/a> erarbeitet.<\/p>\n\n\n\n<h3 class=\"wp-block-heading\">Herr Starosta, Sie arbeiten in der Gesch\u00e4ftsstelle des Landespr\u00e4ventionsrates und dort vorrangig in den Themenfeldern Demokratiest\u00e4rkung und Extremismuspr\u00e4vention. Beschreiben Sie doch bitte Ihre Aufgabe etwas plastischer und auch, mit wem Sie dabei zusammenarbeiten und f\u00fcr welche Zielgruppen.<\/h3>\n\n\n\n<p class=\"wp-block-paragraph\">Ja, genau. Ich arbeite in der Gesch\u00e4ftsstelle <a href=\"https:\/\/www.lpr.sachsen.de\/\" title=\"\">Landespr\u00e4ventionsrat Sachsen<\/a> und bin dort, unter anderem, f\u00fcr die Themenbereiche Demokratiest\u00e4rkung und Extremismuspr\u00e4vention zust\u00e4ndig. Dies umfasst vielf\u00e4ltige Aufgaben. Einerseits vertrete ich den Landespr\u00e4ventionsrat in unterschiedlichen Fachgremien und Netzwerken auf Landes- und Bundesebene, mit dem Ziel sich gegenseitig \u00fcber aktuelle Entwicklungen zu informieren und gemeinsam Strategien der Extremismuspr\u00e4vention und Demokratiest\u00e4rkung zu entwickeln. Beispiele w\u00e4ren hier u.a. das Beratungsnetzwerk des Demokratiezentrums angesiedelt am S\u00e4chsischen Sozialministerium oder das begleitende Fachgremium der Koordinierungs- und Beratungsstelle f\u00fcr Radikalisierungspr\u00e4vention, kurz KORA. Hier arbeite ich mit ganz unterschiedlichen Zielgruppen zusammen, z. B. mit Vertretern von Sicherheitsbeh\u00f6rden, zivilgesellschaftlichen Organisationen oder auch mit Vertretern unterschiedlicher Fachreferate aus den Ministerien.<\/p>\n\n\n\n<p class=\"wp-block-paragraph\">Neben dieser Aufgabe geh\u00f6rt aber auch die strategische Steuerung des AUSSTEIGERPROGRAMMs Sachsen, kurz APro, mit zu meinen T\u00e4tigkeiten. Unser Aussteigerprogramm stellt dabei bundesweit eine Besonderheit dar. So sind wir nur ein teilstaatliches Programm. Das hei\u00dft, dass wir als LPR den staatlichen Anteil bilden und mit Beratern aus der Zivilgesellschaft zusammenarbeiten. Hier vertrete ich in verschiedenen Kontexten den staatlichen Teil des APro und arbeite mit Partnern auf Landes-, Bundes- und kommunaler Ebene zusammen. Wir sind sozusagen als LPR die Schnittstelle zwischen zivilgesellschaftlichen und staatlichen Akteuren und Strukturen. Gleichzeitig betreue ich unsere Beraterteams hinsichtlich F\u00f6rderung, Sicherheitsaspekten und entwickle gemeinsam mit ihnen das AUSSTEIGERPROGRAMM konzeptionell weiter.<\/p>\n\n\n\n<p class=\"wp-block-paragraph\">Andererseits bearbeite ich aber auch unterschiedliche Anfragen, z.B. zu m\u00f6glichen Strategien der Demokratiest\u00e4rkung und Ma\u00dfnahmen im Bereich der Extremismuspr\u00e4vention.<\/p>\n\n\n\n<p class=\"wp-block-paragraph\">Es ist also eine sehr vielf\u00e4ltige T\u00e4tigkeit, bei der ich mit ganz unterschiedlichen Menschen aus unterschiedlichsten Professionen in Kontakt komme, das sch\u00e4tze ich sehr an meiner Arbeit.<\/p>\n\n\n\n<h3 class=\"wp-block-heading\">Von s\u00e4chsischen Schulen werden h\u00e4ufig sogenannte \u00bbBesondere Vorkommnisse\u00ab gemeldet, also Ereignisse, die laut Dienstanweisung \u00bbden \u00fcblichen Schul- bzw. Dienstbetrieb in erheblichem Ma\u00dfe negativ beeintr\u00e4chtigen. Hierzu z\u00e4hlen sowohl Ereignisse vor Ort in der Schule oder im schulischen Umfeld als auch Aktivit\u00e4ten in sozialen Netzwerken oder sonstigen Internetdiensten, soweit sie einen spezifischen Bezug zum Schulbetrieb haben.\u00ab Dabei geht es oft um das Verwenden von Symbolen oder Parolen verfassungswidriger oder terroristischer Organisationen. Was raten Sie den betroffenen Schulen f\u00fcr einen angemessenen Umgang damit?<\/h3>\n\n\n\n<p class=\"wp-block-paragraph\">Ich w\u00fcrde jeder Schule raten, Vorf\u00e4lle dieser Art ernst zu nehmen.<\/p>\n\n\n\n<p class=\"wp-block-paragraph\">Gleichzeitig wei\u00df ich aber auch, dass viele Lehrkr\u00e4fte einem gro\u00dfen Druck im schulischen Alltag ausgesetzt sind und eine Einsch\u00e4tzung, insbesondere zu Symbolen und Codes aus extremistischen Zusammenh\u00e4ngen oder demokratiefeindlichen Gruppierungen und ihrer strafrechtlichen Relevanz, nicht immer einfach ist. Das ist ja auch h\u00e4ufig eben die Strategie von demokratiefeindlichen Akteuren. So nutzen diese z.&nbsp;B. das Verteilen von Informationsbrosch\u00fcren oder Aufklebern, welche eventuell auf den ersten Blick harmlos und strafrechtlich irrelevant wirken, als eine Art Aufnahmeritus f\u00fcr Kinder und Jugendliche in ihre Gruppierungen. Die jungen Menschen wissen dann mitunter gar nicht, dass sie verfassungswidrige oder terroristische Symbole in ihrer Schule verbreiten und diesen extremistischen Akteuren eine Form von Einfluss und Sichtbarkeit innerhalb der Schule dadurch erm\u00f6glichen.&nbsp;<\/p>\n\n\n\n<p class=\"wp-block-paragraph\">Hier k\u00f6nnte z. B. die Etablierung von Konzepten f\u00fcr Diskriminierungsschutz und Demokratiebildung Sicherheit und Standards sowohl f\u00fcr die p\u00e4dagogische Intervention im Falle solcher Vorkommnisse als auch als Pr\u00e4vention eben dieser darstellen. Das <a href=\"https:\/\/www.netzwerk-courage.de\/sachsen\/\" title=\"\">Netzwerk f\u00fcr Demokratie und Courage e. V. (NDC)<\/a> ist dabei ein hervorzuhebender Ansprechpartner und unterst\u00fctzt und begleitet Schulen durch diesen konzeptionellen Prozess.<\/p>\n\n\n\n<p class=\"wp-block-paragraph\">Dar\u00fcber hinaus kann die Etablierung und Verankerung verbindlicher Pr\u00e4ventionsma\u00dfnahmen im Schuljahresplan bzw. ein Pr\u00e4ventionskonzept sehr sinnvoll sein. M\u00f6glich w\u00e4re in diesem Zusammenhang auch, dass sich Schulen Partner f\u00fcr diese Pr\u00e4ventionsarbeit aus der lokalen oder regionalen Pr\u00e4ventionslandschaft suchen und mit diesen feste Kooperationen eingehen. Im Rahmen der LPR-Strategie \u00bbPr\u00e4vention im Team\u00ab (PiT, <a href=\"http:\/\/www.pit.sachsen.de\">www.pit.sachsen.de<\/a>) gibt es daf\u00fcr Unterst\u00fctzung durch das Landesamt f\u00fcr Schule und Bildung&nbsp; (LaSuB), Kommune und Polizei. Gleichzeitig finden sich demokratische Haltungen und Werte in den Leitbildern der Schule wieder, welche auch durch die Hausordnung unterst\u00fctzt werden und als Handlungssicherheit fungieren k\u00f6nnen.<\/p>\n\n\n\n<h3 class=\"wp-block-heading\">Laut verschiedener Einstellungsuntersuchungen und Studien werden aktuell bundesweit Normen- und Einstellungsverschiebungen, ein teilweise mangelndes Unrechtsbewusstsein, eine zunehmende Aggressivit\u00e4t und sinkende Hemmschwellen bei Jugendlichen sowie eine st\u00e4rkere Betroffenheit j\u00fcngerer Altersgruppen festgestellt. Diese Beobachtungen sind in allen Ph\u00e4nomenbereichen zu verzeichnen, was u. a. auch mit einem Anstieg politisch motivierter Straftaten im Bereich der Schulen einhergeht. Der Schwerpunkt in Sachsen liegt laut Innenministerium im Ph\u00e4nomenbereich rechts. Die registrierten Vorf\u00e4lle sind \u00fcber den gesamten Freistaat Sachsen und alle Schularten verteilt. Wie kann hier der Landespr\u00e4ventionsrat unterst\u00fctzen?<\/h3>\n\n\n\n<p class=\"wp-block-paragraph\">Nun, als LPR Sachsen k\u00f6nnen wir hier auf unterschiedliche Art und Weise unterst\u00fctzend wirken.<\/p>\n\n\n\n<p class=\"wp-block-paragraph\">In unserer Landesstrategie \u00bbPr\u00e4vention im Team\u00ab haben wir gemeinsam mit Vertretern und Vertreterinnen aus dem LaSuB, den Polizeidirektionen und den Landkreisen bzw. den kreisfreien St\u00e4dten, regionale PiT-Gremien etabliert. Mit diesem beh\u00f6rden\u00fcbergreifenden Arbeitsansatz unterst\u00fctzen wir mit geeigneten Pr\u00e4ventionsma\u00dfnahmen und -angeboten f\u00fcr Kinder und Jugendliche, insbesondere unter Ber\u00fccksichtigung von regionalen Besonderheiten. Dar\u00fcber hinaus pflegen wir eine digitale PiT-Angebotsplattform mit qualit\u00e4tsgepr\u00fcften Pr\u00e4ventionsangeboten \u2013 u. a. auch zu den Pr\u00e4ventionsbereichen \u00bbExtremismus\u00ab und \u00bbDemokratiebildung\u00ab.<\/p>\n\n\n\n<p class=\"wp-block-paragraph\">Neben unserer Landesstrategie PiT k\u00f6nnen wir aber auch mit dem <a href=\"https:\/\/www.aussteigerprogramm-sachsen.de\/\" title=\"\">AUSSTEIGERPROGRAMM Sachsen<\/a> unterst\u00fctzend wirken. Ich glaube, dies wissen viele Menschen nicht, was eventuell dem Namen geschuldet ist. Wir unterst\u00fctzend nicht nur bei begleiteten Ausstiegen aus extremistischen Szenen und Milieus, sondern <strong>wir bieten auch eine sogenannte Umfeldberatung an<\/strong>. Diese richtet sich an alle Menschen, die eine Person in ihrem Umfeld haben, welche sich radikalisiert oder in extremistischen Zusammenh\u00e4ngen verankert ist. Hier beraten wir beispielsweise Angeh\u00f6rige, wie Eltern, Geschwister oder Freunde aber auch das erweiterte Umfeld, wie Vereine, Jugendclubs und insbesondere auch Schulen im Umgang mit diesen Personen.&nbsp;<\/p>\n\n\n\n<h3 class=\"wp-block-heading\">Welche M\u00f6glichkeiten gibt es f\u00fcr s\u00e4chsische Jugendliche, aus einer Radikalisierungsspirale herauszukommen?<\/h3>\n\n\n\n<p class=\"wp-block-paragraph\">Ich denke, die M\u00f6glichkeiten die Jugendliche haben, um aus einer Radikalisierungsspirale wieder herauszufinden, h\u00e4ngen ganz essentiell von ihrem sozialen Umfeld au\u00dferhalb der extremistischen Szene ab. Ich meine damit ihr famili\u00e4res Umfeld und Freunde, aber auch Angebote wie der Fu\u00dfballverein, die freiwillige Feuerwehr, Jugendclubs und nat\u00fcrlich auch die Schule und die Lehrkr\u00e4fte, die den jungen Menschen am n\u00e4chsten sind. All die Menschen, die den Jugendlichen Angebote machen und ihnen die Hand reichen.<\/p>\n\n\n\n<p class=\"wp-block-paragraph\">Eine weitere M\u00f6glichkeit f\u00fcr junge Menschen aus diesen Radikalisierungsspiralen herauszufinden, bieten wir mit unserem AUSSTEIGERPROGRAMM. Einerseits durch unsere Umfeldberatung, in der wir versuchen, das soziale Umfeld der jungen Menschen zu st\u00e4rken und zu unterst\u00fctzen. Andererseits haben wir anl\u00e4sslich der von Ihnen beschriebenen Entwicklungen unter jungen Menschen in Sachsen im vergangenen Jahr unser Modellprojekt \u00bbReStart \u2013 Neue Perspektiven\u00ab entwickelt.<\/p>\n\n\n\n<p class=\"wp-block-paragraph\">In diesem Modellprojekt ist es unser Ziel, Radikalisierungsprozesse unter jungen Menschen zu unterbrechen oder zu verhindern und gemeinsam mit ihnen eine Distanzierung von neonazistischen Haltungen, Verhaltensweisen und Szenen zu sowie ein gewalt- und straffreies Verhalten, Impulskontrolle und Diskursf\u00e4higkeit zu erarbeiten.<\/p>\n\n\n\n<p class=\"wp-block-paragraph\">Dabei sollen besonders Perspektiven und soziale Kontakte au\u00dferhalb der Szene gef\u00f6rdert werden. Durch die Unterst\u00fctzung bei der Reflexion der individuellen Lebenssituationen, Haltungen und Verhaltensweisen sollen die Jugendlichen in der Bearbeitung ihrer individuellen Problemlagen, z. B. Sucht, famili\u00e4re Konflikte und Bildungswege, gest\u00e4rkt werden. Die jungen Menschen k\u00f6nnen sich hier freiwillig bei uns melden, wenn sie einen Weg aus den Radikalisierungsspiralen suchen. Wir arbeiten aber auch mit der Jugendhilfe im Strafverfahren zusammen.<\/p>\n\n\n\n<p class=\"wp-block-paragraph\">Wir setzen da an, wo keine sonstigen sozialp\u00e4dagogischen Ma\u00dfnahmen mehr Wirkung zeigen.<\/p>\n\n\n\n<h2 class=\"wp-block-heading\">Erg\u00e4nzender Hinweis f\u00fcr Schulen<\/h2>\n\n\n\n<h3 class=\"wp-block-heading\">Wehrhafte Demokratie<\/h3>\n\n\n\n<p class=\"wp-block-paragraph\">Das Landesamt f\u00fcr Bildung und Schule hat Demokratiemodule f\u00fcr Schulen entwickelt. Die Inhalte des Moduls \u00bbWehrhafte Demokratie\u00ab fokussieren die Erfahrung und den Umgang mit gruppenbezogener Menschenfeindlichkeit (GMF) im digitalen Raum. Die Sch\u00fclerinnen und Sch\u00fcler werden mit unterschiedlichsten Aspekten demokratiegef\u00e4hrdender \u00c4u\u00dferungen und Verhaltensweisen konfrontiert. Das Unterrichtsmaterial zielt im Bereich der allgemeindidaktischen Prinzipien insbesondere auf die Lebenswelt- und Handlungsorientierung. Im Bereich der politikdidaktischen Prinzipien steht die Kontroversit\u00e4t im Fokus. Deutungen werden den Sch\u00fclerinnen und Sch\u00fclern nicht allgemeing\u00fcltig pr\u00e4sentiert, sondern es werden verschiedene wissenschaftliche, gesellschaftliche und politische sowie juristische Deutungsangebote erm\u00f6glicht und diskutiert.<\/p>\n\n\n\n<p class=\"wp-block-paragraph\"> <a href=\"http:\/\/www.politische.bildung.sachsen.de\/download\/23_08_21_Modul_Wehrhafte_Demokratie_U_verlauf.pdf\">www.politische.bildung.sachsen.de\/download\/23_08_21_Modul_Wehrhafte_Demokratie_U_verlauf.pdf<\/a><\/p>\n\n\n\n<p class=\"wp-block-paragraph\">Das begleitende Arbeitsmaterial unterst\u00fctzt auch digitale Lehr- und Lernformen und tr\u00e4gt dazu bei, Medienkritikf\u00e4higkeit zu entwickeln. Dar\u00fcber hinaus werden Sch\u00fclerinnen und Sch\u00fcler bef\u00e4higt, Auswirkungen demokratiefeindlicher \u00c4u\u00dferungen zu verstehen, sich gegen demokratiegef\u00e4hrdende Einstellungen zu positionieren und Handlungsstrategien zu entwickeln.<\/p>\n\n\n\n<h3 class=\"wp-block-heading\">Demokratie-Detektive im Einsatz<\/h3>\n\n\n\n<p class=\"wp-block-paragraph\">Das interaktive Lernspiel \u00bbDemokratie-Detektive im Einsatz\u00ab ist ein durch die Lehrkraft zu begleitendes Gamification-Produkt auf Grundlage des analogen Unterrichtsmaterials \u00bbWehrhafte Demokratie\u00ab. Die Inhalte wurden f\u00fcr eine adressatenorientierte digitale Lernspielumgebung adaptiert, erg\u00e4nzt oder teilweise substituiert. Die Durchf\u00fchrung des Lernspieles zielt neben dem Wissenserwerb auf den Erwerb von digitalen Medienkompetenzen sowie Werteorientierung.<\/p>\n\n\n\n<p class=\"wp-block-paragraph\"><a href=\"https:\/\/demokratie.sachsen.schule\">https:\/\/demokratie.sachsen.schule<\/a><\/p>\n\n\n\n<p class=\"wp-block-paragraph\">Im Storytelling geht ist um eine Detektivgeschichte, die sich auf das Erleben eines Detektives mit F\u00e4llen konzentriert. Der Spielmechanismus sieht sowohl intuitives Agieren als auch konkretes L\u00f6sen von F\u00e4llen anhand verschiedener Aufgabenstellungen vor. Die F\u00e4lle zeigen authentische Situationen von Gruppenbezogener Menschenfeindlichkeit, die im digitalen oder analogen Raum geschehen. W\u00e4hrend des Spieles wird sich der Detektiv zu den F\u00e4llen verhalten, diese einordnen und abschlie\u00dfend F\u00e4higkeiten f\u00fcr m\u00f6gliche Handlungen bzw. Reaktionen erwerben.<\/p>\n\n\n\n<p class=\"wp-block-paragraph\">Das Manual richtet sich an Lehrerinnen und Lehrer an den Schularten Oberschule, Gymnasium und berufsbildenden Schulen, die das Lernspiel in den gesellschaftswissenschaftlichen F\u00e4chern umsetzen. Als Browserspiel ist es insbesondere f\u00fcr die Anwendung auf iPads optimiert.<\/p>\n\n\n\n<p class=\"wp-block-paragraph\">Text: Ralf Seifert<\/p>\n","protected":false},"excerpt":{"rendered":"<p>Bundesweit nimmt die Aggressivit\u00e4t einhergehend mit sinkenden Hemmschwellen unter Jugendlichen zu. Die Folge: Auch an Schule steigt die Anzahl politisch motivierter Straftaten. Wir haben mit Fabian Starosta von der Gesch\u00e4ftsstelle des Landespr\u00e4ventionsrates Sachsen (LPR) \u00fcber Pr\u00e4ventionsma\u00dfnahmen, Demokratiest\u00e4rkung und Ausstiegsm\u00f6glichkeiten gesprochen.<\/p>\n","protected":false},"author":138,"featured_media":13041,"comment_status":"open","ping_status":"open","sticky":false,"template":"","format":"standard","meta":{"footnotes":""},"categories":[11,48,247],"tags":[807,28,407,62],"class_list":["post-12898","post","type-post","status-publish","format-standard","has-post-thumbnail","hentry","category-bildungspolitik","category-interview","category-politische-bildung","tag-extremismuspraevention","tag-politische-bildung","tag-sachsen","tag-schule"],"aioseo_notices":[],"aioseo_head":"\n\t\t<!-- All in One SEO 5.0.1 - aioseo.com -->\n\t<meta name=\"robots\" content=\"max-image-preview:large\" \/>\n\t<meta name=\"author\" content=\"Lynn Winkler - SMK\"\/>\n\t<link rel=\"canonical\" href=\"https:\/\/www.bildung.sachsen.de\/blog\/index.php\/2026\/08\/25\/extremismuspraevention-unterstuetzung-fuer-schulen\/\" \/>\n\t<meta name=\"generator\" content=\"All in One SEO (AIOSEO) 5.0.1\" \/>\n\t\t<meta property=\"og:locale\" content=\"de_DE\" \/>\n\t\t<meta property=\"og:site_name\" content=\"SMK-Blog\" \/>\n\t\t<meta property=\"og:type\" content=\"article\" \/>\n\t\t<meta property=\"og:title\" content=\"Interview Extremismuspr\u00e4vention: Welche Unterst\u00fctzungsm\u00f6glichkeiten gibt es f\u00fcr Schulen? | SMK-Blog\" \/>\n\t\t<meta property=\"og:url\" content=\"https:\/\/www.bildung.sachsen.de\/blog\/index.php\/2026\/08\/25\/extremismuspraevention-unterstuetzung-fuer-schulen\/\" \/>\n\t\t<meta property=\"og:image\" content=\"https:\/\/www.bildung.sachsen.de\/blog\/wp-content\/uploads\/2026\/08\/Blog_quer.jpg\" \/>\n\t\t<meta property=\"og:image:secure_url\" content=\"https:\/\/www.bildung.sachsen.de\/blog\/wp-content\/uploads\/2026\/08\/Blog_quer.jpg\" \/>\n\t\t<meta property=\"og:image:width\" content=\"1640\" \/>\n\t\t<meta property=\"og:image:height\" content=\"856\" \/>\n\t\t<meta property=\"article:published_time\" content=\"2026-08-25T07:00:00+00:00\" \/>\n\t\t<meta property=\"article:modified_time\" content=\"2026-08-25T08:31:45+00:00\" \/>\n\t\t<meta property=\"article:publisher\" content=\"https:\/\/www.facebook.com\/SMKsachsen\" \/>\n\t\t<meta name=\"twitter:card\" content=\"summary_large_image\" \/>\n\t\t<meta name=\"twitter:site\" content=\"@Bildung_Sachsen\" \/>\n\t\t<meta name=\"twitter:title\" content=\"Interview Extremismuspr\u00e4vention: Welche Unterst\u00fctzungsm\u00f6glichkeiten gibt es f\u00fcr Schulen? | SMK-Blog\" \/>\n\t\t<meta name=\"twitter:creator\" content=\"@Bildung_Sachsen\" \/>\n\t\t<meta name=\"twitter:image\" content=\"https:\/\/www.bildung.sachsen.de\/blog\/wp-content\/uploads\/2026\/08\/Blog_quer.jpg\" \/>\n\t\t<script type=\"application\/ld+json\" class=\"aioseo-schema\">\n\t\t\t{\"@context\":\"https:\\\/\\\/schema.org\",\"@graph\":[{\"@type\":\"Article\",\"@id\":\"https:\\\/\\\/www.bildung.sachsen.de\\\/blog\\\/index.php\\\/2026\\\/08\\\/25\\\/extremismuspraevention-unterstuetzung-fuer-schulen\\\/#article\",\"name\":\"Interview Extremismuspr\\u00e4vention: Welche Unterst\\u00fctzungsm\\u00f6glichkeiten gibt es f\\u00fcr Schulen? | SMK-Blog\",\"headline\":\"Interview Extremismuspr\\u00e4vention: Welche Unterst\\u00fctzungsm\\u00f6glichkeiten gibt es f\\u00fcr Schulen?\",\"author\":{\"@id\":\"https:\\\/\\\/www.bildung.sachsen.de\\\/blog\\\/index.php\\\/author\\\/winkler\\\/#author\"},\"publisher\":{\"@id\":\"https:\\\/\\\/www.bildung.sachsen.de\\\/blog\\\/#organization\"},\"image\":{\"@type\":\"ImageObject\",\"url\":\"https:\\\/\\\/www.bildung.sachsen.de\\\/blog\\\/wp-content\\\/uploads\\\/2026\\\/08\\\/Blog_quer.jpg\",\"width\":1640,\"height\":856},\"datePublished\":\"2026-08-25T09:00:00+02:00\",\"dateModified\":\"2026-08-25T10:31:45+02:00\",\"inLanguage\":\"de-DE\",\"mainEntityOfPage\":{\"@id\":\"https:\\\/\\\/www.bildung.sachsen.de\\\/blog\\\/index.php\\\/2026\\\/08\\\/25\\\/extremismuspraevention-unterstuetzung-fuer-schulen\\\/#webpage\"},\"isPartOf\":{\"@id\":\"https:\\\/\\\/www.bildung.sachsen.de\\\/blog\\\/index.php\\\/2026\\\/08\\\/25\\\/extremismuspraevention-unterstuetzung-fuer-schulen\\\/#webpage\"},\"articleSection\":\"Bildungspolitik, Interview, Politische Bildung, Extremismuspr\\u00e4vention, politische Bildung, Sachsen, Schule\"},{\"@type\":\"BreadcrumbList\",\"@id\":\"https:\\\/\\\/www.bildung.sachsen.de\\\/blog\\\/index.php\\\/2026\\\/08\\\/25\\\/extremismuspraevention-unterstuetzung-fuer-schulen\\\/#breadcrumblist\",\"itemListElement\":[{\"@type\":\"ListItem\",\"@id\":\"https:\\\/\\\/www.bildung.sachsen.de\\\/blog#listItem\",\"position\":1,\"name\":\"Home\",\"item\":\"https:\\\/\\\/www.bildung.sachsen.de\\\/blog\",\"nextItem\":{\"@type\":\"ListItem\",\"@id\":\"https:\\\/\\\/www.bildung.sachsen.de\\\/blog\\\/index.php\\\/category\\\/bildungspolitik\\\/#listItem\",\"name\":\"Bildungspolitik\"}},{\"@type\":\"ListItem\",\"@id\":\"https:\\\/\\\/www.bildung.sachsen.de\\\/blog\\\/index.php\\\/category\\\/bildungspolitik\\\/#listItem\",\"position\":2,\"name\":\"Bildungspolitik\",\"item\":\"https:\\\/\\\/www.bildung.sachsen.de\\\/blog\\\/index.php\\\/category\\\/bildungspolitik\\\/\",\"nextItem\":{\"@type\":\"ListItem\",\"@id\":\"https:\\\/\\\/www.bildung.sachsen.de\\\/blog\\\/index.php\\\/2026\\\/08\\\/25\\\/extremismuspraevention-unterstuetzung-fuer-schulen\\\/#listItem\",\"name\":\"Interview Extremismuspr\\u00e4vention: Welche Unterst\\u00fctzungsm\\u00f6glichkeiten gibt es f\\u00fcr Schulen?\"},\"previousItem\":{\"@type\":\"ListItem\",\"@id\":\"https:\\\/\\\/www.bildung.sachsen.de\\\/blog#listItem\",\"name\":\"Home\"}},{\"@type\":\"ListItem\",\"@id\":\"https:\\\/\\\/www.bildung.sachsen.de\\\/blog\\\/index.php\\\/2026\\\/08\\\/25\\\/extremismuspraevention-unterstuetzung-fuer-schulen\\\/#listItem\",\"position\":3,\"name\":\"Interview Extremismuspr\\u00e4vention: Welche Unterst\\u00fctzungsm\\u00f6glichkeiten gibt es f\\u00fcr Schulen?\",\"previousItem\":{\"@type\":\"ListItem\",\"@id\":\"https:\\\/\\\/www.bildung.sachsen.de\\\/blog\\\/index.php\\\/category\\\/bildungspolitik\\\/#listItem\",\"name\":\"Bildungspolitik\"}}]},{\"@type\":\"Organization\",\"@id\":\"https:\\\/\\\/www.bildung.sachsen.de\\\/blog\\\/#organization\",\"name\":\"S\\u00e4chsisches Staatsministerium f\\u00fcr Kultus\",\"description\":\"Bildungsministerium in Sachsen\",\"url\":\"https:\\\/\\\/www.bildung.sachsen.de\\\/blog\\\/\",\"telephone\":\"+4935156465122\",\"sameAs\":[\"https:\\\/\\\/twitter.com\\\/Bildung_Sachsen\",\"https:\\\/\\\/www.instagram.com\\\/smksachsen\\\/\",\"https:\\\/\\\/www.youtube.com\\\/channel\\\/UC6qlQBstErXU5ch1vbRjJ7Q\"]},{\"@type\":\"Person\",\"@id\":\"https:\\\/\\\/www.bildung.sachsen.de\\\/blog\\\/index.php\\\/author\\\/winkler\\\/#author\",\"url\":\"https:\\\/\\\/www.bildung.sachsen.de\\\/blog\\\/index.php\\\/author\\\/winkler\\\/\",\"name\":\"Lynn Winkler - SMK\"},{\"@type\":\"WebPage\",\"@id\":\"https:\\\/\\\/www.bildung.sachsen.de\\\/blog\\\/index.php\\\/2026\\\/08\\\/25\\\/extremismuspraevention-unterstuetzung-fuer-schulen\\\/#webpage\",\"url\":\"https:\\\/\\\/www.bildung.sachsen.de\\\/blog\\\/index.php\\\/2026\\\/08\\\/25\\\/extremismuspraevention-unterstuetzung-fuer-schulen\\\/\",\"name\":\"Interview Extremismuspr\\u00e4vention: Welche Unterst\\u00fctzungsm\\u00f6glichkeiten gibt es f\\u00fcr Schulen? | SMK-Blog\",\"inLanguage\":\"de-DE\",\"isPartOf\":{\"@id\":\"https:\\\/\\\/www.bildung.sachsen.de\\\/blog\\\/#website\"},\"breadcrumb\":{\"@id\":\"https:\\\/\\\/www.bildung.sachsen.de\\\/blog\\\/index.php\\\/2026\\\/08\\\/25\\\/extremismuspraevention-unterstuetzung-fuer-schulen\\\/#breadcrumblist\"},\"author\":{\"@id\":\"https:\\\/\\\/www.bildung.sachsen.de\\\/blog\\\/index.php\\\/author\\\/winkler\\\/#author\"},\"creator\":{\"@id\":\"https:\\\/\\\/www.bildung.sachsen.de\\\/blog\\\/index.php\\\/author\\\/winkler\\\/#author\"},\"image\":{\"@type\":\"ImageObject\",\"url\":\"https:\\\/\\\/www.bildung.sachsen.de\\\/blog\\\/wp-content\\\/uploads\\\/2026\\\/08\\\/Blog_quer.jpg\",\"@id\":\"https:\\\/\\\/www.bildung.sachsen.de\\\/blog\\\/index.php\\\/2026\\\/08\\\/25\\\/extremismuspraevention-unterstuetzung-fuer-schulen\\\/#mainImage\",\"width\":1640,\"height\":856},\"primaryImageOfPage\":{\"@id\":\"https:\\\/\\\/www.bildung.sachsen.de\\\/blog\\\/index.php\\\/2026\\\/08\\\/25\\\/extremismuspraevention-unterstuetzung-fuer-schulen\\\/#mainImage\"},\"datePublished\":\"2026-08-25T09:00:00+02:00\",\"dateModified\":\"2026-08-25T10:31:45+02:00\"},{\"@type\":\"WebSite\",\"@id\":\"https:\\\/\\\/www.bildung.sachsen.de\\\/blog\\\/#website\",\"url\":\"https:\\\/\\\/www.bildung.sachsen.de\\\/blog\\\/\",\"name\":\"SMK-Blog\",\"description\":\"S\\u00e4chsisches Staatsministerium f\\u00fcr Kultus\",\"inLanguage\":\"de-DE\",\"publisher\":{\"@id\":\"https:\\\/\\\/www.bildung.sachsen.de\\\/blog\\\/#organization\"}}]}\n\t\t<\/script>\n\t\t<!-- All in One SEO -->\n\n","aioseo_head_json":{"title":"Interview Extremismuspr\u00e4vention: Welche Unterst\u00fctzungsm\u00f6glichkeiten gibt es f\u00fcr Schulen? | SMK-Blog","description":"","canonical_url":"https:\/\/www.bildung.sachsen.de\/blog\/index.php\/2026\/08\/25\/extremismuspraevention-unterstuetzung-fuer-schulen\/","robots":"max-image-preview:large","keywords":"","webmasterTools":{"miscellaneous":""},"schema":{"@context":"https:\/\/schema.org","@graph":[{"@type":"Article","@id":"https:\/\/www.bildung.sachsen.de\/blog\/index.php\/2026\/08\/25\/extremismuspraevention-unterstuetzung-fuer-schulen\/#article","name":"Interview Extremismuspr\u00e4vention: Welche Unterst\u00fctzungsm\u00f6glichkeiten gibt es f\u00fcr Schulen? | SMK-Blog","headline":"Interview Extremismuspr\u00e4vention: Welche Unterst\u00fctzungsm\u00f6glichkeiten gibt es f\u00fcr Schulen?","author":{"@id":"https:\/\/www.bildung.sachsen.de\/blog\/index.php\/author\/winkler\/#author"},"publisher":{"@id":"https:\/\/www.bildung.sachsen.de\/blog\/#organization"},"image":{"@type":"ImageObject","url":"https:\/\/www.bildung.sachsen.de\/blog\/wp-content\/uploads\/2026\/08\/Blog_quer.jpg","width":1640,"height":856},"datePublished":"2026-08-25T09:00:00+02:00","dateModified":"2026-08-25T10:31:45+02:00","inLanguage":"de-DE","mainEntityOfPage":{"@id":"https:\/\/www.bildung.sachsen.de\/blog\/index.php\/2026\/08\/25\/extremismuspraevention-unterstuetzung-fuer-schulen\/#webpage"},"isPartOf":{"@id":"https:\/\/www.bildung.sachsen.de\/blog\/index.php\/2026\/08\/25\/extremismuspraevention-unterstuetzung-fuer-schulen\/#webpage"},"articleSection":"Bildungspolitik, Interview, Politische Bildung, Extremismuspr\u00e4vention, politische Bildung, Sachsen, Schule"},{"@type":"BreadcrumbList","@id":"https:\/\/www.bildung.sachsen.de\/blog\/index.php\/2026\/08\/25\/extremismuspraevention-unterstuetzung-fuer-schulen\/#breadcrumblist","itemListElement":[{"@type":"ListItem","@id":"https:\/\/www.bildung.sachsen.de\/blog#listItem","position":1,"name":"Home","item":"https:\/\/www.bildung.sachsen.de\/blog","nextItem":{"@type":"ListItem","@id":"https:\/\/www.bildung.sachsen.de\/blog\/index.php\/category\/bildungspolitik\/#listItem","name":"Bildungspolitik"}},{"@type":"ListItem","@id":"https:\/\/www.bildung.sachsen.de\/blog\/index.php\/category\/bildungspolitik\/#listItem","position":2,"name":"Bildungspolitik","item":"https:\/\/www.bildung.sachsen.de\/blog\/index.php\/category\/bildungspolitik\/","nextItem":{"@type":"ListItem","@id":"https:\/\/www.bildung.sachsen.de\/blog\/index.php\/2026\/08\/25\/extremismuspraevention-unterstuetzung-fuer-schulen\/#listItem","name":"Interview Extremismuspr\u00e4vention: Welche Unterst\u00fctzungsm\u00f6glichkeiten gibt es f\u00fcr Schulen?"},"previousItem":{"@type":"ListItem","@id":"https:\/\/www.bildung.sachsen.de\/blog#listItem","name":"Home"}},{"@type":"ListItem","@id":"https:\/\/www.bildung.sachsen.de\/blog\/index.php\/2026\/08\/25\/extremismuspraevention-unterstuetzung-fuer-schulen\/#listItem","position":3,"name":"Interview Extremismuspr\u00e4vention: Welche Unterst\u00fctzungsm\u00f6glichkeiten gibt es f\u00fcr Schulen?","previousItem":{"@type":"ListItem","@id":"https:\/\/www.bildung.sachsen.de\/blog\/index.php\/category\/bildungspolitik\/#listItem","name":"Bildungspolitik"}}]},{"@type":"Organization","@id":"https:\/\/www.bildung.sachsen.de\/blog\/#organization","name":"S\u00e4chsisches Staatsministerium f\u00fcr Kultus","description":"Bildungsministerium in Sachsen","url":"https:\/\/www.bildung.sachsen.de\/blog\/","telephone":"+4935156465122","sameAs":["https:\/\/twitter.com\/Bildung_Sachsen","https:\/\/www.instagram.com\/smksachsen\/","https:\/\/www.youtube.com\/channel\/UC6qlQBstErXU5ch1vbRjJ7Q"]},{"@type":"Person","@id":"https:\/\/www.bildung.sachsen.de\/blog\/index.php\/author\/winkler\/#author","url":"https:\/\/www.bildung.sachsen.de\/blog\/index.php\/author\/winkler\/","name":"Lynn Winkler - SMK"},{"@type":"WebPage","@id":"https:\/\/www.bildung.sachsen.de\/blog\/index.php\/2026\/08\/25\/extremismuspraevention-unterstuetzung-fuer-schulen\/#webpage","url":"https:\/\/www.bildung.sachsen.de\/blog\/index.php\/2026\/08\/25\/extremismuspraevention-unterstuetzung-fuer-schulen\/","name":"Interview Extremismuspr\u00e4vention: Welche Unterst\u00fctzungsm\u00f6glichkeiten gibt es f\u00fcr Schulen? | SMK-Blog","inLanguage":"de-DE","isPartOf":{"@id":"https:\/\/www.bildung.sachsen.de\/blog\/#website"},"breadcrumb":{"@id":"https:\/\/www.bildung.sachsen.de\/blog\/index.php\/2026\/08\/25\/extremismuspraevention-unterstuetzung-fuer-schulen\/#breadcrumblist"},"author":{"@id":"https:\/\/www.bildung.sachsen.de\/blog\/index.php\/author\/winkler\/#author"},"creator":{"@id":"https:\/\/www.bildung.sachsen.de\/blog\/index.php\/author\/winkler\/#author"},"image":{"@type":"ImageObject","url":"https:\/\/www.bildung.sachsen.de\/blog\/wp-content\/uploads\/2026\/08\/Blog_quer.jpg","@id":"https:\/\/www.bildung.sachsen.de\/blog\/index.php\/2026\/08\/25\/extremismuspraevention-unterstuetzung-fuer-schulen\/#mainImage","width":1640,"height":856},"primaryImageOfPage":{"@id":"https:\/\/www.bildung.sachsen.de\/blog\/index.php\/2026\/08\/25\/extremismuspraevention-unterstuetzung-fuer-schulen\/#mainImage"},"datePublished":"2026-08-25T09:00:00+02:00","dateModified":"2026-08-25T10:31:45+02:00"},{"@type":"WebSite","@id":"https:\/\/www.bildung.sachsen.de\/blog\/#website","url":"https:\/\/www.bildung.sachsen.de\/blog\/","name":"SMK-Blog","description":"S\u00e4chsisches Staatsministerium f\u00fcr Kultus","inLanguage":"de-DE","publisher":{"@id":"https:\/\/www.bildung.sachsen.de\/blog\/#organization"}}]},"og:locale":"de_DE","og:site_name":"SMK-Blog","og:type":"article","og:title":"Interview Extremismuspr\u00e4vention: Welche Unterst\u00fctzungsm\u00f6glichkeiten gibt es f\u00fcr Schulen? | SMK-Blog","og:url":"https:\/\/www.bildung.sachsen.de\/blog\/index.php\/2026\/08\/25\/extremismuspraevention-unterstuetzung-fuer-schulen\/","og:image":"https:\/\/www.bildung.sachsen.de\/blog\/wp-content\/uploads\/2026\/08\/Blog_quer.jpg","og:image:secure_url":"https:\/\/www.bildung.sachsen.de\/blog\/wp-content\/uploads\/2026\/08\/Blog_quer.jpg","og:image:width":1640,"og:image:height":856,"article:published_time":"2026-08-25T07:00:00+00:00","article:modified_time":"2026-08-25T08:31:45+00:00","article:publisher":"https:\/\/www.facebook.com\/SMKsachsen","twitter:card":"summary_large_image","twitter:site":"@Bildung_Sachsen","twitter:title":"Interview Extremismuspr\u00e4vention: Welche Unterst\u00fctzungsm\u00f6glichkeiten gibt es f\u00fcr Schulen? | SMK-Blog","twitter:creator":"@Bildung_Sachsen","twitter:image":"https:\/\/www.bildung.sachsen.de\/blog\/wp-content\/uploads\/2026\/08\/Blog_quer.jpg"},"aioseo_meta_data":{"post_id":"12898","title":null,"description":null,"keywords":null,"keyphrases":{"focus":{"keyphrase":"Extremismuspr\u00e4vention","score":57},"additional":[]},"primary_term":null,"canonical_url":null,"og_title":null,"og_description":null,"og_object_type":"default","og_image_type":"custom_image","og_image_url":"https:\/\/www.bildung.sachsen.de\/blog\/wp-content\/uploads\/2026\/08\/Blog_quer.jpg","og_image_width":"1640","og_image_height":"856","og_image_custom_url":"https:\/\/www.bildung.sachsen.de\/blog\/wp-content\/uploads\/2026\/08\/Blog_quer.jpg","og_image_custom_fields":null,"og_video":"","og_custom_url":null,"og_article_section":null,"og_article_tags":null,"twitter_use_og":false,"twitter_card":"default","twitter_image_type":"custom_image","twitter_image_url":"https:\/\/www.bildung.sachsen.de\/blog\/wp-content\/uploads\/2026\/08\/Blog_quer.jpg","twitter_image_custom_url":"https:\/\/www.bildung.sachsen.de\/blog\/wp-content\/uploads\/2026\/08\/Blog_quer.jpg","twitter_image_custom_fields":null,"twitter_title":null,"twitter_description":null,"schema":{"blockGraphs":[],"customGraphs":[],"default":{"data":{"Article":[],"Course":[],"Dataset":[],"FAQPage":[],"Movie":[],"Person":[],"Product":[],"ProductReview":[],"Car":[],"Recipe":[],"Service":[],"SoftwareApplication":[],"WebPage":[]},"graphName":"Article","isEnabled":true},"graphs":[]},"schema_type":"default","schema_type_options":null,"pillar_content":false,"robots_default":true,"robots_noindex":false,"robots_noarchive":false,"robots_nosnippet":false,"robots_nofollow":false,"robots_noimageindex":false,"robots_noodp":false,"robots_notranslate":false,"robots_max_snippet":"-1","robots_max_videopreview":"-1","robots_max_imagepreview":"large","priority":null,"frequency":"default","local_seo":null,"breadcrumb_settings":null,"limit_modified_date":false,"ai":{"faqs":[],"keyPoints":[],"schemas":[],"titles":[],"descriptions":[],"socialPosts":{"email":{"subject":"","preview":"","content":""},"linkedin":[],"twitter":[],"facebook":[],"instagram":[]}},"created":"2026-06-16 07:17:38","updated":"2026-08-24 12:37:34","seo_analyzer_scan_date":null,"focus_keyword":"Extremismuspr\u00e4vention","additional_keywords":null,"truseo_locale":null},"aioseo_breadcrumb":"<div class=\"aioseo-breadcrumbs\"><span class=\"aioseo-breadcrumb\">\n\t\t\t<a href=\"https:\/\/www.bildung.sachsen.de\/blog\" title=\"Home\">Home<\/a>\n\t\t<\/span><span class=\"aioseo-breadcrumb-separator\">&raquo;<\/span><span class=\"aioseo-breadcrumb\">\n\t\t\t<a href=\"https:\/\/www.bildung.sachsen.de\/blog\/index.php\/category\/bildungspolitik\/\" title=\"Bildungspolitik\">Bildungspolitik<\/a>\n\t\t<\/span><span class=\"aioseo-breadcrumb-separator\">&raquo;<\/span><span class=\"aioseo-breadcrumb\">\n\t\t\tInterview Extremismuspr\u00e4vention: Welche Unterst\u00fctzungsm\u00f6glichkeiten gibt es f\u00fcr Schulen?\n\t\t<\/span><\/div>","aioseo_breadcrumb_json":[{"label":"Home","link":"https:\/\/www.bildung.sachsen.de\/blog"},{"label":"Bildungspolitik","link":"https:\/\/www.bildung.sachsen.de\/blog\/index.php\/category\/bildungspolitik\/"},{"label":"Interview Extremismuspr\u00e4vention: Welche Unterst\u00fctzungsm\u00f6glichkeiten gibt es f\u00fcr Schulen?","link":"https:\/\/www.bildung.sachsen.de\/blog\/index.php\/2026\/08\/25\/extremismuspraevention-unterstuetzung-fuer-schulen\/"}],"_links":{"self":[{"href":"https:\/\/www.bildung.sachsen.de\/blog\/index.php\/wp-json\/wp\/v2\/posts\/12898","targetHints":{"allow":["GET"]}}],"collection":[{"href":"https:\/\/www.bildung.sachsen.de\/blog\/index.php\/wp-json\/wp\/v2\/posts"}],"about":[{"href":"https:\/\/www.bildung.sachsen.de\/blog\/index.php\/wp-json\/wp\/v2\/types\/post"}],"author":[{"embeddable":true,"href":"https:\/\/www.bildung.sachsen.de\/blog\/index.php\/wp-json\/wp\/v2\/users\/138"}],"replies":[{"embeddable":true,"href":"https:\/\/www.bildung.sachsen.de\/blog\/index.php\/wp-json\/wp\/v2\/comments?post=12898"}],"version-history":[{"count":10,"href":"https:\/\/www.bildung.sachsen.de\/blog\/index.php\/wp-json\/wp\/v2\/posts\/12898\/revisions"}],"predecessor-version":[{"id":13043,"href":"https:\/\/www.bildung.sachsen.de\/blog\/index.php\/wp-json\/wp\/v2\/posts\/12898\/revisions\/13043"}],"wp:featuredmedia":[{"embeddable":true,"href":"https:\/\/www.bildung.sachsen.de\/blog\/index.php\/wp-json\/wp\/v2\/media\/13041"}],"wp:attachment":[{"href":"https:\/\/www.bildung.sachsen.de\/blog\/index.php\/wp-json\/wp\/v2\/media?parent=12898"}],"wp:term":[{"taxonomy":"category","embeddable":true,"href":"https:\/\/www.bildung.sachsen.de\/blog\/index.php\/wp-json\/wp\/v2\/categories?post=12898"},{"taxonomy":"post_tag","embeddable":true,"href":"https:\/\/www.bildung.sachsen.de\/blog\/index.php\/wp-json\/wp\/v2\/tags?post=12898"}],"curies":[{"name":"wp","href":"https:\/\/api.w.org\/{rel}","templated":true}]}}