{"id":12472,"date":"2026-01-21T13:00:00","date_gmt":"2026-01-21T12:00:00","guid":{"rendered":"https:\/\/www.bildung.sachsen.de\/blog\/?p=12472"},"modified":"2026-02-25T16:19:16","modified_gmt":"2026-02-25T15:19:16","slug":"sachsen-unterstuetzt-schulen-im-umgang-mit-psychischen-belastungen","status":"publish","type":"post","link":"https:\/\/www.bildung.sachsen.de\/blog\/index.php\/2026\/01\/21\/sachsen-unterstuetzt-schulen-im-umgang-mit-psychischen-belastungen\/","title":{"rendered":"Sachsen unterst\u00fctzt Schulen im Umgang mit psychischen Belastungen"},"content":{"rendered":"\n<p>Psychische Belastungen und Verhaltensauff\u00e4lligkeiten von Kindern und Jugendlichen nehmen auch im Schulalltag zu. Um Schulleitungen und Lehrkr\u00e4fte gezielt zu entlasten, startet das Kultusministerium gemeinsam mit dem Universit\u00e4tsklinikum Dresden, dem S\u00e4chsischen Krankenhaus Arnsdorf und der Beisheim Stiftung zum Schuljahr 2026\/2027 ein Pilotprojekt, das schulische Praxis und medizinische Expertise verbindet.<\/p>\n\n\n\n<!--more-->\n\n\n\n<p>Fr\u00fcher erkennen, schneller handeln: Schulische F\u00fchrungskr\u00e4fte sehen sich zunehmend mit steigenden Herausforderungen in der Sch\u00fclerschaft konfrontiert. Ein Umstand, der sich langfristig auf die Berufszufriedenheit und Lehrergesundheit auswirken kann. Ziel des neuen Pilotprojekts \u00bbResilienzst\u00e4rkung schulischer F\u00fchrungskr\u00e4fte\u00ab ist es, Lehrkr\u00e4fte zu entlasten und zugleich den Umgang mit Sch\u00fclerinnen und Sch\u00fclern mit psychischen Auff\u00e4lligkeiten zu professionalisieren und verl\u00e4sslicher zu gestalten.<\/p>\n\n\n\n<h2 class=\"wp-block-heading\">Resilienzst\u00e4rkung schulischer F\u00fchrungskr\u00e4fte<\/h2>\n\n\n\n<p>Das Projekt startet zum Schuljahr 2026\/27 in den Pilotregionen Dresden und Bautzen und ist in drei Module gegliedert. Kernst\u00fcck ist der \u00bbVerfahrensnavigator\u00ab. Das ist eine interaktive, digitale Orientierungshilfe, die \u00fcbersichtlich darstellt, welche Schritte in welchen Situationen notwendig sind. Der Navigator soll dauerhaft \u00fcber eine zentrale Webseite abrufbar sein und so auch von Fachkr\u00e4ften und Eltern genutzt werden k\u00f6nnen.<\/p>\n\n\n\n<p>Erg\u00e4nzend dazu nehmen im Modul \u00bbWissensbasis\u00ab einzelne Schulleitungen an sogenannten MHFA-Youth Kursen (Psychologische Erste Hilfe: Kompetenz f\u00fcr Krisensituationen im Alltag) teil und erhalten \u00fcber ein Jahr verteilt auf die regionalen Besonderheiten abgestimmte, erg\u00e4nzende Schulungen. Begleitet von medizinischen Fachkr\u00e4ften wird das Vorgehen anhand konkreter Fallbeispiele im Modul \u00bbTransferwerkstatt\u00ab einge\u00fcbt.<\/p>\n\n\n\n<p>Finanziell unterst\u00fctzt wird das Projekt durch die Otto-Beisheim-Stiftung. Ziel ist es, das Pilotprojekt schrittweise auszuweiten und langfristig im Freistaat Sachsen zu verankern.<\/p>\n\n\n\n<p>Kultusminister Conrad Clemens: \u00bbPsychische Belastungen von Kindern und Jugendlichen stellen Schulen zunehmend vor komplexe Aufgaben. Entscheidend ist, dass Schulleitungen wissen, welche Schritte wann notwendig sind. Mit diesem Projekt unterst\u00fctzen wir Schulleitungen und Lehrkr\u00e4fte dabei, herausfordernde Situationen sicher zu meistern. Durch die Verkn\u00fcpfung von schulischer Praxis und medizinischem Fachwissen st\u00e4rken wir ihre Handlungskompetenz.\u00ab<\/p>\n","protected":false},"excerpt":{"rendered":"<p>Psychische Belastungen und Verhaltensauff\u00e4lligkeiten von Kindern und Jugendlichen nehmen auch im Schulalltag zu. Um Schulleitungen und Lehrkr\u00e4fte gezielt zu entlasten, startet das Kultusministerium gemeinsam mit dem Universit\u00e4tsklinikum Dresden, dem S\u00e4chsischen Krankenhaus Arnsdorf und der Beisheim Stiftung zum Schuljahr 2026\/2027 ein Pilotprojekt, das schulische Praxis und medizinische Expertise verbindet.<\/p>\n","protected":false},"author":138,"featured_media":12473,"comment_status":"closed","ping_status":"open","sticky":false,"template":"","format":"standard","meta":{"footnotes":""},"categories":[11],"tags":[40,800,799,407,62],"class_list":["post-12472","post","type-post","status-publish","format-standard","has-post-thumbnail","hentry","category-bildungspolitik","tag-gesundheit","tag-mentale-gesundheit","tag-psychische-belastungen","tag-sachsen","tag-schule"],"aioseo_notices":[],"_links":{"self":[{"href":"https:\/\/www.bildung.sachsen.de\/blog\/index.php\/wp-json\/wp\/v2\/posts\/12472","targetHints":{"allow":["GET"]}}],"collection":[{"href":"https:\/\/www.bildung.sachsen.de\/blog\/index.php\/wp-json\/wp\/v2\/posts"}],"about":[{"href":"https:\/\/www.bildung.sachsen.de\/blog\/index.php\/wp-json\/wp\/v2\/types\/post"}],"author":[{"embeddable":true,"href":"https:\/\/www.bildung.sachsen.de\/blog\/index.php\/wp-json\/wp\/v2\/users\/138"}],"replies":[{"embeddable":true,"href":"https:\/\/www.bildung.sachsen.de\/blog\/index.php\/wp-json\/wp\/v2\/comments?post=12472"}],"version-history":[{"count":3,"href":"https:\/\/www.bildung.sachsen.de\/blog\/index.php\/wp-json\/wp\/v2\/posts\/12472\/revisions"}],"predecessor-version":[{"id":12477,"href":"https:\/\/www.bildung.sachsen.de\/blog\/index.php\/wp-json\/wp\/v2\/posts\/12472\/revisions\/12477"}],"wp:featuredmedia":[{"embeddable":true,"href":"https:\/\/www.bildung.sachsen.de\/blog\/index.php\/wp-json\/wp\/v2\/media\/12473"}],"wp:attachment":[{"href":"https:\/\/www.bildung.sachsen.de\/blog\/index.php\/wp-json\/wp\/v2\/media?parent=12472"}],"wp:term":[{"taxonomy":"category","embeddable":true,"href":"https:\/\/www.bildung.sachsen.de\/blog\/index.php\/wp-json\/wp\/v2\/categories?post=12472"},{"taxonomy":"post_tag","embeddable":true,"href":"https:\/\/www.bildung.sachsen.de\/blog\/index.php\/wp-json\/wp\/v2\/tags?post=12472"}],"curies":[{"name":"wp","href":"https:\/\/api.w.org\/{rel}","templated":true}]}}