{"id":12427,"date":"2025-12-10T09:00:00","date_gmt":"2025-12-10T08:00:00","guid":{"rendered":"https:\/\/www.bildung.sachsen.de\/blog\/?p=12427"},"modified":"2025-12-29T10:48:31","modified_gmt":"2025-12-29T09:48:31","slug":"juedisches-themenjahr-fortbildungen-fuer-lehrkraefte","status":"publish","type":"post","link":"https:\/\/www.bildung.sachsen.de\/blog\/index.php\/2025\/12\/10\/juedisches-themenjahr-fortbildungen-fuer-lehrkraefte\/","title":{"rendered":"Fortbildungen f\u00fcr Lehrkr\u00e4fte: So kommt j\u00fcdisches Leben ins Klassenzimmer!"},"content":{"rendered":"\n<p>2026 feiern wir das j\u00fcdische Leben und Kultur in Sachsen. F\u00fcr Lehrerinnen und Lehrer gibt es ein umfangreiches Fortbildungsangebot zum Thema. Jetzt anmelden!<\/p>\n\n\n\n<!--more-->\n\n\n\n<p>Das s\u00e4chsische Themenjahr \u00bbTacheles\u00ab startet offiziell mit Beginn des Chanukka, des achtt\u00e4gigen Lichterfests, am 14. Dezember 2025 im Freistaat. F\u00fcr Schulen steht ab sofort der Flyer \u00bbJ\u00fcdisches Leben in Sachsen\u00ab zur Verf\u00fcgung. Er bietet nicht nur eine \u00dcbersicht zu vielf\u00e4ltigen Fortbildungsformaten, sondern auch Bildungsangebote, Wissenswertes und eine beispielhafte Gruppenaufgabe f\u00fcr den Unterricht zum Entdecken jiddischer Begriffe mit Bez\u00fcgen zur deutschen Sprache. Ziel ist es, Schulleitungen, Lehrkr\u00e4fte und multiprofessionelle Teams anzuregen, sich mit j\u00fcdischem Leben zu besch\u00e4ftigen. So kommen \u00bbj\u00fcdisch-s\u00e4chsisch-mentshliche\u00ab Geschichten in die Klassenr\u00e4ume und Sch\u00fclerinnen und Sch\u00fclern lernen das J\u00fcdische (besser) kennen.<\/p>\n\n\n\n<p>Interessierte k\u00f6nnen sich <a href=\"http:\/\/www.schulportal.sachsen.de\/fortbildungen\/suche_kategorisierung.php\">im Schulportal f\u00fcr Fortbildungen anmelden<\/a>.<\/p>\n\n\n\n<p><strong><a href=\"https:\/\/www.bildung.sachsen.de\/blog\/wp-content\/uploads\/2025\/12\/Flyer_Juedisches-Leben.pdf\" title=\"\">Hier steht der Flyer zum Download bereit.<\/a><\/strong><\/p>\n\n\n\n<figure class=\"wp-block-image size-full\"><img loading=\"lazy\" decoding=\"async\" width=\"699\" height=\"981\" src=\"https:\/\/www.bildung.sachsen.de\/blog\/wp-content\/uploads\/2025\/12\/Flyer.jpg\" alt=\"\" class=\"wp-image-12436\" srcset=\"https:\/\/www.bildung.sachsen.de\/blog\/wp-content\/uploads\/2025\/12\/Flyer.jpg 699w, https:\/\/www.bildung.sachsen.de\/blog\/wp-content\/uploads\/2025\/12\/Flyer-214x300.jpg 214w\" sizes=\"auto, (max-width: 699px) 100vw, 699px\" \/><\/figure>\n\n\n\n<p>Auch Schule kann als Begegnungsraum von Menschen dazu beitragen, sich in unterschiedlichen F\u00e4chern, Projekten und Festen mit Sachwissen und Erfahrungen zum j\u00fcdischen Leben auseinanderzusetzen \u2013 und kann damit Orientierung f\u00fcr Haltungen und Einstellungen bieten.<\/p>\n\n\n\n<h2 class=\"wp-block-heading\">Das ist Tacheles 2026 \u2013 Jahr der j\u00fcdischen Kultur in Sachsen<\/h2>\n\n\n\n<p>W\u00e4hrend \u00bbTacheles \u2013 j\u00fcdisch-s\u00e4chsisch-mentshlich\u00ab werden ein Jahr lang die j\u00fcdische Kultur und gegenw\u00e4rtiges j\u00fcdisches Leben in Sachsen im Fokus stehen. Der Begriff \u00bbTacheles\u00ab kommt aus dem Jiddischen und bedeutet \u00bbkein Blatt vor den Mund nehmen\u00ab und wird auch verwendet, um sich \u00bboffen und klar\u00ab auszutauschen. Schon diese \u00dcbernahme spiegelt die sprachlichen und kulturellen Verbindungen zwischen j\u00fcdischen und nichtj\u00fcdischen Gemeinschaften wider.<\/p>\n\n\n\n<p>Im \u00dcbrigen meint das jiddische Wort \u00bbmentshlich\u00ab weit mehr als nur die Gattung \u00bbMensch\u00ab. Es impliziert Verantwortung und Empathie f\u00fcr die Gemeinschaft.<\/p>\n\n\n\n<p>Weitere Informationen zum Themenjahr stehen auf der Webseite bereit: <a href=\"https:\/\/tacheles.sachsen.de\/\">tacheles.sachsen.de<\/a>.<\/p>\n","protected":false},"excerpt":{"rendered":"<p>2026 feiern wir das j\u00fcdische Leben und Kultur in Sachsen. F\u00fcr Lehrerinnen und Lehrer gibt es ein umfangreiches Fortbildungsangebot zum Thema. Jetzt anmelden!<\/p>\n","protected":false},"author":138,"featured_media":12433,"comment_status":"closed","ping_status":"open","sticky":false,"template":"","format":"standard","meta":{"footnotes":""},"categories":[11,67],"tags":[795,36,407,62],"class_list":["post-12427","post","type-post","status-publish","format-standard","has-post-thumbnail","hentry","category-bildungspolitik","category-lehrer","tag-juedisches-themenjahr","tag-lehrer","tag-sachsen","tag-schule"],"aioseo_notices":[],"_links":{"self":[{"href":"https:\/\/www.bildung.sachsen.de\/blog\/index.php\/wp-json\/wp\/v2\/posts\/12427","targetHints":{"allow":["GET"]}}],"collection":[{"href":"https:\/\/www.bildung.sachsen.de\/blog\/index.php\/wp-json\/wp\/v2\/posts"}],"about":[{"href":"https:\/\/www.bildung.sachsen.de\/blog\/index.php\/wp-json\/wp\/v2\/types\/post"}],"author":[{"embeddable":true,"href":"https:\/\/www.bildung.sachsen.de\/blog\/index.php\/wp-json\/wp\/v2\/users\/138"}],"replies":[{"embeddable":true,"href":"https:\/\/www.bildung.sachsen.de\/blog\/index.php\/wp-json\/wp\/v2\/comments?post=12427"}],"version-history":[{"count":7,"href":"https:\/\/www.bildung.sachsen.de\/blog\/index.php\/wp-json\/wp\/v2\/posts\/12427\/revisions"}],"predecessor-version":[{"id":12440,"href":"https:\/\/www.bildung.sachsen.de\/blog\/index.php\/wp-json\/wp\/v2\/posts\/12427\/revisions\/12440"}],"wp:featuredmedia":[{"embeddable":true,"href":"https:\/\/www.bildung.sachsen.de\/blog\/index.php\/wp-json\/wp\/v2\/media\/12433"}],"wp:attachment":[{"href":"https:\/\/www.bildung.sachsen.de\/blog\/index.php\/wp-json\/wp\/v2\/media?parent=12427"}],"wp:term":[{"taxonomy":"category","embeddable":true,"href":"https:\/\/www.bildung.sachsen.de\/blog\/index.php\/wp-json\/wp\/v2\/categories?post=12427"},{"taxonomy":"post_tag","embeddable":true,"href":"https:\/\/www.bildung.sachsen.de\/blog\/index.php\/wp-json\/wp\/v2\/tags?post=12427"}],"curies":[{"name":"wp","href":"https:\/\/api.w.org\/{rel}","templated":true}]}}