{"id":12370,"date":"2025-11-14T14:45:00","date_gmt":"2025-11-14T13:45:00","guid":{"rendered":"https:\/\/www.bildung.sachsen.de\/blog\/?p=12370"},"modified":"2025-11-26T10:29:41","modified_gmt":"2025-11-26T09:29:41","slug":"auf-dem-weg-zur-begabungsfoerdernden-schule","status":"publish","type":"post","link":"https:\/\/www.bildung.sachsen.de\/blog\/index.php\/2025\/11\/14\/auf-dem-weg-zur-begabungsfoerdernden-schule\/","title":{"rendered":"Auf dem Weg zur begabungsf\u00f6rdernden Schule: der aktuelle Stand"},"content":{"rendered":"\n<p>Wie kommt Begabtenf\u00f6rderung wissenschaftlich fundiert und nachhaltig in Schule? Das erproben ausgew\u00e4hlte Schulen noch bis Ende 2027 im Rahmen der zweiten Phase der Bund-L\u00e4nder-Initiative \u00bbLeistung macht Schule \u2013 LemaS\u00ab. Wie das konkret in der schulischen Praxis aussieht, haben Teilnehmerschulen und Wissenschaftler jetzt vorgestellt.<\/p>\n\n\n\n<!--more-->\n\n\n\n<p>Ziel der Bund-L\u00e4nder-Initiative LemaS ist es, die F\u00f6rderung von Begabungen und Leistungen im Schulalltag zu verankern. Seit 2023 befindet sich das Projekt in der Transferphase. Dabei arbeiten 56 sogenannte Transferschulen (30 Gymnasien, 6 Oberschulen, 20 Grundschulen, <a href=\"https:\/\/www.leistung-macht-schule.de\/de\/Schulnetzwerke-1943.html\">https:\/\/www.leistung-macht-schule.de\/de\/Schulnetzwerke-1943.html<\/a>) mit 15 Hochschulen zusammen und erproben die Ergebnisse aus der ersten Projektphase an ihren Einrichtungen. Ihnen stehen daf\u00fcr praxiserprobte Konzepte, Strategien und Materialien zur Verf\u00fcgung, mit denen der Unterricht und die Schulkultur mit Blick auf Leistungs- und Begabungsf\u00f6rderung weiterentwickelt werden k\u00f6nnen. Prozessbegleitend evaluiert der Forschungsverbund das Projekt.<\/p>\n\n\n\n<h2 class=\"wp-block-heading\">Warum braucht es Begabungsf\u00f6rderung?<\/h2>\n\n\n\n<p>\u00bbEs ist ein Herzensanliegen. Wir haben die individuelle F\u00f6rderung in unser Schulprogramm geschrieben. Es ist kein einfacher Prozess, aber ein lohnenswerter Weg\u00ab, unterstreicht Andreas K\u00e4nner, Schulleiter vom Humboldt-Gymnasium Radeberg, die Bedeutung der Begabtenf\u00f6rderung. Die Schule ist eine der 56 Einrichtungen, die an der zweiten Phase von \u00bbLeistung macht Schule\u00ab teilnimmt.<\/p>\n\n\n\n<figure class=\"wp-block-gallery has-nested-images columns-default is-cropped wp-block-gallery-1 is-layout-flex wp-block-gallery-is-layout-flex\">\n<figure class=\"wp-block-image size-large\"><img loading=\"lazy\" decoding=\"async\" width=\"960\" height=\"1200\" data-id=\"12387\" src=\"https:\/\/www.bildung.sachsen.de\/blog\/wp-content\/uploads\/2025\/11\/20251113_CC_LemaS_2-1-960x1200.jpg\" alt=\"\" class=\"wp-image-12387\" srcset=\"https:\/\/www.bildung.sachsen.de\/blog\/wp-content\/uploads\/2025\/11\/20251113_CC_LemaS_2-1-960x1200.jpg 960w, https:\/\/www.bildung.sachsen.de\/blog\/wp-content\/uploads\/2025\/11\/20251113_CC_LemaS_2-1-240x300.jpg 240w, https:\/\/www.bildung.sachsen.de\/blog\/wp-content\/uploads\/2025\/11\/20251113_CC_LemaS_2-1-768x960.jpg 768w, https:\/\/www.bildung.sachsen.de\/blog\/wp-content\/uploads\/2025\/11\/20251113_CC_LemaS_2-1-1229x1536.jpg 1229w, https:\/\/www.bildung.sachsen.de\/blog\/wp-content\/uploads\/2025\/11\/20251113_CC_LemaS_2-1-1638x2048.jpg 1638w, https:\/\/www.bildung.sachsen.de\/blog\/wp-content\/uploads\/2025\/11\/20251113_CC_LemaS_2-1-scaled.jpg 2048w\" sizes=\"auto, (max-width: 960px) 100vw, 960px\" \/><\/figure>\n\n\n\n<figure class=\"wp-block-image size-large\"><img loading=\"lazy\" decoding=\"async\" width=\"960\" height=\"1200\" data-id=\"12384\" src=\"https:\/\/www.bildung.sachsen.de\/blog\/wp-content\/uploads\/2025\/11\/20251113_CC_LemaS_1-2-960x1200.jpg\" alt=\"\" class=\"wp-image-12384\" srcset=\"https:\/\/www.bildung.sachsen.de\/blog\/wp-content\/uploads\/2025\/11\/20251113_CC_LemaS_1-2-960x1200.jpg 960w, https:\/\/www.bildung.sachsen.de\/blog\/wp-content\/uploads\/2025\/11\/20251113_CC_LemaS_1-2-240x300.jpg 240w, https:\/\/www.bildung.sachsen.de\/blog\/wp-content\/uploads\/2025\/11\/20251113_CC_LemaS_1-2-768x960.jpg 768w, https:\/\/www.bildung.sachsen.de\/blog\/wp-content\/uploads\/2025\/11\/20251113_CC_LemaS_1-2-1229x1536.jpg 1229w, https:\/\/www.bildung.sachsen.de\/blog\/wp-content\/uploads\/2025\/11\/20251113_CC_LemaS_1-2-1638x2048.jpg 1638w, https:\/\/www.bildung.sachsen.de\/blog\/wp-content\/uploads\/2025\/11\/20251113_CC_LemaS_1-2-scaled.jpg 2048w\" sizes=\"auto, (max-width: 960px) 100vw, 960px\" \/><\/figure>\n\n\n\n<figure class=\"wp-block-image size-large\"><img loading=\"lazy\" decoding=\"async\" width=\"960\" height=\"1200\" data-id=\"12385\" src=\"https:\/\/www.bildung.sachsen.de\/blog\/wp-content\/uploads\/2025\/11\/20251113_CC_LemaS_4-2-960x1200.jpg\" alt=\"\" class=\"wp-image-12385\" srcset=\"https:\/\/www.bildung.sachsen.de\/blog\/wp-content\/uploads\/2025\/11\/20251113_CC_LemaS_4-2-960x1200.jpg 960w, https:\/\/www.bildung.sachsen.de\/blog\/wp-content\/uploads\/2025\/11\/20251113_CC_LemaS_4-2-240x300.jpg 240w, https:\/\/www.bildung.sachsen.de\/blog\/wp-content\/uploads\/2025\/11\/20251113_CC_LemaS_4-2-768x960.jpg 768w, https:\/\/www.bildung.sachsen.de\/blog\/wp-content\/uploads\/2025\/11\/20251113_CC_LemaS_4-2-1229x1536.jpg 1229w, https:\/\/www.bildung.sachsen.de\/blog\/wp-content\/uploads\/2025\/11\/20251113_CC_LemaS_4-2-1638x2048.jpg 1638w, https:\/\/www.bildung.sachsen.de\/blog\/wp-content\/uploads\/2025\/11\/20251113_CC_LemaS_4-2-scaled.jpg 2048w\" sizes=\"auto, (max-width: 960px) 100vw, 960px\" \/><\/figure>\n<\/figure>\n\n\n\n<p>Das Etablieren und Entwickeln begabungsf\u00f6rderlicher Strukturen an allen Schulen erm\u00f6glicht nicht nur (hoch-)begabten Sch\u00fclerinnen und Sch\u00fclern eine Potentialentfaltung, sondern schafft die Voraussetzungen f\u00fcr das Erkennen und passgenaue F\u00f6rdern von individuellen Begabungen aller Lernenden.<\/p>\n\n\n\n<h2 class=\"wp-block-heading\">Jahrestagung 2025 \u2013 der aktuelle Stand<\/h2>\n\n\n\n<p>Wie finden Schulen interessierte und potentiell begabte Kinder? Wie werden die Sch\u00fclerinnen und Sch\u00fcler konkret gef\u00f6rdert? Welche konkreten Unterst\u00fctzungsangebote gibt es? Die teilnehmenden Schulen haben in Posterpr\u00e4sentationen<strong> <\/strong>das aktuelle Geschehen an ihrer Einrichtung und im Netzwerk festgehalten und individuelle Wege zur \u00bbBegabungsf\u00f6rderlichen Schule\u00ab gezeigt.<strong><\/strong><\/p>\n\n\n\n<p><strong>Beispiel 1: Johannes-Kepler-Gymnasium Chemnitz<\/strong><\/p>\n\n\n\n<div data-wp-interactive=\"core\/file\" class=\"wp-block-file\"><object data-wp-bind--hidden=\"!state.hasPdfPreview\" hidden class=\"wp-block-file__embed\" data=\"https:\/\/www.bildung.sachsen.de\/blog\/wp-content\/uploads\/2025\/11\/LemaS_Poster_JKG_Chemnitz-002-1.pdf\" type=\"application\/pdf\" style=\"width:100%;height:600px\" aria-label=\"Einbettung von LemaS_Poster_JKG_Chemnitz (002).\"><\/object><a id=\"wp-block-file--media-96850b05-34fc-4f8a-b3c6-3eac7804b33e\" href=\"https:\/\/www.bildung.sachsen.de\/blog\/wp-content\/uploads\/2025\/11\/LemaS_Poster_JKG_Chemnitz-002-1.pdf\">LemaS_Poster_JKG_Chemnitz (002)<\/a><a href=\"https:\/\/www.bildung.sachsen.de\/blog\/wp-content\/uploads\/2025\/11\/LemaS_Poster_JKG_Chemnitz-002-1.pdf\" class=\"wp-block-file__button wp-element-button\" download aria-describedby=\"wp-block-file--media-96850b05-34fc-4f8a-b3c6-3eac7804b33e\">Herunterladen<\/a><\/div>\n\n\n\n<p><strong>Beispiel 2: Anton-Philipp-Reclam-Gymnasium Leipzig<\/strong><\/p>\n\n\n\n<div data-wp-interactive=\"core\/file\" class=\"wp-block-file\"><object data-wp-bind--hidden=\"!state.hasPdfPreview\" hidden class=\"wp-block-file__embed\" data=\"https:\/\/www.bildung.sachsen.de\/blog\/wp-content\/uploads\/2025\/11\/LemaS_Poster_Reclam-1.pdf\" type=\"application\/pdf\" style=\"width:100%;height:600px\" aria-label=\"Einbettung von LemaS_Poster_Reclam.\"><\/object><a id=\"wp-block-file--media-fcda42f0-71a8-453a-8ff4-94e21da52531\" href=\"https:\/\/www.bildung.sachsen.de\/blog\/wp-content\/uploads\/2025\/11\/LemaS_Poster_Reclam-1.pdf\">LemaS_Poster_Reclam<\/a><a href=\"https:\/\/www.bildung.sachsen.de\/blog\/wp-content\/uploads\/2025\/11\/LemaS_Poster_Reclam-1.pdf\" class=\"wp-block-file__button wp-element-button\" download aria-describedby=\"wp-block-file--media-fcda42f0-71a8-453a-8ff4-94e21da52531\">Herunterladen<\/a><\/div>\n\n\n\n<h2 class=\"wp-block-heading\">Exzellente s\u00e4chsische Voraussetzungen<\/h2>\n\n\n\n<p>Sachsen verf\u00fcgt \u00fcber ein differenziert ausgebautes und gut etabliertes System der Begabungs- und Begabtenf\u00f6rderung auf verschiedenen Ebenen, Schulstufen und Schulformen, das sich durch starke, stabil nachhaltige Strukturen, umfangreiche Erfahrungen und hohe Expertise auszeichnet. Schulische Begabtenf\u00f6rderung im Freistaat ist dabei im Schulgesetz verankert (\u00a71, 7 und 35a Schulgesetz) und hat eine lange Tradition.<\/p>\n\n\n\n<p>Die Transfernetzwerke in Sachsen wurden in Ankn\u00fcpfung an bereits bestehende begabungsf\u00f6rderliche Schulstandorte gebildet. So sind vier regionale, schulart\u00fcbergreifende Netzwerke entstanden, die von den f\u00fcnf Kompetenzzentren f\u00fcr Begabungs- und Begabtenf\u00f6rderung gesteuert werden. Die einzelnen Schulnetzwerke in den Regionen Bautzen, Chemnitz\/Zwickau, Dresden und Leipzig werden von Netzwerkkoordinatorinnen und -koordinatoren sowie Fachberaterinnen und Fachberatern f\u00fcr Begabungs- und Begabtenf\u00f6rderung unterst\u00fctzt.<\/p>\n\n\n\n<p>Eine Besonderheit in Sachsen stellt die Verkn\u00fcpfung mit einem weiteren s\u00e4chsischen Projekt \u00bb<a href=\"https:\/\/karg-stiftung.de\/projekte\/karg-campus-sachsen\/\"><strong>Karg Campus Sachsen<\/strong><\/a>\u00ab dar. Dabei wurden bereits die Kindertagesst\u00e4tten in die LemaS Transfernetzwerke erfolgreich einbezogen.<\/p>\n\n\n\n<figure class=\"wp-block-gallery has-nested-images columns-default is-cropped wp-block-gallery-2 is-layout-flex wp-block-gallery-is-layout-flex\">\n<figure class=\"wp-block-image size-large\"><img loading=\"lazy\" decoding=\"async\" width=\"960\" height=\"1200\" data-id=\"12395\" src=\"https:\/\/www.bildung.sachsen.de\/blog\/wp-content\/uploads\/2025\/11\/20251113_CC_LemaS_3-3-960x1200.jpg\" alt=\"\" class=\"wp-image-12395\" srcset=\"https:\/\/www.bildung.sachsen.de\/blog\/wp-content\/uploads\/2025\/11\/20251113_CC_LemaS_3-3-960x1200.jpg 960w, https:\/\/www.bildung.sachsen.de\/blog\/wp-content\/uploads\/2025\/11\/20251113_CC_LemaS_3-3-240x300.jpg 240w, https:\/\/www.bildung.sachsen.de\/blog\/wp-content\/uploads\/2025\/11\/20251113_CC_LemaS_3-3-768x960.jpg 768w, https:\/\/www.bildung.sachsen.de\/blog\/wp-content\/uploads\/2025\/11\/20251113_CC_LemaS_3-3-1229x1536.jpg 1229w, https:\/\/www.bildung.sachsen.de\/blog\/wp-content\/uploads\/2025\/11\/20251113_CC_LemaS_3-3-1638x2048.jpg 1638w, https:\/\/www.bildung.sachsen.de\/blog\/wp-content\/uploads\/2025\/11\/20251113_CC_LemaS_3-3-scaled.jpg 2048w\" sizes=\"auto, (max-width: 960px) 100vw, 960px\" \/><\/figure>\n\n\n\n<figure class=\"wp-block-image size-large\"><img loading=\"lazy\" decoding=\"async\" width=\"960\" height=\"1200\" data-id=\"12398\" src=\"https:\/\/www.bildung.sachsen.de\/blog\/wp-content\/uploads\/2025\/11\/20251113_CC_LemaS_5-1-960x1200.jpg\" alt=\"\" class=\"wp-image-12398\" srcset=\"https:\/\/www.bildung.sachsen.de\/blog\/wp-content\/uploads\/2025\/11\/20251113_CC_LemaS_5-1-960x1200.jpg 960w, https:\/\/www.bildung.sachsen.de\/blog\/wp-content\/uploads\/2025\/11\/20251113_CC_LemaS_5-1-240x300.jpg 240w, https:\/\/www.bildung.sachsen.de\/blog\/wp-content\/uploads\/2025\/11\/20251113_CC_LemaS_5-1-768x960.jpg 768w, https:\/\/www.bildung.sachsen.de\/blog\/wp-content\/uploads\/2025\/11\/20251113_CC_LemaS_5-1-1229x1536.jpg 1229w, https:\/\/www.bildung.sachsen.de\/blog\/wp-content\/uploads\/2025\/11\/20251113_CC_LemaS_5-1-1638x2048.jpg 1638w, https:\/\/www.bildung.sachsen.de\/blog\/wp-content\/uploads\/2025\/11\/20251113_CC_LemaS_5-1-scaled.jpg 2048w\" sizes=\"auto, (max-width: 960px) 100vw, 960px\" \/><\/figure>\n\n\n\n<figure class=\"wp-block-image size-large\"><img loading=\"lazy\" decoding=\"async\" width=\"960\" height=\"1200\" data-id=\"12397\" src=\"https:\/\/www.bildung.sachsen.de\/blog\/wp-content\/uploads\/2025\/11\/20251113_CC_LemaS_7-1-960x1200.jpg\" alt=\"\" class=\"wp-image-12397\" srcset=\"https:\/\/www.bildung.sachsen.de\/blog\/wp-content\/uploads\/2025\/11\/20251113_CC_LemaS_7-1-960x1200.jpg 960w, https:\/\/www.bildung.sachsen.de\/blog\/wp-content\/uploads\/2025\/11\/20251113_CC_LemaS_7-1-240x300.jpg 240w, https:\/\/www.bildung.sachsen.de\/blog\/wp-content\/uploads\/2025\/11\/20251113_CC_LemaS_7-1-768x960.jpg 768w, https:\/\/www.bildung.sachsen.de\/blog\/wp-content\/uploads\/2025\/11\/20251113_CC_LemaS_7-1-1229x1536.jpg 1229w, https:\/\/www.bildung.sachsen.de\/blog\/wp-content\/uploads\/2025\/11\/20251113_CC_LemaS_7-1-1638x2048.jpg 1638w, https:\/\/www.bildung.sachsen.de\/blog\/wp-content\/uploads\/2025\/11\/20251113_CC_LemaS_7-1-scaled.jpg 2048w\" sizes=\"auto, (max-width: 960px) 100vw, 960px\" \/><\/figure>\n\n\n\n<figure class=\"wp-block-image size-large\"><img loading=\"lazy\" decoding=\"async\" width=\"960\" height=\"1200\" data-id=\"12399\" src=\"https:\/\/www.bildung.sachsen.de\/blog\/wp-content\/uploads\/2025\/11\/20251113_CC_LemaS_8-1-960x1200.jpg\" alt=\"\" class=\"wp-image-12399\" srcset=\"https:\/\/www.bildung.sachsen.de\/blog\/wp-content\/uploads\/2025\/11\/20251113_CC_LemaS_8-1-960x1200.jpg 960w, https:\/\/www.bildung.sachsen.de\/blog\/wp-content\/uploads\/2025\/11\/20251113_CC_LemaS_8-1-240x300.jpg 240w, https:\/\/www.bildung.sachsen.de\/blog\/wp-content\/uploads\/2025\/11\/20251113_CC_LemaS_8-1-768x960.jpg 768w, https:\/\/www.bildung.sachsen.de\/blog\/wp-content\/uploads\/2025\/11\/20251113_CC_LemaS_8-1-1229x1536.jpg 1229w, https:\/\/www.bildung.sachsen.de\/blog\/wp-content\/uploads\/2025\/11\/20251113_CC_LemaS_8-1-1638x2048.jpg 1638w, https:\/\/www.bildung.sachsen.de\/blog\/wp-content\/uploads\/2025\/11\/20251113_CC_LemaS_8-1-scaled.jpg 2048w\" sizes=\"auto, (max-width: 960px) 100vw, 960px\" \/><\/figure>\n\n\n\n<figure class=\"wp-block-image size-large\"><img loading=\"lazy\" decoding=\"async\" width=\"960\" height=\"1200\" data-id=\"12401\" src=\"https:\/\/www.bildung.sachsen.de\/blog\/wp-content\/uploads\/2025\/11\/20251113_CC_LemaS_9-1-960x1200.jpg\" alt=\"\" class=\"wp-image-12401\" srcset=\"https:\/\/www.bildung.sachsen.de\/blog\/wp-content\/uploads\/2025\/11\/20251113_CC_LemaS_9-1-960x1200.jpg 960w, https:\/\/www.bildung.sachsen.de\/blog\/wp-content\/uploads\/2025\/11\/20251113_CC_LemaS_9-1-240x300.jpg 240w, https:\/\/www.bildung.sachsen.de\/blog\/wp-content\/uploads\/2025\/11\/20251113_CC_LemaS_9-1-768x960.jpg 768w, https:\/\/www.bildung.sachsen.de\/blog\/wp-content\/uploads\/2025\/11\/20251113_CC_LemaS_9-1-1229x1536.jpg 1229w, https:\/\/www.bildung.sachsen.de\/blog\/wp-content\/uploads\/2025\/11\/20251113_CC_LemaS_9-1-1638x2048.jpg 1638w, https:\/\/www.bildung.sachsen.de\/blog\/wp-content\/uploads\/2025\/11\/20251113_CC_LemaS_9-1-scaled.jpg 2048w\" sizes=\"auto, (max-width: 960px) 100vw, 960px\" \/><\/figure>\n\n\n\n<figure class=\"wp-block-image size-large\"><img loading=\"lazy\" decoding=\"async\" width=\"960\" height=\"1200\" data-id=\"12400\" src=\"https:\/\/www.bildung.sachsen.de\/blog\/wp-content\/uploads\/2025\/11\/20251113_CC_LemaS_10-1-960x1200.jpg\" alt=\"\" class=\"wp-image-12400\" srcset=\"https:\/\/www.bildung.sachsen.de\/blog\/wp-content\/uploads\/2025\/11\/20251113_CC_LemaS_10-1-960x1200.jpg 960w, https:\/\/www.bildung.sachsen.de\/blog\/wp-content\/uploads\/2025\/11\/20251113_CC_LemaS_10-1-240x300.jpg 240w, https:\/\/www.bildung.sachsen.de\/blog\/wp-content\/uploads\/2025\/11\/20251113_CC_LemaS_10-1-768x960.jpg 768w, https:\/\/www.bildung.sachsen.de\/blog\/wp-content\/uploads\/2025\/11\/20251113_CC_LemaS_10-1-1229x1536.jpg 1229w, https:\/\/www.bildung.sachsen.de\/blog\/wp-content\/uploads\/2025\/11\/20251113_CC_LemaS_10-1-1638x2048.jpg 1638w, https:\/\/www.bildung.sachsen.de\/blog\/wp-content\/uploads\/2025\/11\/20251113_CC_LemaS_10-1-scaled.jpg 2048w\" sizes=\"auto, (max-width: 960px) 100vw, 960px\" \/><\/figure>\n<\/figure>\n\n\n\n<h2 class=\"wp-block-heading\">Fachkundige Beratung <\/h2>\n\n\n\n<p>Eine zentrale Rolle spielt die Beratungsstelle zur Begabtenf\u00f6rderung (BzB). Siebietet seit ihrer Gr\u00fcndung 2008 ein landesweit operierendes und vernetztes Angebot zur Einzelfallberatung, systemischen Beratung und F\u00f6rderung \u00fcber alle Bildungsstufen hinweg. Die Referentinnen und Referenten der BzB unterst\u00fctzen sowohl Eltern bei der Suche nach individuell passf\u00e4higen L\u00f6sungen f\u00fcr ihre Kinder als auch Lehrkr\u00e4fte sowie Erzieherinnen und Erzieher bei der Begleitung begabter Kinder und Jugendlicher.Dazu geh\u00f6ren zum einen konkrete Impulse f\u00fcr ein begabungsf\u00f6rderliches Unterrichten, bezogen auf die Bed\u00fcrfnisse des einzelnen Kindes, zum anderen die systemische Schulberatung sowie bedarfsorientierte Fortbildungen auf zentraler, regionaler und schulinterner Ebene.<\/p>\n\n\n\n<h2 class=\"wp-block-heading\">Mehr dazu<\/h2>\n\n\n\n<p><a href=\"https:\/\/www.bildung.sachsen.de\/blog\/index.php\/2023\/09\/08\/begabung-gezielt-foerdern-ergebnisse-der-bund-laender-initiative-leistung-macht-schule-lemas-an-weitere-schulen-transferiert\/\">https:\/\/www.bildung.sachsen.de\/blog\/index.php\/2023\/09\/08\/begabung-gezielt-foerdern-ergebnisse-der-bund-laender-initiative-leistung-macht-schule-lemas-an-weitere-schulen-transferiert\/<\/a><\/p>\n\n\n\n<p><a href=\"https:\/\/www.leistung-macht-schule.de\/\">www.leistung-macht-schule.de<\/a><\/p>\n\n\n\n<figure class=\"wp-block-image size-full\"><img loading=\"lazy\" decoding=\"async\" width=\"565\" height=\"377\" src=\"https:\/\/www.bildung.sachsen.de\/blog\/wp-content\/uploads\/2025\/11\/b-bund-laender-initiative-logo-1.png\" alt=\"\" class=\"wp-image-12403\" srcset=\"https:\/\/www.bildung.sachsen.de\/blog\/wp-content\/uploads\/2025\/11\/b-bund-laender-initiative-logo-1.png 565w, https:\/\/www.bildung.sachsen.de\/blog\/wp-content\/uploads\/2025\/11\/b-bund-laender-initiative-logo-1-300x200.png 300w\" sizes=\"auto, (max-width: 565px) 100vw, 565px\" \/><\/figure>\n","protected":false},"excerpt":{"rendered":"<p>Wie kommt Begabtenf\u00f6rderung wissenschaftlich fundiert und nachhaltig in Schule? Das erproben ausgew\u00e4hlte Schulen noch bis Ende 2027 im Rahmen der zweiten Phase der Bund-L\u00e4nder-Initiative \u00bbLeistung macht Schule \u2013 LemaS\u00ab. Wie das konkret in der schulischen Praxis aussieht, haben Teilnehmerschulen und Wissenschaftler jetzt vorgestellt.<\/p>\n","protected":false},"author":138,"featured_media":12404,"comment_status":"closed","ping_status":"open","sticky":false,"template":"","format":"standard","meta":{"footnotes":""},"categories":[11],"tags":[113,744,36,407,62],"class_list":["post-12370","post","type-post","status-publish","format-standard","has-post-thumbnail","hentry","category-bildungspolitik","tag-begabtenfoerderung","tag-begabung","tag-lehrer","tag-sachsen","tag-schule"],"aioseo_notices":[],"_links":{"self":[{"href":"https:\/\/www.bildung.sachsen.de\/blog\/index.php\/wp-json\/wp\/v2\/posts\/12370","targetHints":{"allow":["GET"]}}],"collection":[{"href":"https:\/\/www.bildung.sachsen.de\/blog\/index.php\/wp-json\/wp\/v2\/posts"}],"about":[{"href":"https:\/\/www.bildung.sachsen.de\/blog\/index.php\/wp-json\/wp\/v2\/types\/post"}],"author":[{"embeddable":true,"href":"https:\/\/www.bildung.sachsen.de\/blog\/index.php\/wp-json\/wp\/v2\/users\/138"}],"replies":[{"embeddable":true,"href":"https:\/\/www.bildung.sachsen.de\/blog\/index.php\/wp-json\/wp\/v2\/comments?post=12370"}],"version-history":[{"count":3,"href":"https:\/\/www.bildung.sachsen.de\/blog\/index.php\/wp-json\/wp\/v2\/posts\/12370\/revisions"}],"predecessor-version":[{"id":12405,"href":"https:\/\/www.bildung.sachsen.de\/blog\/index.php\/wp-json\/wp\/v2\/posts\/12370\/revisions\/12405"}],"wp:featuredmedia":[{"embeddable":true,"href":"https:\/\/www.bildung.sachsen.de\/blog\/index.php\/wp-json\/wp\/v2\/media\/12404"}],"wp:attachment":[{"href":"https:\/\/www.bildung.sachsen.de\/blog\/index.php\/wp-json\/wp\/v2\/media?parent=12370"}],"wp:term":[{"taxonomy":"category","embeddable":true,"href":"https:\/\/www.bildung.sachsen.de\/blog\/index.php\/wp-json\/wp\/v2\/categories?post=12370"},{"taxonomy":"post_tag","embeddable":true,"href":"https:\/\/www.bildung.sachsen.de\/blog\/index.php\/wp-json\/wp\/v2\/tags?post=12370"}],"curies":[{"name":"wp","href":"https:\/\/api.w.org\/{rel}","templated":true}]}}