{"id":12137,"date":"2025-08-06T12:15:12","date_gmt":"2025-08-06T10:15:12","guid":{"rendered":"https:\/\/www.bildung.sachsen.de\/blog\/?p=12137"},"modified":"2025-08-27T10:32:23","modified_gmt":"2025-08-27T08:32:23","slug":"schuljahr-2025-26-ueber-1-100-neue-lehrkraefte-fuer-sachsens-schulen","status":"publish","type":"post","link":"https:\/\/www.bildung.sachsen.de\/blog\/index.php\/2025\/08\/06\/schuljahr-2025-26-ueber-1-100-neue-lehrkraefte-fuer-sachsens-schulen\/","title":{"rendered":"Schuljahr 2025\/26: \u00dcber 1.100 neue Lehrkr\u00e4fte f\u00fcr Sachsens Schulen"},"content":{"rendered":"\n<p>Rund 534.000 Sch\u00fclerinnen und Sch\u00fcler starten am kommenden Montag (11. August) in ein neues Schuljahr. F\u00fcr rund 37.000 Erstkl\u00e4ssler beginnt damit ein neuer Lebensabschnitt. Das ist neu im Schuljahr 2025\/26:<\/p>\n\n\n\n<!--more-->\n\n\n\n<p>In Vorbereitung auf das kommende Schuljahr hat der Freistaat Sachsen bisher insgesamt 1.114 Lehrkr\u00e4fte eingestellt (2024: 1.033). Besonders erfreulich ist, dass 885 grundst\u00e4ndig ausgebildete Lehrkr\u00e4fte eingestellt werden konnten \u2013 \u00fcber 100 mehr als letztes Jahr (2024: 773).<\/p>\n\n\n\n<p>Knapp 88 Prozent aller in Sachsen ausgebildeten Lehrkr\u00e4fte haben sich auch hier beworben. Allen ausgebildeten Bewerbern wurde ein Einstellungsangebot gemacht. Davon wurden 93 Prozent eingestellt. Zudem wurden 104 Lehrkr\u00e4fte eingestellt, die in anderen Bundesl\u00e4ndern ausgebildet wurden.<\/p>\n\n\n\n<p>Hinzu kommen 229 Seiteneinsteiger, die sich seit dem 1. Mai in der Einstiegsqualifizierung befanden und nun beginnen, zu unterrichten.<\/p>\n\n\n\n<p>Im Ergebnis sind damit 438,5 Vollzeit\u00e4quivalente (VZ\u00c4) mehr im Schuldienst in Sachsen als 2024\/2025.<\/p>\n\n\n\n<p><strong>Kultusminister Conrad Clemens<\/strong> sagte mit Blick auf das Einstellungsergebnis: \u00bbUnser Einsatz zeigt Wirkung. Gemeinsam mit den erfahrenen Lehrkr\u00e4ften werden die vielen neuen Lehrerinnen und Lehrer dazu beitragen, die Unterrichtsversorgung zu verbessern. Dass so viele Menschen Lehrkraft in Sachsen werden wollen zeigt, wie attraktiv der Beruf ist und wie wettbewerbsf\u00e4hig das Angebot.\u00ab<\/p>\n\n\n\n<p>Eine gro\u00dfe Herausforderung bleibt die gerechte Verteilung der zur Verf\u00fcgung stehenden Lehrkr\u00e4fte in ganz Sachsen. Dies betrifft sowohl die unterschiedlichen Regionen als auch die Schularten. W\u00e4hrend sich der Besch\u00e4ftigungsstand auf Planstellen in allen anderen Schularten gegen\u00fcber dem Vorjahr teils erheblich verbessert hat, ist er in den Oberschulen leicht gesunken (von 7.260,7 VZ\u00c4 auf 7.218,4 VZ\u00c4). Dies verdeutlicht die Notwendigkeit von Abordnungen, insbesondere von Grundschulen und Gymnasien an Oberschulen.<\/p>\n\n\n\n<blockquote class=\"wp-block-quote is-layout-flow wp-block-quote-is-layout-flow\">\n<p>\u00bbEin gro\u00dfer Dank gilt den Schulleitungen und Lehrkr\u00e4ften im Freistaat f\u00fcr ihre Bereitschaft, diesen Weg im Bem\u00fchen um gute Bildung f\u00fcr alle Sch\u00fclerinnen und Sch\u00fcler mitzugehen.\u00ab<\/p>\n<cite>&#8211; Kultusminister Conrad Clemens<\/cite><\/blockquote>\n\n\n\n<p><\/p>\n\n\n\n<h2 class=\"wp-block-heading\"><strong>Was neu ist im Schuljahr 2025\/2026<\/strong><\/h2>\n\n\n\n<h3 class=\"wp-block-heading\">Bildungsland Sachsen 2030: Ma\u00dfnahmen werden umgesetzt<\/h3>\n\n\n\n<p>Die Gesamtplanung zur Umsetzung der Ma\u00dfnahmen wird im Herbst vorliegen. Parallel werden bereits erste Ma\u00dfnahmen umgesetzt, u.a.:<\/p>\n\n\n\n<ul class=\"wp-block-list\">\n<li>Pilotprojekt f\u00e4cherverbindender Unterricht (2-6 Wochenstunden)<\/li>\n\n\n\n<li>Digitalgest\u00fctztes Selbstlernen: Einf\u00fchrung der Entwicklungsstufe 1 mit 15 Unterrichtsstunden pro Schuljahr und Klassenstufe in zwei Klassenstufen (empfohlen 7. und 8. Klasse). Zus\u00e4tzlich: Schulversuch zur regelm\u00e4\u00dfigen Durchf\u00fchrung (Entwicklungsstufe 2).<\/li>\n\n\n\n<li>Ausbau des Schulversuchs zur Weiterentwicklung der Bewertung mit Ziffernoten in der Primarstufe<\/li>\n\n\n\n<li>Globales Schulbudget: In diesem Schuljahr werden das Qualit\u00e4tsbudget, das flexible Lernbudget sowie die Budgetierung von Lehrerarbeitsverm\u00f6gen zusammengefasst und schuljahresweise (\u00fcberj\u00e4hrig) als globales Budget ausgereicht. Insgesamt stehen daf\u00fcr im Schuljahr 2025\/2026 15 Millionen Euro bereit. Neben dem Globalbudget gibt es als weitere Neuerung eine Pauschale von 500 Euro, die unkompliziert f\u00fcr kleinere Ausgaben verwendet werden kann.<\/li>\n<\/ul>\n\n\n\n<h3 class=\"wp-block-heading\">Datenschutzkonformes KI-Tool f\u00fcr Lehrkr\u00e4fte<\/h3>\n\n\n\n<p>Der KI-Assistent KAI steht ab jetzt allen s\u00e4chsischen Lehrkr\u00e4ften zur Verf\u00fcgung. Dabei handelt es sich um einen niedrigschwelligen und datenschutzkonformen Zugang zu KI mit praktischen Funktionen wie Text- und Bildgenerator sowie einem Assistenzmodus mit zahlreichen Vorlagen f\u00fcr die p\u00e4dagogischen Aufgaben des Alltags.<\/p>\n\n\n\n<p>Mit der neuen Landeslizenz kann ab dem neuen Schuljahr direkt \u00fcber das Schullogin auf bettermarks zugegriffen werden. Die Plattform analysiert Lernfortschritte und bietet ma\u00dfgeschneiderte Aufgaben f\u00fcr Sch\u00fclerinnen und Sch\u00fcler. Lehrkr\u00e4fte erhalten R\u00fcckmeldung zum Lernerfolg.<\/p>\n\n\n\n<h3 class=\"wp-block-heading\">Neue Lehrpl\u00e4ne<\/h3>\n\n\n\n<p>Ab dem 1. August 2025 treten aktualisierte Lehrpl\u00e4ne f\u00fcr die F\u00e4cher Deutsch und Mathematik in der Grundschule in Kraft. Diese ber\u00fccksichtigen konsequent bundesweit verbindliche Bildungsstandards und sollen zur St\u00e4rkung der basalen Kompetenzen im Lesen, Schreiben und Rechnen beitragen. Das Schuljahr 2025\/26 gilt dabei als Einf\u00fchrungs- und \u00dcbergangsschuljahr, in dem die Passung zwischen der Fassung von 2019 und 2025 in p\u00e4dagogischer Verantwortung der Schulen allm\u00e4hlich entwickelt wird.<\/p>\n\n\n\n<h3 class=\"wp-block-heading\">Umsetzung Integrationserlass<\/h3>\n\n\n\n<p>Schulische Integration ist und bleibt eine gro\u00dfe Aufgabe. Hier wird auch k\u00fcnftig an der S\u00e4chsischen Konzeption zur Integration von Migranten festgehalten. Durch die Straffung der Integrationsverfahren f\u00fcr zugewanderte Sch\u00fclerinnen und Sch\u00fcler kann der bestehende Integrationsstau in den Vorbereitungsklassen aufgel\u00f6st werden, um jungen Menschen z\u00fcgig einen Schulplatz anbieten und ihnen damit konkrete Bildungsperspektiven durch eine schnellstm\u00f6gliche Eingliederung in eine Regelklasse er\u00f6ffnen zu k\u00f6nnen.<\/p>\n\n\n\n<h3 class=\"wp-block-heading\">J\u00fcdisches Themenjahr<\/h3>\n\n\n\n<p>Der Freistaat Sachsen veranstaltet im Jahr 2026 ein landesweites \u00bbJahr der j\u00fcdischen Kultur\u00ab. Projekte, Veranstaltungen und Ausstellungen in ganz Sachsen werden die reichhaltige j\u00fcdische Kultur und Geschichte in Vergangenheit und Gegenwart sowie Zukunftsperspektiven, aber auch unwiederbringliche Verluste, aufzeigen. Neben den vielseitigen Angeboten f\u00fcr die gesamte Gesellschaft werden auch konkrete Veranstaltungen f\u00fcr Schulen angeboten. Das Gesamtprogramm kann unter <a href=\"http:\/\/www.tacheles.sachsen.de\">www.tacheles.sachsen.de<\/a> abgerufen werden.<\/p>\n\n\n\n<h3 class=\"wp-block-heading\">Zahlen zum neuen Schuljahr<\/h3>\n\n\n\n<p>Im neuen Schuljahr 2025\/2026 besuchen mehr Sch\u00fclerinnen und Sch\u00fcler die Schulen als im vorangegangenen Schuljahr. Nach vorl\u00e4ufigen Zahlen steigt die Sch\u00fclerzahl von insgesamt 523.735 auf etwa 534.400 Sch\u00fclerinnen und Sch\u00fcler. Den gr\u00f6\u00dften Zuwachs haben mit ca. 449.500 Sch\u00fclerinnen und Sch\u00fclern (Vorjahr 439.814) die \u00f6ffentlichen Schulen erfahren. Auch die Sch\u00fclerzahl an Schulen in freier Tr\u00e4gerschaft ist leicht gestiegen von 83.921 auf etwa 84.900.<\/p>\n\n\n\n<p>Bei den Zahlen der \u00f6ffentlichen und freien Schulen gab es weniger Bewegung. W\u00e4hrend es im letzten Schuljahr insgesamt 1.386 Schulen in \u00f6ffentlicher Tr\u00e4gerschaft gab, sind es im Schuljahr 2025\/2026 genau 1.388. Die Zahl der Schulen in freier Tr\u00e4gerschaft steigt von 431 auf 432.<\/p>\n\n\n\n<h3 class=\"wp-block-heading\">Bewerbungen nach LaSuB-Standorten<\/h3>\n\n\n\n<p>Im Einstellungsverfahren August\/November haben sich bislang 996 grundst\u00e4ndig ausgebildete Lehrkr\u00e4fte<strong> <\/strong>beworben (A1). Jede Person kann sich an verschiedenen Standorten bewerben. Betrachtet wurden lediglich die Standorte, welche f\u00fcr die Bewerberin oder den Bewerber zust\u00e4ndig sind.<\/p>\n\n\n\n<figure class=\"wp-block-table\"><table class=\"has-fixed-layout\"><tbody><tr><td>Bautzen<\/td><td>96<\/td><\/tr><tr><td>Chemnitz<\/td><td>151<\/td><\/tr><tr><td>Dresden<\/td><td>221<\/td><\/tr><tr><td>Leipzig<\/td><td>418<\/td><\/tr><tr><td>Zwickau<\/td><td>110<\/td><\/tr><tr><td>Summe<\/td><td>996<\/td><\/tr><\/tbody><\/table><\/figure>\n\n\n\n<h3 class=\"wp-block-heading\">Einstellungen grundst\u00e4ndig ausgebildeter Lehrkr\u00e4fte nach LaSuB-Standorten<\/h3>\n\n\n\n<figure class=\"wp-block-table\"><table class=\"has-fixed-layout\"><tbody><tr><td><\/td><td>VZ\u00c4<\/td><td>Personen<\/td><\/tr><tr><td>Bautzen<\/td><td>101,26<\/td><td>106<\/td><\/tr><tr><td>Chemnitz<\/td><td>150,66<\/td><td>156<\/td><\/tr><tr><td>Dresden<\/td><td>202,21<\/td><td>210<\/td><\/tr><tr><td>Leipzig<\/td><td>290,79<\/td><td>299<\/td><\/tr><tr><td>Zwickau<\/td><td>112,69<\/td><td>114<\/td><\/tr><tr><td>Summe<\/td><td>857,61<\/td><td>885<\/td><\/tr><\/tbody><\/table><\/figure>\n\n\n\n<h2 class=\"wp-block-heading\"><\/h2>\n","protected":false},"excerpt":{"rendered":"<p>Rund 534.000 Sch\u00fclerinnen und Sch\u00fcler starten am kommenden Montag (11. August) in ein neues Schuljahr. F\u00fcr rund 37.000 Erstkl\u00e4ssler beginnt damit ein neuer Lebensabschnitt. Das ist neu im Schuljahr 2025\/26:<\/p>\n","protected":false},"author":3354,"featured_media":12142,"comment_status":"closed","ping_status":"open","sticky":false,"template":"","format":"standard","meta":{"footnotes":""},"categories":[11],"tags":[],"class_list":["post-12137","post","type-post","status-publish","format-standard","has-post-thumbnail","hentry","category-bildungspolitik"],"aioseo_notices":[],"_links":{"self":[{"href":"https:\/\/www.bildung.sachsen.de\/blog\/index.php\/wp-json\/wp\/v2\/posts\/12137","targetHints":{"allow":["GET"]}}],"collection":[{"href":"https:\/\/www.bildung.sachsen.de\/blog\/index.php\/wp-json\/wp\/v2\/posts"}],"about":[{"href":"https:\/\/www.bildung.sachsen.de\/blog\/index.php\/wp-json\/wp\/v2\/types\/post"}],"author":[{"embeddable":true,"href":"https:\/\/www.bildung.sachsen.de\/blog\/index.php\/wp-json\/wp\/v2\/users\/3354"}],"replies":[{"embeddable":true,"href":"https:\/\/www.bildung.sachsen.de\/blog\/index.php\/wp-json\/wp\/v2\/comments?post=12137"}],"version-history":[{"count":10,"href":"https:\/\/www.bildung.sachsen.de\/blog\/index.php\/wp-json\/wp\/v2\/posts\/12137\/revisions"}],"predecessor-version":[{"id":12151,"href":"https:\/\/www.bildung.sachsen.de\/blog\/index.php\/wp-json\/wp\/v2\/posts\/12137\/revisions\/12151"}],"wp:featuredmedia":[{"embeddable":true,"href":"https:\/\/www.bildung.sachsen.de\/blog\/index.php\/wp-json\/wp\/v2\/media\/12142"}],"wp:attachment":[{"href":"https:\/\/www.bildung.sachsen.de\/blog\/index.php\/wp-json\/wp\/v2\/media?parent=12137"}],"wp:term":[{"taxonomy":"category","embeddable":true,"href":"https:\/\/www.bildung.sachsen.de\/blog\/index.php\/wp-json\/wp\/v2\/categories?post=12137"},{"taxonomy":"post_tag","embeddable":true,"href":"https:\/\/www.bildung.sachsen.de\/blog\/index.php\/wp-json\/wp\/v2\/tags?post=12137"}],"curies":[{"name":"wp","href":"https:\/\/api.w.org\/{rel}","templated":true}]}}