{"id":12088,"date":"2025-07-24T17:16:46","date_gmt":"2025-07-24T15:16:46","guid":{"rendered":"https:\/\/www.bildung.sachsen.de\/blog\/?p=12088"},"modified":"2025-08-12T15:23:22","modified_gmt":"2025-08-12T13:23:22","slug":"sachsens-schulsprache-bleibt-verstandlich-klare-vorgaben-zur-rechtschreibung-in-schulen","status":"publish","type":"post","link":"https:\/\/www.bildung.sachsen.de\/blog\/index.php\/2025\/07\/24\/sachsens-schulsprache-bleibt-verstandlich-klare-vorgaben-zur-rechtschreibung-in-schulen\/","title":{"rendered":"Sachsens Schulsprache bleibt verst\u00e4ndlich | Klare Vorgaben zur Rechtschreibung in Schulen"},"content":{"rendered":"\n<p>Kultusminister Conrad Clemens setzt den von seinem Amtsvorg\u00e4nger Christian Piwarz eingeschlagenen Weg zur sprachlichen Klarheit an Sachsens Schulen fort. Die \u00fcberarbeitete \u00bbVerwaltungsvorschrift (VwV) Rechtschreibung in Schulen\u00ab tritt zum 1. August 2025 in Kraft. Damit gelten auch k\u00fcnftig an allen \u00f6ffentlichen Schulen im Freistaat Sachsen die Vorgaben des Amtlichen Regelwerks der deutschen Rechtschreibung.<\/p>\n\n\n\n<!--more-->\n\n\n\n<h3 class=\"wp-block-heading\">Ohne Sternchen, aber mit Respekt<\/h3>\n\n\n\n<p>Sonderzeichen wie Gendersternchen, Doppelpunkt, Unterstrich oder Binnen\u2011I sollen im schulischen Bereich sowie in offiziellen Schreiben nicht verwendet werden. Zur besseren Verst\u00e4ndlichkeit sollen stattdessen geschlechtsbezogene Paarformen wie \u00bbSch\u00fclerinnen und Sch\u00fcler\u00ab, geschlechtsneutrale Formulierungen oder Passivformen zum Einsatz kommen. Verst\u00f6\u00dfe gegen die amtliche Rechtschreibung werden in schriftlichen Arbeiten als Fehler markiert und bei der Bewertung ber\u00fccksichtigt.<\/p>\n\n\n\n<blockquote class=\"wp-block-quote is-layout-flow wp-block-quote-is-layout-flow\">\n<blockquote class=\"wp-block-quote is-layout-flow wp-block-quote-is-layout-flow\">\n<p id=\"block-fa3b5f5e-5ab1-4416-a43d-c99504544ae9\">\u00bbGute Bildung braucht eine klare Sprache. Deshalb folgen wir weiterhin den Empfehlungen des Rats f\u00fcr deutsche Rechtschreibung und geben unseren Schulen, aber vor allem unseren Sch\u00fclerinnen und Sch\u00fclern, verl\u00e4ssliche Regeln. So schaffen wir eine Lernumgebung in der alle Sch\u00fclerinnen und Sch\u00fcler erfolgreich lernen k\u00f6nnen.\u00ab<\/p>\n<\/blockquote>\n<cite>&#8211; Kultusminister Conrad Clemens<\/cite><\/blockquote>\n\n\n\n<h3 class=\"wp-block-heading\">Empfehlungen des Rats f\u00fcr deutsche Rechtschreibung<\/h3>\n\n\n\n<p>Mit der neuen Verwaltungsvorschrift folgt das Kultusministerium den Empfehlungen des <a href=\"https:\/\/www.rechtschreibrat.com\/\" target=\"_blank\" rel=\"noopener\" title=\"\">Rats f\u00fcr deutsche Rechtschreibung<\/a>. Der Rat hat Genderzeichen nicht in das amtliche Regelwerk der deutschen Sprache aufgenommen und dar\u00fcber hinaus am 14. Juli 2023 klargestellt, dass Sonderzeichen im Wortinneren nicht zum Kernbestand der deutschen Orthografie geh\u00f6ren. Auch die Kultusministerkonferenz hat die Rechtschreibregelungen als verbindliche Regeln an Schulen beschlossen.<\/p>\n\n\n\n<blockquote class=\"wp-block-quote is-layout-flow wp-block-quote-is-layout-flow\">\n<p><\/p>\n<\/blockquote>\n\n\n\n<p><\/p>\n","protected":false},"excerpt":{"rendered":"<p>Kultusminister Conrad Clemens setzt den von seinem Amtsvorg\u00e4nger Christian Piwarz eingeschlagenen Weg zur sprachlichen Klarheit an Sachsens Schulen fort. Die \u00fcberarbeitete \u00bbVerwaltungsvorschrift (VwV) Rechtschreibung in Schulen\u00ab tritt zum 1. August 2025 in Kraft. Damit gelten auch k\u00fcnftig an allen \u00f6ffentlichen Schulen im Freistaat Sachsen die Vorgaben des Amtlichen Regelwerks der deutschen Rechtschreibung.<\/p>\n","protected":false},"author":3354,"featured_media":9937,"comment_status":"closed","ping_status":"open","sticky":false,"template":"","format":"standard","meta":{"footnotes":""},"categories":[11,100],"tags":[],"class_list":["post-12088","post","type-post","status-publish","format-standard","has-post-thumbnail","hentry","category-bildungspolitik","category-unterricht"],"aioseo_notices":[],"_links":{"self":[{"href":"https:\/\/www.bildung.sachsen.de\/blog\/index.php\/wp-json\/wp\/v2\/posts\/12088","targetHints":{"allow":["GET"]}}],"collection":[{"href":"https:\/\/www.bildung.sachsen.de\/blog\/index.php\/wp-json\/wp\/v2\/posts"}],"about":[{"href":"https:\/\/www.bildung.sachsen.de\/blog\/index.php\/wp-json\/wp\/v2\/types\/post"}],"author":[{"embeddable":true,"href":"https:\/\/www.bildung.sachsen.de\/blog\/index.php\/wp-json\/wp\/v2\/users\/3354"}],"replies":[{"embeddable":true,"href":"https:\/\/www.bildung.sachsen.de\/blog\/index.php\/wp-json\/wp\/v2\/comments?post=12088"}],"version-history":[{"count":23,"href":"https:\/\/www.bildung.sachsen.de\/blog\/index.php\/wp-json\/wp\/v2\/posts\/12088\/revisions"}],"predecessor-version":[{"id":12116,"href":"https:\/\/www.bildung.sachsen.de\/blog\/index.php\/wp-json\/wp\/v2\/posts\/12088\/revisions\/12116"}],"wp:featuredmedia":[{"embeddable":true,"href":"https:\/\/www.bildung.sachsen.de\/blog\/index.php\/wp-json\/wp\/v2\/media\/9937"}],"wp:attachment":[{"href":"https:\/\/www.bildung.sachsen.de\/blog\/index.php\/wp-json\/wp\/v2\/media?parent=12088"}],"wp:term":[{"taxonomy":"category","embeddable":true,"href":"https:\/\/www.bildung.sachsen.de\/blog\/index.php\/wp-json\/wp\/v2\/categories?post=12088"},{"taxonomy":"post_tag","embeddable":true,"href":"https:\/\/www.bildung.sachsen.de\/blog\/index.php\/wp-json\/wp\/v2\/tags?post=12088"}],"curies":[{"name":"wp","href":"https:\/\/api.w.org\/{rel}","templated":true}]}}