{"id":12023,"date":"2025-06-24T18:00:00","date_gmt":"2025-06-24T16:00:00","guid":{"rendered":"https:\/\/www.bildung.sachsen.de\/blog\/?p=12023"},"modified":"2025-06-30T11:17:12","modified_gmt":"2025-06-30T09:17:12","slug":"genialsozial","status":"publish","type":"post","link":"https:\/\/www.bildung.sachsen.de\/blog\/index.php\/2025\/06\/24\/genialsozial\/","title":{"rendered":"\u00bbgenialsozial\u00ab: Sch\u00fcler arbeiten im Kultusministerium f\u00fcr den guten Zweck"},"content":{"rendered":"\n<p>Wieso arbeiten s\u00e4chsische Sch\u00fclerinnen und Sch\u00fcler f\u00fcrs Kultusministerium und gehen nicht zur Schule? Sollte nicht eigentlich das Ministerium arbeiten und die Jugendlichen die Schulbank dr\u00fccken? Heute nicht ganz. Denn es ist \u00bbgenialsozial\u00ab-Tag. Ein j\u00e4hrlicher Aktionstag, an dem junge Menschen die Schule gegen einen Arbeitsplatz tauschen, um anderen mit dem erarbeiteten Geld zu helfen. Einer von ihnen ist Paul. Er schreibt heute f\u00fcr unseren Blog und berichtet von seinen Erlebnissen.<\/p>\n\n\n\n<!--more-->\n\n\n\n<p>Paul Bretschneider besucht die siebte Klasse des Gymnasiums Dresden-Cotta. Zum heutigen \u00bb<a href=\"https:\/\/www.saechsische-jugendstiftung.de\/programme-projekte\/genialsozial\">genialsozial<\/a>\u00ab-Aktionstag hat der 13-J\u00e4hrige gemeinsam mit drei Sch\u00fclerinnen vom Beruflichen Gymnasium am BSZ Gro\u00dfenhain und einer Sch\u00fclerin der Evangelischen Schulgemeinschaft Erzgebirge die Mitarbeiterinnen und Mitarbeiter des Kultusministeriums unterst\u00fctzt.<\/p>\n\n\n\n<h2 class=\"wp-block-heading\">Was ist \u00bbgenialsozial\u00ab genau?<\/h2>\n\n\n\n<p>\u00bbgenialsozial\u00ab ist ein Aktionstag, an dem Sch\u00fclerinnen und Sch\u00fcler arbeiten gehen k\u00f6nnen und ihr Lohn an soziale Stiftungen gespendet wird. Daf\u00fcr setzt sich die <a href=\"https:\/\/www.saechsische-jugendstiftung.de\/\">S\u00e4chsische Jugendstiftung<\/a> ein. Das Programm gibt es seit Juli 2005.<\/p>\n\n\n\n<h2 class=\"wp-block-heading\">Mehr als 30.000 Sch\u00fclerinnen und Sch\u00fcler arbeiten f\u00fcr den guten Zweck<\/h2>\n\n\n\n<p>Mehr als 30.000 Sch\u00fcler haben sich 2025 in Sachsen daf\u00fcr entschieden, bei \u00bbgenialsozial\u00ab mitzumachen. Die jungen Menschen haben in viele unterschiedliche Jobs hineingeschaut. Meistens handelt es sich um einfachere T\u00e4tigkeiten, Arbeiten auf der Baustelle sind daher eher unwahrscheinlich.<\/p>\n\n\n\n<h2 class=\"wp-block-heading\">Ein Tag im Ministerium \u2013 wie ist es?<\/h2>\n\n\n\n<p>Marie, Hanna, Paul, Clara und Clara haben zum Beispiel in den Referaten f\u00fcr Oberschulen, Politische Bildung, Migration, Bildung f\u00fcr nachhaltige Entwicklung, Personal und IT gearbeitet.<\/p>\n\n\n\n<figure class=\"wp-block-gallery has-nested-images columns-default is-cropped wp-block-gallery-1 is-layout-flex wp-block-gallery-is-layout-flex\">\n<figure class=\"wp-block-image size-large\"><img loading=\"lazy\" decoding=\"async\" width=\"960\" height=\"1200\" data-id=\"12031\" src=\"https:\/\/www.bildung.sachsen.de\/blog\/wp-content\/uploads\/2025\/06\/20250624_StS_genialsozial_4-2-960x1200.jpg\" alt=\"\" class=\"wp-image-12031\" srcset=\"https:\/\/www.bildung.sachsen.de\/blog\/wp-content\/uploads\/2025\/06\/20250624_StS_genialsozial_4-2-960x1200.jpg 960w, https:\/\/www.bildung.sachsen.de\/blog\/wp-content\/uploads\/2025\/06\/20250624_StS_genialsozial_4-2-240x300.jpg 240w, https:\/\/www.bildung.sachsen.de\/blog\/wp-content\/uploads\/2025\/06\/20250624_StS_genialsozial_4-2-768x960.jpg 768w, https:\/\/www.bildung.sachsen.de\/blog\/wp-content\/uploads\/2025\/06\/20250624_StS_genialsozial_4-2-1229x1536.jpg 1229w, https:\/\/www.bildung.sachsen.de\/blog\/wp-content\/uploads\/2025\/06\/20250624_StS_genialsozial_4-2-1638x2048.jpg 1638w, https:\/\/www.bildung.sachsen.de\/blog\/wp-content\/uploads\/2025\/06\/20250624_StS_genialsozial_4-2-scaled.jpg 2048w\" sizes=\"auto, (max-width: 960px) 100vw, 960px\" \/><\/figure>\n\n\n\n<figure class=\"wp-block-image size-large\"><img loading=\"lazy\" decoding=\"async\" width=\"960\" height=\"1200\" data-id=\"12030\" src=\"https:\/\/www.bildung.sachsen.de\/blog\/wp-content\/uploads\/2025\/06\/20250624_StS_genialsozial_3-960x1200.jpg\" alt=\"\" class=\"wp-image-12030\" srcset=\"https:\/\/www.bildung.sachsen.de\/blog\/wp-content\/uploads\/2025\/06\/20250624_StS_genialsozial_3-960x1200.jpg 960w, https:\/\/www.bildung.sachsen.de\/blog\/wp-content\/uploads\/2025\/06\/20250624_StS_genialsozial_3-240x300.jpg 240w, https:\/\/www.bildung.sachsen.de\/blog\/wp-content\/uploads\/2025\/06\/20250624_StS_genialsozial_3-768x960.jpg 768w, https:\/\/www.bildung.sachsen.de\/blog\/wp-content\/uploads\/2025\/06\/20250624_StS_genialsozial_3-1229x1536.jpg 1229w, https:\/\/www.bildung.sachsen.de\/blog\/wp-content\/uploads\/2025\/06\/20250624_StS_genialsozial_3-1638x2048.jpg 1638w, https:\/\/www.bildung.sachsen.de\/blog\/wp-content\/uploads\/2025\/06\/20250624_StS_genialsozial_3-scaled.jpg 2048w\" sizes=\"auto, (max-width: 960px) 100vw, 960px\" \/><\/figure>\n\n\n\n<figure class=\"wp-block-image size-large\"><img loading=\"lazy\" decoding=\"async\" width=\"960\" height=\"1200\" data-id=\"12029\" src=\"https:\/\/www.bildung.sachsen.de\/blog\/wp-content\/uploads\/2025\/06\/20250624_StS_genialsozial_5-1-960x1200.jpg\" alt=\"\" class=\"wp-image-12029\" srcset=\"https:\/\/www.bildung.sachsen.de\/blog\/wp-content\/uploads\/2025\/06\/20250624_StS_genialsozial_5-1-960x1200.jpg 960w, https:\/\/www.bildung.sachsen.de\/blog\/wp-content\/uploads\/2025\/06\/20250624_StS_genialsozial_5-1-240x300.jpg 240w, https:\/\/www.bildung.sachsen.de\/blog\/wp-content\/uploads\/2025\/06\/20250624_StS_genialsozial_5-1-768x960.jpg 768w, https:\/\/www.bildung.sachsen.de\/blog\/wp-content\/uploads\/2025\/06\/20250624_StS_genialsozial_5-1-1229x1536.jpg 1229w, https:\/\/www.bildung.sachsen.de\/blog\/wp-content\/uploads\/2025\/06\/20250624_StS_genialsozial_5-1-1638x2048.jpg 1638w, https:\/\/www.bildung.sachsen.de\/blog\/wp-content\/uploads\/2025\/06\/20250624_StS_genialsozial_5-1-scaled.jpg 2048w\" sizes=\"auto, (max-width: 960px) 100vw, 960px\" \/><\/figure>\n<\/figure>\n\n\n\n<p>\u00bbIch war im IT-Referat und konnte viel lernen\u00ab, berichtet Marie. \u00bbAuch Dinge, die ich im Alltag anwenden kann. Ich kannte schon Programmiersprache, habe aber heute auch Neues dazugelernt.\u00ab<\/p>\n\n\n\n<p>Sch\u00fclersprecherin Hanna erz\u00e4hlt: \u00bbIch war im Personal-Referat und habe sehr viel nachgefragt. Au\u00dferdem hatte ich sehr viel Raum, um selbstst\u00e4ndig zu arbeiten. Es hat mir sehr viel Spa\u00df gemacht!\u00ab<\/p>\n\n\n\n<p>Und die Motivation der f\u00fcnf Engagierten? Sie hatten gro\u00dfes Interesse daran, mehr \u00fcber das Ministerium zu erfahren. Paul meint: \u00bbIch mache hier mit, weil ich einfach mal wissen wollte, wie es ist, zu arbeiten \u2013 und ich habe mich dann f\u00fcr das Ministerium entschieden, weil ich sp\u00e4ter mal Lehramt f\u00fcr Grundschulen studieren m\u00f6chte.\u00ab<\/p>\n\n\n\n<p>Was haben die Jugendlichen erlebt? Hat es Spa\u00df gemacht? Was haltet ihr von \u00bbgenialsozial\u00ab? Im Feedback-Gespr\u00e4ch mit unserem Staatssekret\u00e4r Wilfried K\u00fchner erz\u00e4hlten sie von ihren Eindr\u00fccken und konnten selbst noch ein paar Fragen an ihn loswerden. Das Fazit aller: \u00bb\u203agenialsozial\u2039 ist toll!\u00ab<\/p>\n\n\n\n<figure class=\"wp-block-image size-large\"><img loading=\"lazy\" decoding=\"async\" width=\"1600\" height=\"1067\" src=\"https:\/\/www.bildung.sachsen.de\/blog\/wp-content\/uploads\/2025\/06\/Blog_Titelbild_1-1600x1067.jpg\" alt=\"\" class=\"wp-image-12025\" srcset=\"https:\/\/www.bildung.sachsen.de\/blog\/wp-content\/uploads\/2025\/06\/Blog_Titelbild_1-1600x1067.jpg 1600w, https:\/\/www.bildung.sachsen.de\/blog\/wp-content\/uploads\/2025\/06\/Blog_Titelbild_1-300x200.jpg 300w, https:\/\/www.bildung.sachsen.de\/blog\/wp-content\/uploads\/2025\/06\/Blog_Titelbild_1-768x512.jpg 768w, https:\/\/www.bildung.sachsen.de\/blog\/wp-content\/uploads\/2025\/06\/Blog_Titelbild_1-1536x1024.jpg 1536w, https:\/\/www.bildung.sachsen.de\/blog\/wp-content\/uploads\/2025\/06\/Blog_Titelbild_1-2048x1365.jpg 2048w\" sizes=\"auto, (max-width: 1600px) 100vw, 1600px\" \/><\/figure>\n\n\n\n<h2 class=\"wp-block-heading\">Hintergrund<\/h2>\n\n\n\n<p>Das Kultusministerium unterst\u00fctzt \u00bbgenialsozial\u00ab, weil der Aktionstag Werte wie Verantwortung, Solidarit\u00e4t und Mitgestaltung st\u00e4rkt. Damit leistet er einen wichtigen Beitrag zur Bildung f\u00fcr nachhaltige Entwicklung. Im Sinne des S\u00e4chsischen Schulgesetzes f\u00f6rdert er die F\u00e4higkeit, f\u00fcr sich und andere Verantwortung zu \u00fcbernehmen und aktiv an der Gesellschaft mitzuwirken.<\/p>\n\n\n\n<p><strong>Wir bedanken uns herzlich bei den Jugendlichen f\u00fcr ihr Engagement \u2013 und besonders bei dem heutigen Co-Autoren Paul!<\/strong><\/p>\n","protected":false},"excerpt":{"rendered":"<p>Wieso arbeiten s\u00e4chsische Sch\u00fclerinnen und Sch\u00fcler f\u00fcrs Kultusministerium und gehen nicht zur Schule? Sollte nicht eigentlich das Ministerium arbeiten und die Jugendlichen die Schulbank dr\u00fccken? Heute nicht ganz. Denn es ist \u00bbgenialsozial\u00ab-Tag. Ein j\u00e4hrlicher Aktionstag, an dem junge Menschen die Schule gegen einen Arbeitsplatz tauschen, um anderen mit dem erarbeiteten Geld zu helfen. Einer von [&hellip;]<\/p>\n","protected":false},"author":138,"featured_media":12024,"comment_status":"closed","ping_status":"open","sticky":false,"template":"","format":"standard","meta":{"footnotes":""},"categories":[249,11],"tags":[220,407,62],"class_list":["post-12023","post","type-post","status-publish","format-standard","has-post-thumbnail","hentry","category-berufliche-orientierung","category-bildungspolitik","tag-aktionstag-genialsozial","tag-sachsen","tag-schule"],"aioseo_notices":[],"_links":{"self":[{"href":"https:\/\/www.bildung.sachsen.de\/blog\/index.php\/wp-json\/wp\/v2\/posts\/12023","targetHints":{"allow":["GET"]}}],"collection":[{"href":"https:\/\/www.bildung.sachsen.de\/blog\/index.php\/wp-json\/wp\/v2\/posts"}],"about":[{"href":"https:\/\/www.bildung.sachsen.de\/blog\/index.php\/wp-json\/wp\/v2\/types\/post"}],"author":[{"embeddable":true,"href":"https:\/\/www.bildung.sachsen.de\/blog\/index.php\/wp-json\/wp\/v2\/users\/138"}],"replies":[{"embeddable":true,"href":"https:\/\/www.bildung.sachsen.de\/blog\/index.php\/wp-json\/wp\/v2\/comments?post=12023"}],"version-history":[{"count":2,"href":"https:\/\/www.bildung.sachsen.de\/blog\/index.php\/wp-json\/wp\/v2\/posts\/12023\/revisions"}],"predecessor-version":[{"id":12033,"href":"https:\/\/www.bildung.sachsen.de\/blog\/index.php\/wp-json\/wp\/v2\/posts\/12023\/revisions\/12033"}],"wp:featuredmedia":[{"embeddable":true,"href":"https:\/\/www.bildung.sachsen.de\/blog\/index.php\/wp-json\/wp\/v2\/media\/12024"}],"wp:attachment":[{"href":"https:\/\/www.bildung.sachsen.de\/blog\/index.php\/wp-json\/wp\/v2\/media?parent=12023"}],"wp:term":[{"taxonomy":"category","embeddable":true,"href":"https:\/\/www.bildung.sachsen.de\/blog\/index.php\/wp-json\/wp\/v2\/categories?post=12023"},{"taxonomy":"post_tag","embeddable":true,"href":"https:\/\/www.bildung.sachsen.de\/blog\/index.php\/wp-json\/wp\/v2\/tags?post=12023"}],"curies":[{"name":"wp","href":"https:\/\/api.w.org\/{rel}","templated":true}]}}