{"id":11822,"date":"2024-12-06T10:45:00","date_gmt":"2024-12-06T09:45:00","guid":{"rendered":"https:\/\/www.bildung.sachsen.de\/blog\/?p=11822"},"modified":"2025-01-20T08:36:02","modified_gmt":"2025-01-20T07:36:02","slug":"kinderrechte-in-der-schule","status":"publish","type":"post","link":"https:\/\/www.bildung.sachsen.de\/blog\/index.php\/2024\/12\/06\/kinderrechte-in-der-schule\/","title":{"rendered":"Kinderrechte in der Schule: Pilotprojekt startet"},"content":{"rendered":"\n<p>Wie gehen Schulen mit Kinder- und Menschenrechten um? Das erproben sieben Schulen in den kommenden eineinhalb Jahren. Als erstes ostdeutsches Bundesland nimmt Sachsen an dem Projekt von UNICEF Deutschland teil.<\/p>\n\n\n\n<!--more-->\n\n\n\n<p>Sechs Grundschulen und eine F\u00f6rderschule machen sich auf den Weg zur Kinderrechteschule. Sie sind in die Pilotphase des \u00bbKinderrechteschulen Programms\u00ab von UNICEF Deutschland gestartet \u2013 und wollen damit einen nachhaltigen Schulentwicklungsprozess an ihrer Einrichtung etablieren.<\/p>\n\n\n\n<p>Das siebenstufige Trainingsprogramm f\u00fcr Schul- und Fachpersonal vereint digitale Lerneinheiten mit Pr\u00e4senzveranstaltungen und Aktivit\u00e4ten vor Ort. Jede Stufe bietet neben theoretischem Wissen auch praxisnahe Beispiele f\u00fcr die Umsetzung der Kinderrechte mit den Sch\u00fclerinnen und Sch\u00fclern. Als fortlaufender Prozess unterst\u00fctzt das Kinderrechteschulen Programm die Schulentwicklung und f\u00f6rdert die Personal-, Unterrichts- und Organisationsentwicklung. Ein weiteres Plus: Das Programm unterst\u00fctzt den Umsetzungsprozess des fortgeschriebenen <a href=\"http:\/\/www.politische.bildung.sachsen.de\/download\/24_Fortschreibung_Handlungskonzept_WwW.pdf\">Handlungskonzeptes \u00bbW wie Werte\u2009\u00ab<\/a>. Nach Abschluss der Pilotphase soll das Projekt sachsenweit verf\u00fcgbar sein.<\/p>\n\n\n\n<h2 class=\"wp-block-heading\">Wer nimmt teil?<\/h2>\n\n\n\n<p>Bisher sind in dem bundesweit aufgestellten Programm die L\u00e4nder Niedersachsen, Nordrhein-Westfalen und Schleswig-Holstein mit insgesamt 66 Schulen aktiv. Jetzt beteiligen sich erstmalig sieben s\u00e4chsische Schulen:<\/p>\n\n\n\n<ul class=\"wp-block-list\">\n<li>Grundschule Steinigtwolmsdorf<\/li>\n\n\n\n<li>144. Grundschule Dresden<\/li>\n\n\n\n<li>3. Grundschule Riesa<\/li>\n\n\n\n<li>Grundschule Am Park Taucha<\/li>\n\n\n\n<li>Grundschule \u00bbS\u00fcdlicher Sonnenberg\u00ab Chemnitz<\/li>\n\n\n\n<li>Obere Luisenschule \u2013 Grundschule Chemnitz<\/li>\n\n\n\n<li>Fr\u00f6belschule Delitzsch \u2013 F\u00f6rderzentrum mit F\u00f6rderschwerpunkt geistige Entwicklung<\/li>\n<\/ul>\n\n\n\n<figure class=\"wp-block-image size-large\"><img loading=\"lazy\" decoding=\"async\" width=\"900\" height=\"1200\" src=\"https:\/\/www.bildung.sachsen.de\/blog\/wp-content\/uploads\/2024\/12\/IMG_2911-900x1200.jpeg\" alt=\"\" class=\"wp-image-11824\" srcset=\"https:\/\/www.bildung.sachsen.de\/blog\/wp-content\/uploads\/2024\/12\/IMG_2911-900x1200.jpeg 900w, https:\/\/www.bildung.sachsen.de\/blog\/wp-content\/uploads\/2024\/12\/IMG_2911-225x300.jpeg 225w, https:\/\/www.bildung.sachsen.de\/blog\/wp-content\/uploads\/2024\/12\/IMG_2911-768x1024.jpeg 768w, https:\/\/www.bildung.sachsen.de\/blog\/wp-content\/uploads\/2024\/12\/IMG_2911-1152x1536.jpeg 1152w, https:\/\/www.bildung.sachsen.de\/blog\/wp-content\/uploads\/2024\/12\/IMG_2911-1536x2048.jpeg 1536w, https:\/\/www.bildung.sachsen.de\/blog\/wp-content\/uploads\/2024\/12\/IMG_2911-scaled.jpeg 1920w\" sizes=\"auto, (max-width: 900px) 100vw, 900px\" \/><figcaption class=\"wp-element-caption\">Foto: Niklas Huster<\/figcaption><\/figure>\n\n\n\n<h2 class=\"wp-block-heading\">Was macht das Programm aus?<\/h2>\n\n\n\n<p>In der ersten Stufe startet die Schule mit einem p\u00e4dagogischen Tag. Alle Schulmitarbeitenden erhalten eine erste Einf\u00fchrung in das Training, lernen die UN-Kinderrechtskonvention kennen und formulieren ein Ziel f\u00fcr den schuleigenen Weg zur Kinderrechteschule. Weitere Stufen des Trainings behandeln u.a. die Themen Beteiligung, Vielfalt und Nicht-Diskriminierung, Gewaltpr\u00e4vention und Kinderrechte global. Diese Themen werden ausschlie\u00dflich digital auf einer Lernplattform (LMS) vermittelt. Das E-Learning bietet eine flexible und ortsunabh\u00e4ngige Weiterbildung und ist individuell auf allen mobilen Endger\u00e4ten mit Internetzugang durchf\u00fchrbar. Dadurch l\u00e4sst sich das Training gut in den Schulalltag integrieren.<\/p>\n\n\n\n<p>Auf ihrem Weg zur Kinderrechteschule wird die Schule von speziell ausgebildeten Trainerinnen und Trainern begleitet. Sie unterst\u00fctzen die Schule w\u00e4hrend des siebenstufigen Trainings und sind drei Tage prozessbegleitend vor Ort. Am Ende des Trainings erh\u00e4lt die Schule das Siegel \u00bbKinderrechteschule \u2013 Wir leben Kinderrechte\u00ab. Netzwerktreffen mit anderen Kinderrechteschulen sowie zus\u00e4tzliche Angebote helfen, die Kinderrechte nachhaltig im Schulalltag zu verankern.<\/p>\n\n\n\n<h2 class=\"wp-block-heading\">Informationen und Unterrichtmaterial verf\u00fcgbar<\/h2>\n\n\n\n<p>Umfassende Informationen sowie zahlreiche Unterrichtsmaterialien zum Thema Kinderrechte stehen f\u00fcr alle interessierten Schulen auf der Webseite von UNICEF Deutschland bereit: <a href=\"http:\/\/www.unicef.de\/informieren\/einsatz-fuer-kinderrechte\" target=\"_blank\" rel=\"noreferrer noopener\">www.unicef.de\/informieren\/einsatz-fuer-kinderrechte<\/a>.<\/p>\n\n\n\n<figure class=\"wp-block-image size-large\"><img loading=\"lazy\" decoding=\"async\" width=\"849\" height=\"1200\" src=\"https:\/\/www.bildung.sachsen.de\/blog\/wp-content\/uploads\/2024\/12\/Kinderrechte_2_Seite_1-849x1200.png\" alt=\"\" class=\"wp-image-11828\" srcset=\"https:\/\/www.bildung.sachsen.de\/blog\/wp-content\/uploads\/2024\/12\/Kinderrechte_2_Seite_1-849x1200.png 849w, https:\/\/www.bildung.sachsen.de\/blog\/wp-content\/uploads\/2024\/12\/Kinderrechte_2_Seite_1-212x300.png 212w, https:\/\/www.bildung.sachsen.de\/blog\/wp-content\/uploads\/2024\/12\/Kinderrechte_2_Seite_1-768x1086.png 768w, https:\/\/www.bildung.sachsen.de\/blog\/wp-content\/uploads\/2024\/12\/Kinderrechte_2_Seite_1-1086x1536.png 1086w, https:\/\/www.bildung.sachsen.de\/blog\/wp-content\/uploads\/2024\/12\/Kinderrechte_2_Seite_1-1448x2048.png 1448w\" sizes=\"auto, (max-width: 849px) 100vw, 849px\" \/><\/figure>\n\n\n\n<p><\/p>\n\n\n\n<p>Grafik: UNICEF<br>Bild: UNICEF CH-FL | illustriert.ch<br>P0032<\/p>\n\n\n\n<p><\/p>\n","protected":false},"excerpt":{"rendered":"<p>Wie gehen Schulen mit Kinder- und Menschenrechten um? Das erproben sieben Schulen in den kommenden eineinhalb Jahren. Als erstes ostdeutsches Bundesland nimmt Sachsen an dem Projekt von UNICEF Deutschland teil.<\/p>\n","protected":false},"author":138,"featured_media":11827,"comment_status":"closed","ping_status":"open","sticky":false,"template":"","format":"standard","meta":{"footnotes":""},"categories":[247,100],"tags":[786,787,407,62],"class_list":["post-11822","post","type-post","status-publish","format-standard","has-post-thumbnail","hentry","category-politische-bildung","category-unterricht","tag-kinderrechte","tag-menschenrechte","tag-sachsen","tag-schule"],"aioseo_notices":[],"_links":{"self":[{"href":"https:\/\/www.bildung.sachsen.de\/blog\/index.php\/wp-json\/wp\/v2\/posts\/11822","targetHints":{"allow":["GET"]}}],"collection":[{"href":"https:\/\/www.bildung.sachsen.de\/blog\/index.php\/wp-json\/wp\/v2\/posts"}],"about":[{"href":"https:\/\/www.bildung.sachsen.de\/blog\/index.php\/wp-json\/wp\/v2\/types\/post"}],"author":[{"embeddable":true,"href":"https:\/\/www.bildung.sachsen.de\/blog\/index.php\/wp-json\/wp\/v2\/users\/138"}],"replies":[{"embeddable":true,"href":"https:\/\/www.bildung.sachsen.de\/blog\/index.php\/wp-json\/wp\/v2\/comments?post=11822"}],"version-history":[{"count":9,"href":"https:\/\/www.bildung.sachsen.de\/blog\/index.php\/wp-json\/wp\/v2\/posts\/11822\/revisions"}],"predecessor-version":[{"id":11839,"href":"https:\/\/www.bildung.sachsen.de\/blog\/index.php\/wp-json\/wp\/v2\/posts\/11822\/revisions\/11839"}],"wp:featuredmedia":[{"embeddable":true,"href":"https:\/\/www.bildung.sachsen.de\/blog\/index.php\/wp-json\/wp\/v2\/media\/11827"}],"wp:attachment":[{"href":"https:\/\/www.bildung.sachsen.de\/blog\/index.php\/wp-json\/wp\/v2\/media?parent=11822"}],"wp:term":[{"taxonomy":"category","embeddable":true,"href":"https:\/\/www.bildung.sachsen.de\/blog\/index.php\/wp-json\/wp\/v2\/categories?post=11822"},{"taxonomy":"post_tag","embeddable":true,"href":"https:\/\/www.bildung.sachsen.de\/blog\/index.php\/wp-json\/wp\/v2\/tags?post=11822"}],"curies":[{"name":"wp","href":"https:\/\/api.w.org\/{rel}","templated":true}]}}