{"id":11508,"date":"2024-05-29T13:00:57","date_gmt":"2024-05-29T11:00:57","guid":{"rendered":"https:\/\/www.bildung.sachsen.de\/blog\/?p=11508"},"modified":"2024-06-07T11:39:24","modified_gmt":"2024-06-07T09:39:24","slug":"arbeitszeituntersuchung","status":"publish","type":"post","link":"https:\/\/www.bildung.sachsen.de\/blog\/index.php\/2024\/05\/29\/arbeitszeituntersuchung\/","title":{"rendered":"Lehrerarbeitszeit \u2013 Arbeitszeituntersuchung soll Licht ins Dunkel bringen"},"content":{"rendered":"<p class=\"x_MsoNormal\">In einer repr\u00e4sentativen Untersuchung wird in Sachsen ab dem kommenden Schuljahr 2024\/2025 die Arbeitszeit von Lehrkr\u00e4ften erhoben. \u00dcber die bislang bundesweit einmalige Untersuchung informierte heute Kultusminister Christian Piwarz. Insgesamt 4.500 Personen, darunter 4.100 Lehrkr\u00e4fte und 410 Schulleitungen, werden daran beteiligt sein. Die einer zuf\u00e4lligen Stichprobe entnommenen Teilnehmer wurden bereits per Post informiert.<\/p>\n<p class=\"x_MsoNormal\"><!--more--><\/p>\n<p class=\"x_MsoNormal\">Mit der Erfassung der Arbeitszeiten starten die Lehrkr\u00e4fte im neuen Schuljahr 2024\/2025 \u2013 eine Woche vor dem Schulstart. \u00bbDie Unterrichtszeit spiegelt nur den sichtbaren Teil der Arbeitszeit unserer Lehrerinnen und Lehrer wider. Der andere Teil liegt in einer Black Box verborgen. Wir m\u00fcssen hier Licht ins Dunkel bringen\u00ab, erkl\u00e4rte Kultusminister Christian Piwarz. Das Ergebnis der Untersuchung soll Transparenz schaffen und dazu beitragen, zielgenauere Ma\u00dfnahmen zur Unterrichtsabsicherung abzuleiten. \u00bbEs geht darum, die Arbeitsbelastung unserer Lehrkr\u00e4fte genau zu ermitteln. Nur auf der Basis valider Daten k\u00f6nnen wir sehen, ob die Arbeitszeit der Lehrkr\u00e4fte ausreicht, um den vielf\u00e4ltigen T\u00e4tigkeiten des Lehrerberufs nachzukommen.\u00ab Die Untersuchung bezieht sich auf die gesamten unterrichtlichen und au\u00dferunterrichtlichen T\u00e4tigkeiten der Lehrkr\u00e4fte, auch w\u00e4hrend der unterrichtsfreien Zeit. Eine erste Zwischenauswertung soll im ersten Schulhalbjahr 2025 vorliegen. Das Gesamtergebnis wird Ende des Schuljahres 2024\/2025 ausgewertet.<\/p>\n<p class=\"x_MsoNormal\">Die Untersuchung wird von der Prognos AG durchgef\u00fchrt und ausgewertet. Die Erfassung der Arbeitszeit l\u00e4uft \u00fcber ein komplettes Schuljahr, die Schulleitungen und Lehrkr\u00e4fte werden gesondert betrachtet, es gibt eine konkrete Zeiterfassung \u00fcber ein online Formular, wo die Lehrkr\u00e4fte t\u00e4glich ihre einzelnen Arbeitsstunden eintragen. Zus\u00e4tzlich werden mehrere Interviews zur subjektiven Belastungswahrnehmung durchgef\u00fchrt, speziell zu besonderen Zeitpunkten wie den Pr\u00fcfungs- und Korrekturzeiten. Die Kosten f\u00fcr die Untersuchung und Auswertung liegen bei rund 540.000 Euro.<\/p>\n<p><img loading=\"lazy\" decoding=\"async\" class=\"alignnone size-full wp-image-11509\" src=\"https:\/\/www.bildung.sachsen.de\/blog\/wp-content\/uploads\/2024\/05\/Grafik.png\" alt=\"\" width=\"628\" height=\"200\" srcset=\"https:\/\/www.bildung.sachsen.de\/blog\/wp-content\/uploads\/2024\/05\/Grafik.png 628w, https:\/\/www.bildung.sachsen.de\/blog\/wp-content\/uploads\/2024\/05\/Grafik-300x96.png 300w\" sizes=\"auto, (max-width: 628px) 100vw, 628px\" \/><\/p>\n<p>Die Untersuchung wird begleitet von einem Expertengremium. Neben Vertretern aus der Kultusverwaltung sind auch Arbeitsrechtswissenschaftler, Erziehungswissenschaftler, Vertreter des Lehrerhauptpersonalrats, des S\u00e4chsischen Schulleiterverbandes und des Landesamtes f\u00fcr Steuern und Finanzen sowie ein Vertreter des Nieders\u00e4chsischen Kultusministeriums vertreten. Das Expertengremium gibt methodische Impulse f\u00fcr die Stichprobenziehung und Entwicklung der Untersuchungsinstrumente. Das Gremium wird im weiteren Verlauf ergebnisoffen die Erkenntnisse vertiefend er\u00f6rtern und das S\u00e4chsische Staatsministerium f\u00fcr Kultus bei der Bewertung unterst\u00fctzen.<\/p>\n<p>Aktuelle Informationen zur Arbeitszeituntersuchung der s\u00e4chsischen Lehrkr\u00e4fte stehen <strong><a href=\"https:\/\/www.smk.sachsen.de\/arbeitszeituntersuchung-4456.html\">hier<\/a> <\/strong>bereit.<\/p>\n<p><a href=\"https:\/\/www.bildung.sachsen.de\/blog\/wp-content\/uploads\/2024\/05\/Lehrkraeftearbeitszeituntersuchung.pdf\">Hier geht es zur Pr\u00e4sentation.<\/a><\/p>\n","protected":false},"excerpt":{"rendered":"<p>In einer repr\u00e4sentativen Untersuchung wird in Sachsen ab dem kommenden Schuljahr 2024\/2025 die Arbeitszeit von Lehrkr\u00e4ften erhoben. \u00dcber die bislang bundesweit einmalige Untersuchung informierte heute Kultusminister Christian Piwarz. Insgesamt 4.500 Personen, darunter 4.100 Lehrkr\u00e4fte und 410 Schulleitungen, werden daran beteiligt sein. Die einer zuf\u00e4lligen Stichprobe entnommenen Teilnehmer wurden bereits per Post informiert.<\/p>\n","protected":false},"author":7,"featured_media":11511,"comment_status":"closed","ping_status":"open","sticky":false,"template":"","format":"standard","meta":{"footnotes":""},"categories":[11,67,30],"tags":[767,345,407,62,756],"class_list":["post-11508","post","type-post","status-publish","format-standard","has-post-thumbnail","hentry","category-bildungspolitik","category-lehrer","category-zahlen","tag-arbeitszeit","tag-lehrkraefte","tag-sachsen","tag-schule","tag-schulleitung"],"aioseo_notices":[],"_links":{"self":[{"href":"https:\/\/www.bildung.sachsen.de\/blog\/index.php\/wp-json\/wp\/v2\/posts\/11508","targetHints":{"allow":["GET"]}}],"collection":[{"href":"https:\/\/www.bildung.sachsen.de\/blog\/index.php\/wp-json\/wp\/v2\/posts"}],"about":[{"href":"https:\/\/www.bildung.sachsen.de\/blog\/index.php\/wp-json\/wp\/v2\/types\/post"}],"author":[{"embeddable":true,"href":"https:\/\/www.bildung.sachsen.de\/blog\/index.php\/wp-json\/wp\/v2\/users\/7"}],"replies":[{"embeddable":true,"href":"https:\/\/www.bildung.sachsen.de\/blog\/index.php\/wp-json\/wp\/v2\/comments?post=11508"}],"version-history":[{"count":5,"href":"https:\/\/www.bildung.sachsen.de\/blog\/index.php\/wp-json\/wp\/v2\/posts\/11508\/revisions"}],"predecessor-version":[{"id":11519,"href":"https:\/\/www.bildung.sachsen.de\/blog\/index.php\/wp-json\/wp\/v2\/posts\/11508\/revisions\/11519"}],"wp:featuredmedia":[{"embeddable":true,"href":"https:\/\/www.bildung.sachsen.de\/blog\/index.php\/wp-json\/wp\/v2\/media\/11511"}],"wp:attachment":[{"href":"https:\/\/www.bildung.sachsen.de\/blog\/index.php\/wp-json\/wp\/v2\/media?parent=11508"}],"wp:term":[{"taxonomy":"category","embeddable":true,"href":"https:\/\/www.bildung.sachsen.de\/blog\/index.php\/wp-json\/wp\/v2\/categories?post=11508"},{"taxonomy":"post_tag","embeddable":true,"href":"https:\/\/www.bildung.sachsen.de\/blog\/index.php\/wp-json\/wp\/v2\/tags?post=11508"}],"curies":[{"name":"wp","href":"https:\/\/api.w.org\/{rel}","templated":true}]}}