{"id":11489,"date":"2024-05-20T17:00:00","date_gmt":"2024-05-20T15:00:00","guid":{"rendered":"https:\/\/www.bildung.sachsen.de\/blog\/?p=11489"},"modified":"2024-06-21T09:41:08","modified_gmt":"2024-06-21T07:41:08","slug":"wie-erfolgreich-ist-2plus","status":"publish","type":"post","link":"https:\/\/www.bildung.sachsen.de\/blog\/index.php\/2024\/05\/20\/wie-erfolgreich-ist-2plus\/","title":{"rendered":"Wie erfolgreich ist das deutsch-sorbische Sprachkonzept \u00bb2plus\u00ab?"},"content":{"rendered":"<p>Eine wissenschaftliche Untersuchung der Universit\u00e4t Leipzig hat in den vergangenen zwei Schuljahren die Wirksamkeit des zweisprachigen Unterrichtskonzepts \u00bb2plus\u00ab \u00fcberpr\u00fcft. Nun liegen die Ergebnisse vor.<!--more--><\/p>\n<p>Im Auftrag des Kultusministeriums f\u00fchrte die Universit\u00e4t Leipzig unter Leitung des Erziehungswissenschaftlers Prof. Dr. Jonas Fl\u00f6ter in den Schuljahren 2022\/2023 und 2023\/2024 Befragungen durch. Ziel war es, herauszufinden, ob das Konzept \u00bb2plus \u2013 Unterricht nach dem schulart\u00fcbergreifenden Konzept zweisprachige sorbisch-deutsche Schule im sorbischen Siedlungsgebiet des Freistaates Sachsen\u00ab (2plus) als wirksam und effizient f\u00fcr die Sch\u00fclerinnen und Sch\u00fcler der sechzehn teilnehmenden \u00bb2plus\u00ab-Schulen eingesch\u00e4tzt werden kann.<\/p>\n<h2>Das sind die Ergebnisse<\/h2>\n<p>Die Untersuchung hat gezeigt, dass die Mehrheit der Teilnehmenden das Konzept \u00bb2plus\u00ab akzeptiert und umsetzt. Die Ziele des Konzepts werden erreicht. So werden die Spracherwerbsprozesse, die eine balancierte Zweisprachigkeit und bildungssprachliche Kompetenz in beiden Sprachen hervorbringen, gesichert. Die Schulen, die nach dem Konzept \u00bb2plus\u00ab arbeiten, entwickeln sich zu Zentren eines sorbischen Sprach- und Bildungsraums.<\/p>\n<figure id=\"attachment_11492\" aria-describedby=\"caption-attachment-11492\" style=\"width: 300px\" class=\"wp-caption alignnone\"><img loading=\"lazy\" decoding=\"async\" class=\"wp-image-11492 size-medium\" src=\"https:\/\/www.bildung.sachsen.de\/blog\/wp-content\/uploads\/2024\/05\/DSC00111-300x200.jpg\" alt=\"\" width=\"300\" height=\"200\" srcset=\"https:\/\/www.bildung.sachsen.de\/blog\/wp-content\/uploads\/2024\/05\/DSC00111-300x200.jpg 300w, https:\/\/www.bildung.sachsen.de\/blog\/wp-content\/uploads\/2024\/05\/DSC00111-1600x1067.jpg 1600w, https:\/\/www.bildung.sachsen.de\/blog\/wp-content\/uploads\/2024\/05\/DSC00111-768x512.jpg 768w, https:\/\/www.bildung.sachsen.de\/blog\/wp-content\/uploads\/2024\/05\/DSC00111-1536x1024.jpg 1536w, https:\/\/www.bildung.sachsen.de\/blog\/wp-content\/uploads\/2024\/05\/DSC00111-2048x1365.jpg 2048w, https:\/\/www.bildung.sachsen.de\/blog\/wp-content\/uploads\/2024\/05\/DSC00111-1800x1200.jpg 1800w, https:\/\/www.bildung.sachsen.de\/blog\/wp-content\/uploads\/2024\/05\/DSC00111-1280x853.jpg 1280w\" sizes=\"auto, (max-width: 300px) 100vw, 300px\" \/><figcaption id=\"caption-attachment-11492\" class=\"wp-caption-text\">Erziehungswissenschaftler Prof. Dr. Jonas Fl\u00f6ter leitete in den Schuljahren 2022\/2023 und 2023\/2024 die Befragungen.<\/figcaption><\/figure>\n<p>Gleichzeitig bestehen in verschiedenen Bereichen Entwicklungspotentiale. Dazu z\u00e4hlen:<\/p>\n<ul>\n<li>Ausgestaltung der \u00bb2plus\u00ab-Schulprogrammarbeit<\/li>\n<li>Sch\u00e4rfung der Aufgabenbereiche der Schulkoordinatorinnen und Schulkoordinatoren<\/li>\n<li>Vervollkommnung zweisprachiger Unterrichts- und Arbeitsmaterialien<\/li>\n<li>Weiterentwicklung schulinterner und regionaler Fort- und Weiterbildungskonzepte<\/li>\n<\/ul>\n<h2>Zahlen und Fakten<\/h2>\n<figure id=\"attachment_11491\" aria-describedby=\"caption-attachment-11491\" style=\"width: 200px\" class=\"wp-caption alignnone\"><img loading=\"lazy\" decoding=\"async\" class=\"wp-image-11491 size-medium\" src=\"https:\/\/www.bildung.sachsen.de\/blog\/wp-content\/uploads\/2024\/05\/DSC00119-200x300.jpg\" alt=\"\" width=\"200\" height=\"300\" srcset=\"https:\/\/www.bildung.sachsen.de\/blog\/wp-content\/uploads\/2024\/05\/DSC00119-200x300.jpg 200w, https:\/\/www.bildung.sachsen.de\/blog\/wp-content\/uploads\/2024\/05\/DSC00119-800x1200.jpg 800w, https:\/\/www.bildung.sachsen.de\/blog\/wp-content\/uploads\/2024\/05\/DSC00119-768x1152.jpg 768w, https:\/\/www.bildung.sachsen.de\/blog\/wp-content\/uploads\/2024\/05\/DSC00119-1024x1536.jpg 1024w, https:\/\/www.bildung.sachsen.de\/blog\/wp-content\/uploads\/2024\/05\/DSC00119-1365x2048.jpg 1365w, https:\/\/www.bildung.sachsen.de\/blog\/wp-content\/uploads\/2024\/05\/DSC00119-1280x1920.jpg 1280w, https:\/\/www.bildung.sachsen.de\/blog\/wp-content\/uploads\/2024\/05\/DSC00119-scaled.jpg 1707w\" sizes=\"auto, (max-width: 200px) 100vw, 200px\" \/><figcaption id=\"caption-attachment-11491\" class=\"wp-caption-text\">Lara Isecke ist Studentin im Masterstudiengang Begabungsforschung und Kompetenzentwicklung an der Universit\u00e4t Leipzig. Sie wirkte bei der Erstellung des Berichts mit.<\/figcaption><\/figure>\n<p>An den schriftlichen Befragungen haben insgesamt 538 Personen teilgenommen. Darunter Sch\u00fclerinnen und Sch\u00fcler, Lehrkr\u00e4fte, Eltern, Schulleiterinnen und Schulleiter, Referentinnen und Referenten des Landesamtes f\u00fcr Schule und Bildung (LaSuB), Schulkoordinatorinnen und Schulkoordinatoren, Fachberaterinnen und Fachberater sowie Leitungen von Kindertageseinrichtungen.<\/p>\n<p>Dar\u00fcber hinaus wurden mit Lehrkr\u00e4ften, Schulkoordinatorinnen und Schulkoordinatoren, Schulleiterinnen und Schulleitern sowie Vertreterinnen und Vertretern des LaSuB Leitfadeninterviews gef\u00fchrt.<\/p>\n<p>Zu den Themenbereichen geh\u00f6rten u.a.:<\/p>\n<ul>\n<li>Akzeptanz und Stellenwert der sorbischen Sprache<\/li>\n<li>Schulalltag und au\u00dferunterrichtliche Angebote<\/li>\n<li>Zweisprachiger Unterricht<\/li>\n<li>Digitale Lernprogramme<\/li>\n<li>au\u00dferunterrichtliche \/ au\u00dferschulische Angebote<\/li>\n<li>Zusammenarbeit Schule und Eltern<\/li>\n<li>Unterst\u00fctzung der Eltern<\/li>\n<\/ul>\n<p><img loading=\"lazy\" decoding=\"async\" class=\"alignnone size-medium wp-image-11493\" src=\"https:\/\/www.bildung.sachsen.de\/blog\/wp-content\/uploads\/2024\/05\/DSC00114-200x300.jpg\" alt=\"\" width=\"200\" height=\"300\" srcset=\"https:\/\/www.bildung.sachsen.de\/blog\/wp-content\/uploads\/2024\/05\/DSC00114-200x300.jpg 200w, https:\/\/www.bildung.sachsen.de\/blog\/wp-content\/uploads\/2024\/05\/DSC00114-800x1200.jpg 800w, https:\/\/www.bildung.sachsen.de\/blog\/wp-content\/uploads\/2024\/05\/DSC00114-768x1152.jpg 768w, https:\/\/www.bildung.sachsen.de\/blog\/wp-content\/uploads\/2024\/05\/DSC00114-1024x1536.jpg 1024w, https:\/\/www.bildung.sachsen.de\/blog\/wp-content\/uploads\/2024\/05\/DSC00114-1365x2048.jpg 1365w, https:\/\/www.bildung.sachsen.de\/blog\/wp-content\/uploads\/2024\/05\/DSC00114-1280x1920.jpg 1280w, https:\/\/www.bildung.sachsen.de\/blog\/wp-content\/uploads\/2024\/05\/DSC00114-scaled.jpg 1707w\" sizes=\"auto, (max-width: 200px) 100vw, 200px\" \/><\/p>\n<h2>Mehr Angebote f\u00fcr die Sorbischen Sprachschule<\/h2>\n<p>Entsprechend der gewonnenen Erkenntnisse werden die Sprach- und Fortbildungsangebote der Sorbischen Sprachschule erweitert. Neben den Sprachkursen Obersorbisch mit dem Ziel der Zertifizierung nach dem Gemeinsamen Europ\u00e4ischen Referenzrahmen f\u00fcr Sprachen (GER) sollen zuk\u00fcnftig<\/p>\n<ul>\n<li>Fortbildungsangebote zur Fachsprache f\u00fcr Lehrer, die im bilingualen Sachfachunterricht t\u00e4tig sind<\/li>\n<li>Fortbildungsangebote zu sprachwissenschaftlichen, literaturwissenschaftlichen und kulturwissenschaftlichen Themen<\/li>\n<li>Fortbildungen zum Kennenlernen von Medien f\u00fcr den Unterricht<\/li>\n<\/ul>\n<p>angeboten werden.<\/p>\n<h2>Hintergrund<\/h2>\n<p>Das Konzept \u00bb2plus \u2013 Unterricht nach dem schulart\u00fcbergreifenden Konzept zweisprachige sorbisch-deutsche Schule im sorbischen Siedlungsgebiet des Freistaates Sachsen\u00ab wurde mit Beginn des Schuljahres 2013\/2014 regul\u00e4r eingef\u00fchrt.<\/p>\n<p>Der Koalitionsvertrag f\u00fcr die Jahre 2020 bis 2024 weist aus, dass das Konzept \u00bb2plus\u00ab evaluiert werden soll. Die Evaluation sieht Befragungen sowie eine <a href=\"https:\/\/www.bildung.sachsen.de\/blog\/index.php\/2023\/08\/23\/erste-ergebnisse-aus-sprachwissenschaftlichen-untersuchungen-an-sorbisch-deutschen-schulen\/\">Sprachstandfeststellung aller Sch\u00fclerinnen und Sch\u00fcler der Klassenstufe 8<\/a> vor.<\/p>\n","protected":false},"excerpt":{"rendered":"<p>Eine wissenschaftliche Untersuchung der Universit\u00e4t Leipzig hat in den vergangenen zwei Schuljahren die Wirksamkeit des zweisprachigen Unterrichtskonzepts \u00bb2plus\u00ab \u00fcberpr\u00fcft. Nun liegen die Ergebnisse vor.<\/p>\n","protected":false},"author":138,"featured_media":11490,"comment_status":"closed","ping_status":"open","sticky":false,"template":"","format":"standard","meta":{"footnotes":""},"categories":[11],"tags":[480,407,62,129,101],"class_list":["post-11489","post","type-post","status-publish","format-standard","has-post-thumbnail","hentry","category-bildungspolitik","tag-evaluation","tag-sachsen","tag-schule","tag-sorbisch","tag-unterricht"],"aioseo_notices":[],"_links":{"self":[{"href":"https:\/\/www.bildung.sachsen.de\/blog\/index.php\/wp-json\/wp\/v2\/posts\/11489","targetHints":{"allow":["GET"]}}],"collection":[{"href":"https:\/\/www.bildung.sachsen.de\/blog\/index.php\/wp-json\/wp\/v2\/posts"}],"about":[{"href":"https:\/\/www.bildung.sachsen.de\/blog\/index.php\/wp-json\/wp\/v2\/types\/post"}],"author":[{"embeddable":true,"href":"https:\/\/www.bildung.sachsen.de\/blog\/index.php\/wp-json\/wp\/v2\/users\/138"}],"replies":[{"embeddable":true,"href":"https:\/\/www.bildung.sachsen.de\/blog\/index.php\/wp-json\/wp\/v2\/comments?post=11489"}],"version-history":[{"count":5,"href":"https:\/\/www.bildung.sachsen.de\/blog\/index.php\/wp-json\/wp\/v2\/posts\/11489\/revisions"}],"predecessor-version":[{"id":11498,"href":"https:\/\/www.bildung.sachsen.de\/blog\/index.php\/wp-json\/wp\/v2\/posts\/11489\/revisions\/11498"}],"wp:featuredmedia":[{"embeddable":true,"href":"https:\/\/www.bildung.sachsen.de\/blog\/index.php\/wp-json\/wp\/v2\/media\/11490"}],"wp:attachment":[{"href":"https:\/\/www.bildung.sachsen.de\/blog\/index.php\/wp-json\/wp\/v2\/media?parent=11489"}],"wp:term":[{"taxonomy":"category","embeddable":true,"href":"https:\/\/www.bildung.sachsen.de\/blog\/index.php\/wp-json\/wp\/v2\/categories?post=11489"},{"taxonomy":"post_tag","embeddable":true,"href":"https:\/\/www.bildung.sachsen.de\/blog\/index.php\/wp-json\/wp\/v2\/tags?post=11489"}],"curies":[{"name":"wp","href":"https:\/\/api.w.org\/{rel}","templated":true}]}}