{"id":11453,"date":"2024-05-13T07:00:43","date_gmt":"2024-05-13T05:00:43","guid":{"rendered":"https:\/\/www.bildung.sachsen.de\/blog\/?p=11453"},"modified":"2024-06-04T14:08:01","modified_gmt":"2024-06-04T12:08:01","slug":"bne-2-0-jetzt-aktiv-mitgestalten","status":"publish","type":"post","link":"https:\/\/www.bildung.sachsen.de\/blog\/index.php\/2024\/05\/13\/bne-2-0-jetzt-aktiv-mitgestalten\/","title":{"rendered":"Bildung f\u00fcr nachhaltige Entwicklung 2.0: Jetzt aktiv mitgestalten!"},"content":{"rendered":"<p>Wie k\u00f6nnen wir Sachsen noch lebenswerter und zukunftsf\u00e4higer gestalten? Mit kreativen und praxisnahen Ideen. \u00dcber das s\u00e4chsische Beteiligungsportal k\u00f6nnen Interessierte ihre Vorschl\u00e4ge f\u00fcr die neue S\u00e4chsische Landesstrategie Bildung f\u00fcr nachhaltige Entwicklung (BNE) einbringen. Mitmachen!<\/p>\n<p><!--more--><\/p>\n<p>Bildung f\u00fcr nachhaltige Entwicklung (BNE) will Menschen aller Altersgruppen Kompetenzen und F\u00e4higkeiten vermitteln, damit sie unseren Freistaat \u00f6kologisch, sozial und \u00f6konomisch zukunftsf\u00e4hig gestalten k\u00f6nnen. <a href=\"https:\/\/www.bne.sachsen.de\/ziele-der-strategie-3988.html\">Daf\u00fcr wird aktuell die S\u00e4chsische Landesstrategie BNE unter Beteiligung der Fach\u00f6ffentlichkeit \u00fcberarbeitet.<\/a><\/p>\n<h2>Wie kann ich mich beteiligen?<\/h2>\n<p><img loading=\"lazy\" decoding=\"async\" class=\"alignnone size-medium wp-image-11458\" src=\"https:\/\/www.bildung.sachsen.de\/blog\/wp-content\/uploads\/2024\/05\/IMG_14723-300x189.jpg\" alt=\"\" width=\"300\" height=\"189\" srcset=\"https:\/\/www.bildung.sachsen.de\/blog\/wp-content\/uploads\/2024\/05\/IMG_14723-300x189.jpg 300w, https:\/\/www.bildung.sachsen.de\/blog\/wp-content\/uploads\/2024\/05\/IMG_14723-1600x1007.jpg 1600w, https:\/\/www.bildung.sachsen.de\/blog\/wp-content\/uploads\/2024\/05\/IMG_14723-768x483.jpg 768w, https:\/\/www.bildung.sachsen.de\/blog\/wp-content\/uploads\/2024\/05\/IMG_14723-1536x966.jpg 1536w, https:\/\/www.bildung.sachsen.de\/blog\/wp-content\/uploads\/2024\/05\/IMG_14723-2048x1288.jpg 2048w, https:\/\/www.bildung.sachsen.de\/blog\/wp-content\/uploads\/2024\/05\/IMG_14723-1280x805.jpg 1280w\" sizes=\"auto, (max-width: 300px) 100vw, 300px\" \/><\/p>\n<p>\u00dcber das <a href=\"http:\/\/www.mitdenken.sachsen.de\/1039046\">Beteiligungsportal<\/a> der s\u00e4chsischen Staatsregierung k\u00f6nnen B\u00fcrgerinnen und B\u00fcrger den aktuellen Entwurfstext einsehen und ihre eigenen Ideen sowie konkrete Ma\u00dfnahmen einbringen. Das Portal erm\u00f6glicht es auch, Beitr\u00e4ge anderer zu kommentieren.<\/p>\n<p>Dar\u00fcber hinaus findet das dritte und letzte hybride und \u00f6ffentlich zug\u00e4ngliche Fachforum zu den Bildungsbereichen Hochschule, non-formales und informelles Lernen am 29. Mai 2024 an der Technischen Universit\u00e4t Chemnitz statt.<\/p>\n<p>Der Abschluss des Prozesses wird durch den 5. Fachtag BNE markiert, der am 27. August 2024 digital und am 28. August 2024 vor Ort in der S\u00e4chsischen Aufbaubank in Dresden durchgef\u00fchrt wird.<\/p>\n<p>Weitere Informationen, auch zur Anmeldung zu den Veranstaltungen, stehen auf der <a href=\"https:\/\/post.civinews.de\/civicrm\/event\/register?reset=1&amp;id=399\">Webseite des Fachforums<\/a> und <a href=\"https:\/\/www.lanu.de\/vuC\">des Fachtags BNE<\/a> bereit.<\/p>\n<h2>Was haben wir schon erreicht?<\/h2>\n<p><img loading=\"lazy\" decoding=\"async\" class=\"alignnone size-medium wp-image-11456\" src=\"https:\/\/www.bildung.sachsen.de\/blog\/wp-content\/uploads\/2024\/05\/IMG_14667-300x200.jpg\" alt=\"\" width=\"300\" height=\"200\" srcset=\"https:\/\/www.bildung.sachsen.de\/blog\/wp-content\/uploads\/2024\/05\/IMG_14667-300x200.jpg 300w, https:\/\/www.bildung.sachsen.de\/blog\/wp-content\/uploads\/2024\/05\/IMG_14667-1600x1067.jpg 1600w, https:\/\/www.bildung.sachsen.de\/blog\/wp-content\/uploads\/2024\/05\/IMG_14667-768x512.jpg 768w, https:\/\/www.bildung.sachsen.de\/blog\/wp-content\/uploads\/2024\/05\/IMG_14667-1536x1024.jpg 1536w, https:\/\/www.bildung.sachsen.de\/blog\/wp-content\/uploads\/2024\/05\/IMG_14667-2048x1365.jpg 2048w, https:\/\/www.bildung.sachsen.de\/blog\/wp-content\/uploads\/2024\/05\/IMG_14667-1800x1200.jpg 1800w, https:\/\/www.bildung.sachsen.de\/blog\/wp-content\/uploads\/2024\/05\/IMG_14667-1280x853.jpg 1280w\" sizes=\"auto, (max-width: 300px) 100vw, 300px\" \/><\/p>\n<p>Seit der Beschlussfassung der Landesstrategie wurden viele Ma\u00dfnahmen umgesetzt, die dazu beigetragen haben, Aspekte der BNE in allen Bildungsbereichen st\u00e4rker zu verankern. Das sind zum Beispiel:<\/p>\n<ul>\n<li>Implementierung von BNE in den Lehrpl\u00e4nen aller Schularten und F\u00e4cher,<\/li>\n<li>L\u00e4nderinitiative zur BNE in der universit\u00e4ren Lehrkr\u00e4fteausbildung mit Unterst\u00fctzung des Bundesministeriums f\u00fcr wirtschaftliche Zusammenarbeit und Entwicklung (BMZ),<\/li>\n<li>Kleinprojektefonds f\u00fcr BNE-Aktivit\u00e4ten zur Umsetzung der Strategie vor Ort,<\/li>\n<li>Erarbeitung von Empfehlungen f\u00fcr BNE-Qualit\u00e4tsstandards f\u00fcr Anbietende,<\/li>\n<li>Etablierung der Landeskoordinierungsstelle und regionaler BNE-Servicestellen sowie des BNE-Lotsen-Programms f\u00fcr Bildungseinrichtungen,<\/li>\n<li>Implementierung der BNE im S\u00e4chsischen Gesetz \u00fcber Kindertagesbetreuung<br \/>\nund vieles mehr.<\/li>\n<\/ul>\n<h2>Hintergrund<\/h2>\n<p>Im Jahr 2024 steht die Strategie vor einer umfassenden Aktualisierung, um auf Basis der gewonnenen Erfahrungen und neuen Anforderungen fortgeschrieben zu werden. Den Startschuss gab Staatsminister Christian Piwarz am 8. Februar 2024 in der S\u00e4chsischen Landeszentrale f\u00fcr Politische Bildung. Dem Prozessauftakt folgten zwei Fachforen in Dresden und Leipzig zu den Bildungsbereichen: Kindertagesbetreuung, Allgemeinbildenden Schulen, Berufliche Bildung sowie Kommunen. Hier wurden nicht nur wertvolle Ideen gesammelt, sondern auch konkrete Ma\u00dfnahmensteckbriefe beschrieben, die eine weiterf\u00fchrende Integration von BNE in Bildungseinrichtungen und -angeboten erm\u00f6glichen sollen.<\/p>\n","protected":false},"excerpt":{"rendered":"<p>Wie k\u00f6nnen wir Sachsen noch lebenswerter und zukunftsf\u00e4higer gestalten? Mit kreativen und praxisnahen Ideen. \u00dcber das s\u00e4chsische Beteiligungsportal k\u00f6nnen Interessierte ihre Vorschl\u00e4ge f\u00fcr die neue S\u00e4chsische Landesstrategie Bildung f\u00fcr nachhaltige Entwicklung (BNE) einbringen. Mitmachen!<\/p>\n","protected":false},"author":138,"featured_media":11457,"comment_status":"closed","ping_status":"open","sticky":false,"template":"","format":"standard","meta":{"footnotes":""},"categories":[716],"tags":[],"class_list":["post-11453","post","type-post","status-publish","format-standard","has-post-thumbnail","hentry","category-bne"],"aioseo_notices":[],"_links":{"self":[{"href":"https:\/\/www.bildung.sachsen.de\/blog\/index.php\/wp-json\/wp\/v2\/posts\/11453","targetHints":{"allow":["GET"]}}],"collection":[{"href":"https:\/\/www.bildung.sachsen.de\/blog\/index.php\/wp-json\/wp\/v2\/posts"}],"about":[{"href":"https:\/\/www.bildung.sachsen.de\/blog\/index.php\/wp-json\/wp\/v2\/types\/post"}],"author":[{"embeddable":true,"href":"https:\/\/www.bildung.sachsen.de\/blog\/index.php\/wp-json\/wp\/v2\/users\/138"}],"replies":[{"embeddable":true,"href":"https:\/\/www.bildung.sachsen.de\/blog\/index.php\/wp-json\/wp\/v2\/comments?post=11453"}],"version-history":[{"count":2,"href":"https:\/\/www.bildung.sachsen.de\/blog\/index.php\/wp-json\/wp\/v2\/posts\/11453\/revisions"}],"predecessor-version":[{"id":11460,"href":"https:\/\/www.bildung.sachsen.de\/blog\/index.php\/wp-json\/wp\/v2\/posts\/11453\/revisions\/11460"}],"wp:featuredmedia":[{"embeddable":true,"href":"https:\/\/www.bildung.sachsen.de\/blog\/index.php\/wp-json\/wp\/v2\/media\/11457"}],"wp:attachment":[{"href":"https:\/\/www.bildung.sachsen.de\/blog\/index.php\/wp-json\/wp\/v2\/media?parent=11453"}],"wp:term":[{"taxonomy":"category","embeddable":true,"href":"https:\/\/www.bildung.sachsen.de\/blog\/index.php\/wp-json\/wp\/v2\/categories?post=11453"},{"taxonomy":"post_tag","embeddable":true,"href":"https:\/\/www.bildung.sachsen.de\/blog\/index.php\/wp-json\/wp\/v2\/tags?post=11453"}],"curies":[{"name":"wp","href":"https:\/\/api.w.org\/{rel}","templated":true}]}}