{"id":11429,"date":"2024-04-19T07:00:03","date_gmt":"2024-04-19T05:00:03","guid":{"rendered":"https:\/\/www.bildung.sachsen.de\/blog\/?p=11429"},"modified":"2024-04-17T14:55:41","modified_gmt":"2024-04-17T12:55:41","slug":"schule-macht-demokratie","status":"publish","type":"post","link":"https:\/\/www.bildung.sachsen.de\/blog\/index.php\/2024\/04\/19\/schule-macht-demokratie\/","title":{"rendered":"Aktionswoche \u00bbSchule. Macht. Demokratie.\u00ab \u2013 jetzt f\u00fcr Workshops anmelden"},"content":{"rendered":"<p>Die diesj\u00e4hrige Aktionswoche \u00bbSchule. Macht. Demokratie\u00ab im Rahmen des Internationalen Tages der Demokratie der Vereinten Nationen findet in Sachsen vom 9. bis 15. September statt. Mitmachen!<\/p>\n<p><!--more--><\/p>\n<p>Traditionell rufen wir alle Schulen im Freistaat Sachsen zu einer aktiven Beteiligung an der Aktionswoche auf, um den Internationalen Tag der Demokratie an s\u00e4chsischen Schulen zu w\u00fcrdigen. Gerade in der heutigen Zeit ist der aktive Einsatz f\u00fcr unsere freiheitliche demokratische Grundordnung ganz wichtig.<\/p>\n<p>Das Landesamt f\u00fcr Schule und Bildung unterst\u00fctzt schulische Akteurinnen und Akteure bei der Gestaltung der Aktionswoche \u00bbSchule. Macht. Demokratie.\u00ab und stellt zu diesem Zweck eine Auswahl an Angeboten zur Verf\u00fcgung. So k\u00f6nnen sich Schulen f\u00fcr verschiedene Workshops aus den Themenbereichen Medien und Kommunikation, Kunst und Kultur sowie Politik bewerben. Die schulartspezifische Auswahl an zahlreichen Angeboten verschiedener Anbieter ist <strong>ab sofort im Schulportal<\/strong> verf\u00fcgbar.<\/p>\n<p>Die Bewerbungen k\u00f6nnen <strong>bis zum 12. Mai 2024<\/strong> beim Landesamt f\u00fcr Schule und Bildung eingereicht werden. Alle Schulen, die sich f\u00fcr ein Angebot im Rahmen der Aktionswoche beworben haben, erhalten bis zum 31. Mai 2024 eine R\u00fcckmeldung.<\/p>\n<h2>Workshops \u2013 eine Auswahl<\/h2>\n<h3>F\u00fcr Grundschulen<\/h3>\n<ul>\n<li>Couragierte Kinder \u2013 Ein demokratief\u00f6rdernder Ansatz f\u00fcr Kita, Hort und Grundschule<\/li>\n<li>Wir sind nicht alle gleich, aber gleichwertig<\/li>\n<li>WAS UNS ZUSAMMENH\u00c4LT. Toleranz bef\u00f6rdern, Diskriminierung verhindern<\/li>\n<\/ul>\n<h3>F\u00fcr F\u00f6rderschulen<\/h3>\n<ul>\n<li>MACHT mal MEDIEN<\/li>\n<li>Erfolgreich Argumentieren gegen Rechtsextremismus<\/li>\n<li>Konflikte wahrnehmen \u2013 ver\u00e4ndern \u2013 spielerisch gestalten<\/li>\n<\/ul>\n<h3>F\u00fcr Oberschulen<\/h3>\n<ul>\n<li>Rechtsextremismus aktuell. Codes, Symbole und Kleidermarken erkennen<\/li>\n<li>Trotz alledem! Ein Projekttag zu emanzipatorischen Errungenschaften<\/li>\n<li>Influencing vs. Journalismus \u2013 Content Creation im Check<\/li>\n<\/ul>\n<h3>F\u00fcr Gymnasien<\/h3>\n<ul>\n<li>Escape Room \u00bbPolitische Bildung \u2013 innovativ!\u00ab<\/li>\n<li>KI und Meinungsbildung<\/li>\n<li>Das Projekt Stolpersteine<\/li>\n<\/ul>\n<h3>F\u00fcr Berufsbildende Schulen<\/h3>\n<ul>\n<li>Verschw\u00f6rungstheorien entzaubern<\/li>\n<li>Fake News \u2013 Falschnachrichten im Netz<\/li>\n<li>Sexuelle Vielfalt f\u00fcr das Berufsleben<\/li>\n<\/ul>\n<p>Die Koordinatoren und Koordinatorinnen f\u00fcr politische Bildung unterst\u00fctzen und beraten Sie dabei gern:<\/p>\n<p><strong>Standorte Bautzen und Dresden:<\/strong><\/p>\n<p>Anastasia Wendt<br \/>\nTelefon: 03591 621-361<\/p>\n<p><a href=\"mailto:anastasia.wendt@lasub.smk.sachsen.de\">anastasia.wendt@lasub.smk.sachsen.de<\/a><\/p>\n<p><strong>Standorte Chemnitz und Zwickau<\/strong><\/p>\n<p>Christian Lieberwirth<br \/>\nTelefon: 0371 5366-435<\/p>\n<p><a href=\"mailto:Christian.Lieberwirth@lasub.smk.sachsen.de\">Christian.Lieberwirth@lasub.smk.sachsen.de<\/a><\/p>\n<p><strong>Standort<\/strong> <strong>Leipzig<\/strong><\/p>\n<p>Ute Glathe<br \/>\nTelefon: 0341 4945-715<\/p>\n<p><a href=\"mailto:Ute.Glathe@lasub.smk.sachsen.de\">Ute.Glathe@l<\/a><a href=\"mailto:Ute.Glathe@lasub.smk.sachsen.de\">asub.smk.sachsen.de<\/a><\/p>\n<p>Ingolf Thiele<br \/>\nTelefon: 0341 4945-657<\/p>\n<p><a href=\"mailto:Ingolf.Thiele@lasub.smk.sachsen.de\">Ingolf.Thiele@lasub.smk.sachsen.de<\/a><\/p>\n<p>Wir freuen uns auf eine aktive Teilnahme an der Aktionswoche \u00bbSchule. Macht. Demokratie\u00ab!<\/p>\n","protected":false},"excerpt":{"rendered":"<p>Die diesj\u00e4hrige Aktionswoche \u00bbSchule. Macht. Demokratie\u00ab im Rahmen des Internationalen Tages der Demokratie der Vereinten Nationen findet in Sachsen vom 9. bis 15. September statt. Mitmachen!<\/p>\n","protected":false},"author":138,"featured_media":11436,"comment_status":"open","ping_status":"open","sticky":false,"template":"","format":"standard","meta":{"footnotes":""},"categories":[67,247],"tags":[612,611,613,407,62],"class_list":["post-11429","post","type-post","status-publish","format-standard","has-post-thumbnail","hentry","category-lehrer","category-politische-bildung","tag-aktionswoche","tag-demokratie","tag-politsche-bildung","tag-sachsen","tag-schule"],"aioseo_notices":[],"_links":{"self":[{"href":"https:\/\/www.bildung.sachsen.de\/blog\/index.php\/wp-json\/wp\/v2\/posts\/11429","targetHints":{"allow":["GET"]}}],"collection":[{"href":"https:\/\/www.bildung.sachsen.de\/blog\/index.php\/wp-json\/wp\/v2\/posts"}],"about":[{"href":"https:\/\/www.bildung.sachsen.de\/blog\/index.php\/wp-json\/wp\/v2\/types\/post"}],"author":[{"embeddable":true,"href":"https:\/\/www.bildung.sachsen.de\/blog\/index.php\/wp-json\/wp\/v2\/users\/138"}],"replies":[{"embeddable":true,"href":"https:\/\/www.bildung.sachsen.de\/blog\/index.php\/wp-json\/wp\/v2\/comments?post=11429"}],"version-history":[{"count":8,"href":"https:\/\/www.bildung.sachsen.de\/blog\/index.php\/wp-json\/wp\/v2\/posts\/11429\/revisions"}],"predecessor-version":[{"id":11442,"href":"https:\/\/www.bildung.sachsen.de\/blog\/index.php\/wp-json\/wp\/v2\/posts\/11429\/revisions\/11442"}],"wp:featuredmedia":[{"embeddable":true,"href":"https:\/\/www.bildung.sachsen.de\/blog\/index.php\/wp-json\/wp\/v2\/media\/11436"}],"wp:attachment":[{"href":"https:\/\/www.bildung.sachsen.de\/blog\/index.php\/wp-json\/wp\/v2\/media?parent=11429"}],"wp:term":[{"taxonomy":"category","embeddable":true,"href":"https:\/\/www.bildung.sachsen.de\/blog\/index.php\/wp-json\/wp\/v2\/categories?post=11429"},{"taxonomy":"post_tag","embeddable":true,"href":"https:\/\/www.bildung.sachsen.de\/blog\/index.php\/wp-json\/wp\/v2\/tags?post=11429"}],"curies":[{"name":"wp","href":"https:\/\/api.w.org\/{rel}","templated":true}]}}