{"id":11314,"date":"2024-02-27T11:00:58","date_gmt":"2024-02-27T10:00:58","guid":{"rendered":"https:\/\/www.bildung.sachsen.de\/blog\/?p=11314"},"modified":"2024-03-06T12:05:25","modified_gmt":"2024-03-06T11:05:25","slug":"sachsen-stellt-845-neue-paedagogen-ein","status":"publish","type":"post","link":"https:\/\/www.bildung.sachsen.de\/blog\/index.php\/2024\/02\/27\/sachsen-stellt-845-neue-paedagogen-ein\/","title":{"rendered":"Sachsen stellt 845 neue P\u00e4dagogen ein"},"content":{"rendered":"<p>Zum zweiten Schulhalbjahr sind mehr P\u00e4dagogen eingestellt worden als im Vorjahr. Nach den Winterferien beginnen in Sachsen 621 neu eingestellte Lehrkr\u00e4fte und p\u00e4dagogische Fachkr\u00e4fte. Hinzukommen 224 Seiteneinsteiger, die ihre Einstiegsqualifizierung erfolgreich abgeschlossen haben und nun an den Schulen starten.<\/p>\n<p><!--more--><\/p>\n<p>Im vergangenen Februar 2023 gab es insgesamt <a href=\"https:\/\/www.bildung.sachsen.de\/blog\/index.php\/2023\/02\/23\/2-schulhalbjahr-startet-mit-817-neuen-lehrkraeften\/\">817 Neuzug\u00e4nge<\/a>. \u00bbDie Einstellungsergebnisse werden langsam besser. Nat\u00fcrlich h\u00e4tten wir durchaus gern mehr Lehrerinnen und Lehrer eingestellt. Aber die Bewerberlage gab nicht mehr her.\u00ab Das Einstellungsverfahren l\u00e4uft daher weiter. Etwa zwei Dutzend Lehrkr\u00e4ften liegen noch Stellenangebote vor.<\/p>\n<p>Insgesamt hatten sich 678 vollst\u00e4ndig ausgebildete Lehrkr\u00e4fte und auch Lehramtsabsolventen mit erster, aber ohne zweite Staatspr\u00fcfung beworben. Wie auch in den Vorjahren bewarb sich ein Gro\u00dfteil der Nachwuchskr\u00e4fte f\u00fcr eine Anstellung in den Ballungsgebieten Dresden und Leipzig. Demgegen\u00fcber war das Interesse der Bewerberinnen und Bewerber in l\u00e4ndliche Regionen zu gehen, gering ausgepr\u00e4gt.<\/p>\n<p>587 der ausgebildeten Nachwuchslehrkr\u00e4fte hat der Freistaat eingestellt. \u00bbDamit haben wir immerhin fast 90 Prozent der Bewerberinnen und Bewerber f\u00fcr den s\u00e4chsischen Schuldienst \u00fcberzeugen k\u00f6nnen. Das ist zumindest eine gute Nachricht. Wir sind mit unseren Stellenangeboten auf dem bundesweit hart umk\u00e4mpften Lehrerarbeitsmarkt wettbewerbsf\u00e4hig\u00ab, so Kultusminister Christian Piwarz. Zusammen mit neuen p\u00e4dagogischen Fachkr\u00e4ften, die an F\u00f6rderschulen t\u00e4tig sein werden, konnten insgesamt 621 P\u00e4dagoginnen und P\u00e4dagogen f\u00fcr den Schuldienst gewonnen werden (s. Tabelle 1).<\/p>\n<p><strong>Tabelle 1: Eingestellte Lehrkr\u00e4fte und p\u00e4dagogische Fachkr\u00e4fte (Personen) <\/strong><\/p>\n<table>\n<tbody>\n<tr>\n<td width=\"154\"><strong>Schulart<\/strong><\/td>\n<td width=\"71\"><strong>Bautzen<\/strong><\/td>\n<td width=\"80\"><strong>Chemnitz<\/strong><\/td>\n<td width=\"73\"><strong>Dresden<\/strong><\/td>\n<td width=\"65\"><strong>Leipzig<\/strong><\/td>\n<td width=\"72\"><strong>Zwickau<\/strong><\/td>\n<td width=\"67\"><strong>Summe<\/strong><\/td>\n<\/tr>\n<tr>\n<td width=\"154\">Grundschule<\/td>\n<td width=\"71\">28<\/td>\n<td width=\"80\">32<\/td>\n<td width=\"73\">39<\/td>\n<td width=\"65\">69<\/td>\n<td width=\"72\">19<\/td>\n<td width=\"67\"><strong>187<\/strong><\/td>\n<\/tr>\n<tr>\n<td width=\"154\">Oberschule<\/td>\n<td width=\"71\">10<\/td>\n<td width=\"80\">26<\/td>\n<td width=\"73\">20<\/td>\n<td width=\"65\">47<\/td>\n<td width=\"72\">14<\/td>\n<td width=\"67\"><strong>117<\/strong><\/td>\n<\/tr>\n<tr>\n<td width=\"154\">Gymnasium<\/td>\n<td width=\"71\">10<\/td>\n<td width=\"80\">27<\/td>\n<td width=\"73\">48<\/td>\n<td width=\"65\">64<\/td>\n<td width=\"72\">18<\/td>\n<td width=\"67\"><strong>167<\/strong><\/td>\n<\/tr>\n<tr>\n<td width=\"154\">Gemeinschaftsschule<\/td>\n<td width=\"71\"><\/td>\n<td width=\"80\"><\/td>\n<td width=\"73\">7<\/td>\n<td width=\"65\"><\/td>\n<td width=\"72\"><\/td>\n<td width=\"67\"><strong>7<\/strong><\/td>\n<\/tr>\n<tr>\n<td width=\"154\">Berufsbildende Schule<\/td>\n<td width=\"71\">5<\/td>\n<td width=\"80\">5<\/td>\n<td width=\"73\">11<\/td>\n<td width=\"65\">7<\/td>\n<td width=\"72\">2<\/td>\n<td width=\"67\"><strong>30<\/strong><\/td>\n<\/tr>\n<tr>\n<td width=\"154\">F\u00f6rderschule<\/td>\n<td width=\"71\">12<\/td>\n<td width=\"80\">13<\/td>\n<td width=\"73\">33<\/td>\n<td width=\"65\">38<\/td>\n<td width=\"72\">17<\/td>\n<td width=\"67\"><strong>113<\/strong><\/td>\n<\/tr>\n<tr>\n<td width=\"154\"><strong>Summe<\/strong><\/td>\n<td width=\"71\"><strong>65<\/strong><\/td>\n<td width=\"80\"><strong>103<\/strong><\/td>\n<td width=\"73\"><strong>158<\/strong><\/td>\n<td width=\"65\"><strong>225<\/strong><\/td>\n<td width=\"72\"><strong>70<\/strong><\/td>\n<td width=\"67\"><strong>621<\/strong><\/td>\n<\/tr>\n<\/tbody>\n<\/table>\n<p>&nbsp;<\/p>\n<p>Weitere 224 Seiteneinsteiger starten zum 2. Schulhalbjahr (s. Tabelle 2). Sie wurden bereits im November eingestellt und haben ihre dreimonatige Einstiegsqualifizierung erfolgreich absolviert. \u00a0Damit werden insgesamt 845 neue P\u00e4dagoginnen und P\u00e4dagogen zum zweiten Schuljahr an Schulen t\u00e4tig sein.<\/p>\n<p><strong>Tabelle 2: Eingestellte Seiteneinsteiger (Personen)<\/strong><\/p>\n<table>\n<tbody>\n<tr>\n<td width=\"154\"><strong>Schulart<\/strong><\/td>\n<td width=\"71\"><strong>Bautzen<\/strong><\/td>\n<td width=\"80\"><strong>Chemnitz<\/strong><\/td>\n<td width=\"73\"><strong>Dresden<\/strong><\/td>\n<td width=\"65\"><strong>Leipzig<\/strong><\/td>\n<td width=\"72\"><strong>Zwickau<\/strong><\/td>\n<td width=\"67\"><strong>Summe<\/strong><\/td>\n<\/tr>\n<tr>\n<td width=\"154\">Grundschule<\/td>\n<td width=\"71\">17<\/td>\n<td width=\"80\">6<\/td>\n<td width=\"73\">5<\/td>\n<td width=\"65\">2<\/td>\n<td width=\"72\"><\/td>\n<td width=\"67\"><strong>30<\/strong><\/td>\n<\/tr>\n<tr>\n<td width=\"154\">Oberschule<\/td>\n<td width=\"71\">9<\/td>\n<td width=\"80\">12<\/td>\n<td width=\"73\">26<\/td>\n<td width=\"65\">22<\/td>\n<td width=\"72\">14<\/td>\n<td width=\"67\"><strong>83<\/strong><\/td>\n<\/tr>\n<tr>\n<td width=\"154\">Gymnasium<\/td>\n<td width=\"71\">6<\/td>\n<td width=\"80\">13<\/td>\n<td width=\"73\">18<\/td>\n<td width=\"65\">1<\/td>\n<td width=\"72\">1<\/td>\n<td width=\"67\"><strong>39<\/strong><\/td>\n<\/tr>\n<tr>\n<td width=\"154\">Gemeinschaftsschule<\/td>\n<td width=\"71\"><\/td>\n<td width=\"80\"><\/td>\n<td width=\"73\">2<\/td>\n<td width=\"65\"><\/td>\n<td width=\"72\"><\/td>\n<td width=\"67\"><strong>2<\/strong><\/td>\n<\/tr>\n<tr>\n<td width=\"154\">Berufsbildende Schule<\/td>\n<td width=\"71\">2<\/td>\n<td width=\"80\">6<\/td>\n<td width=\"73\">7<\/td>\n<td width=\"65\">18<\/td>\n<td width=\"72\">5<\/td>\n<td width=\"67\"><strong>38<\/strong><\/td>\n<\/tr>\n<tr>\n<td width=\"154\">F\u00f6rderschule<\/td>\n<td width=\"71\">5<\/td>\n<td width=\"80\">12<\/td>\n<td width=\"73\">11<\/td>\n<td width=\"65\">2<\/td>\n<td width=\"72\">2<\/td>\n<td width=\"67\"><strong>32<\/strong><\/td>\n<\/tr>\n<tr>\n<td width=\"154\"><strong>Summe<\/strong><\/td>\n<td width=\"71\"><strong>39<\/strong><\/td>\n<td width=\"80\"><strong>49<\/strong><\/td>\n<td width=\"73\"><strong>69<\/strong><\/td>\n<td width=\"65\"><strong>45<\/strong><\/td>\n<td width=\"72\"><strong>22<\/strong><\/td>\n<td width=\"67\"><strong>224<\/strong><\/td>\n<\/tr>\n<\/tbody>\n<\/table>\n","protected":false},"excerpt":{"rendered":"<p>Zum zweiten Schulhalbjahr sind mehr P\u00e4dagogen eingestellt worden als im Vorjahr. Nach den Winterferien beginnen in Sachsen 621 neu eingestellte Lehrkr\u00e4fte und p\u00e4dagogische Fachkr\u00e4fte. Hinzukommen 224 Seiteneinsteiger, die ihre Einstiegsqualifizierung erfolgreich abgeschlossen haben und nun an den Schulen starten.<\/p>\n","protected":false},"author":4,"featured_media":11316,"comment_status":"closed","ping_status":"open","sticky":false,"template":"","format":"standard","meta":{"footnotes":""},"categories":[11],"tags":[36,345,407,62],"class_list":["post-11314","post","type-post","status-publish","format-standard","has-post-thumbnail","hentry","category-bildungspolitik","tag-lehrer","tag-lehrkraefte","tag-sachsen","tag-schule"],"aioseo_notices":[],"_links":{"self":[{"href":"https:\/\/www.bildung.sachsen.de\/blog\/index.php\/wp-json\/wp\/v2\/posts\/11314","targetHints":{"allow":["GET"]}}],"collection":[{"href":"https:\/\/www.bildung.sachsen.de\/blog\/index.php\/wp-json\/wp\/v2\/posts"}],"about":[{"href":"https:\/\/www.bildung.sachsen.de\/blog\/index.php\/wp-json\/wp\/v2\/types\/post"}],"author":[{"embeddable":true,"href":"https:\/\/www.bildung.sachsen.de\/blog\/index.php\/wp-json\/wp\/v2\/users\/4"}],"replies":[{"embeddable":true,"href":"https:\/\/www.bildung.sachsen.de\/blog\/index.php\/wp-json\/wp\/v2\/comments?post=11314"}],"version-history":[{"count":5,"href":"https:\/\/www.bildung.sachsen.de\/blog\/index.php\/wp-json\/wp\/v2\/posts\/11314\/revisions"}],"predecessor-version":[{"id":11322,"href":"https:\/\/www.bildung.sachsen.de\/blog\/index.php\/wp-json\/wp\/v2\/posts\/11314\/revisions\/11322"}],"wp:featuredmedia":[{"embeddable":true,"href":"https:\/\/www.bildung.sachsen.de\/blog\/index.php\/wp-json\/wp\/v2\/media\/11316"}],"wp:attachment":[{"href":"https:\/\/www.bildung.sachsen.de\/blog\/index.php\/wp-json\/wp\/v2\/media?parent=11314"}],"wp:term":[{"taxonomy":"category","embeddable":true,"href":"https:\/\/www.bildung.sachsen.de\/blog\/index.php\/wp-json\/wp\/v2\/categories?post=11314"},{"taxonomy":"post_tag","embeddable":true,"href":"https:\/\/www.bildung.sachsen.de\/blog\/index.php\/wp-json\/wp\/v2\/tags?post=11314"}],"curies":[{"name":"wp","href":"https:\/\/api.w.org\/{rel}","templated":true}]}}