{"id":11157,"date":"2023-12-05T07:00:02","date_gmt":"2023-12-05T06:00:02","guid":{"rendered":"https:\/\/www.bildung.sachsen.de\/blog\/?p=11157"},"modified":"2023-11-30T12:21:25","modified_gmt":"2023-11-30T11:21:25","slug":"lehrerausbildung-neu-gedacht","status":"publish","type":"post","link":"https:\/\/www.bildung.sachsen.de\/blog\/index.php\/2023\/12\/05\/lehrerausbildung-neu-gedacht\/","title":{"rendered":"Lehrerausbildung neu gedacht: Referendarin versch\u00f6nert mit Sch\u00fclern Schneeberger Stadtpark"},"content":{"rendered":"<p>Was passiert, wenn Ausbilderin, Referendarin, Schule, Sch\u00fcler und ihre Eltern zusammen mit der Stadt an einem Strang ziehen? Etwas Gro\u00dfartiges f\u00fcr Schneeberg \u2013 und die Ausbildung f\u00fcr Lehrkr\u00e4fte!<\/p>\n<p><!--more--><\/p>\n<figure id=\"attachment_11159\" aria-describedby=\"caption-attachment-11159\" style=\"width: 300px\" class=\"wp-caption alignleft\"><img loading=\"lazy\" decoding=\"async\" class=\"wp-image-11159 size-medium\" src=\"https:\/\/www.bildung.sachsen.de\/blog\/wp-content\/uploads\/2023\/11\/DSC03643-300x200.jpg\" alt=\"\" width=\"300\" height=\"200\" srcset=\"https:\/\/www.bildung.sachsen.de\/blog\/wp-content\/uploads\/2023\/11\/DSC03643-300x200.jpg 300w, https:\/\/www.bildung.sachsen.de\/blog\/wp-content\/uploads\/2023\/11\/DSC03643-1600x1067.jpg 1600w, https:\/\/www.bildung.sachsen.de\/blog\/wp-content\/uploads\/2023\/11\/DSC03643-768x512.jpg 768w, https:\/\/www.bildung.sachsen.de\/blog\/wp-content\/uploads\/2023\/11\/DSC03643-1536x1024.jpg 1536w, https:\/\/www.bildung.sachsen.de\/blog\/wp-content\/uploads\/2023\/11\/DSC03643-2048x1365.jpg 2048w, https:\/\/www.bildung.sachsen.de\/blog\/wp-content\/uploads\/2023\/11\/DSC03643-1800x1200.jpg 1800w, https:\/\/www.bildung.sachsen.de\/blog\/wp-content\/uploads\/2023\/11\/DSC03643-1280x853.jpg 1280w\" sizes=\"auto, (max-width: 300px) 100vw, 300px\" \/><figcaption id=\"caption-attachment-11159\" class=\"wp-caption-text\">Vor den Toren von Schneeberg.<\/figcaption><\/figure>\n<p>Der Nebel steigt langsam aus den Feldern und W\u00e4ldern empor, die Sonne bahnt sich ihren Weg durch die letzten Wolken. Ein sonniger Herbsttag steht bevor. Wir sind auf dem Weg ins Erzgebirge, genauer in die sch\u00f6ne Bergstadt Schneeberg. Es geht an die <a href=\"https:\/\/marchwitza-grundschule.de\/\">Grundschule Hans-Marchwitza<\/a>. Hier treffen wir Nadja Seidel. Sie ist Hauptausbildungsleiterin an der Lehrerausbildungsst\u00e4tte f\u00fcr das Grundschullehramt in Annaberg-Buchholz und verantwortlich f\u00fcr die Praxisaufgabe der Referendare. Zusammen mit der angehenden Lehrerin Sarah B\u00f6hm und der Klasse 3b geht es in den Stadtpark von Schneeberg.<\/p>\n<h2>Wir versch\u00f6nern den Stadtpark!<\/h2>\n<p><iframe loading=\"lazy\" title=\"Lehrerausbildung neu gedacht\" width=\"880\" height=\"495\" src=\"https:\/\/www.youtube.com\/embed\/t9F-sM3ONtI?feature=oembed\" frameborder=\"0\" allow=\"accelerometer; autoplay; clipboard-write; encrypted-media; gyroscope; picture-in-picture; web-share\" referrerpolicy=\"strict-origin-when-cross-origin\" allowfullscreen><\/iframe><\/p>\n<p>Mit drei gut beladenen Bollerwagen erreichen wir nach etwa zehn Minuten Fu\u00dfweg unser Ziel. Engagierte Eltern warten bereits am Spielplatz, um tatkr\u00e4ftig mit anzupacken. Doch von vorn: Sarah B\u00f6hm ist Lehrkraft in Ausbildung und absolviert aktuell ihr Referendariat an der Grundschule in Schneeberg. Ein To-do auf ihrem Weg zur Lehrerin: die Praxisaufgabe.<\/p>\n<figure id=\"attachment_11171\" aria-describedby=\"caption-attachment-11171\" style=\"width: 300px\" class=\"wp-caption alignleft\"><img loading=\"lazy\" decoding=\"async\" class=\"size-medium wp-image-11171\" src=\"https:\/\/www.bildung.sachsen.de\/blog\/wp-content\/uploads\/2023\/11\/DSC03700-300x200.jpg\" alt=\"\" width=\"300\" height=\"200\" srcset=\"https:\/\/www.bildung.sachsen.de\/blog\/wp-content\/uploads\/2023\/11\/DSC03700-300x200.jpg 300w, https:\/\/www.bildung.sachsen.de\/blog\/wp-content\/uploads\/2023\/11\/DSC03700-1600x1067.jpg 1600w, https:\/\/www.bildung.sachsen.de\/blog\/wp-content\/uploads\/2023\/11\/DSC03700-768x512.jpg 768w, https:\/\/www.bildung.sachsen.de\/blog\/wp-content\/uploads\/2023\/11\/DSC03700-1536x1024.jpg 1536w, https:\/\/www.bildung.sachsen.de\/blog\/wp-content\/uploads\/2023\/11\/DSC03700-2048x1365.jpg 2048w, https:\/\/www.bildung.sachsen.de\/blog\/wp-content\/uploads\/2023\/11\/DSC03700-1800x1200.jpg 1800w, https:\/\/www.bildung.sachsen.de\/blog\/wp-content\/uploads\/2023\/11\/DSC03700-1280x853.jpg 1280w\" sizes=\"auto, (max-width: 300px) 100vw, 300px\" \/><figcaption id=\"caption-attachment-11171\" class=\"wp-caption-text\">Referendarin Sarah B\u00f6hm mit Kindern der Klasse 3b im Gespr\u00e4ch.<\/figcaption><\/figure>\n<p>\u00bbWir als Klasse haben zuerst \u00fcberlegt: Was gef\u00e4llt uns am Stadtpark und was ist vielleicht nicht so sch\u00f6n? Zum Beispiel ist uns aufgefallen, dass die B\u00e4nke beschmiert sind. Gemeinsam mit dem B\u00fcrgermeister der Stadt Schneeberg, Ingo Seifert, haben wir dann \u00fcberlegt, was wir konkret ver\u00e4ndern k\u00f6nnen, damit der Park ein noch sch\u00f6nerer Ort wird \u2013 f\u00fcr die Menschen, die Tiere und auch f\u00fcr die Pflanzen. Schlie\u00dflich stand fest, dass wir zwei Dinge angehen: 1) Fr\u00fchbl\u00fcher in der Erde verstecken und 2) zwei Sitzb\u00e4nken am Spielplatz, die wirklich sehr verunstaltet sind, einen neuen Anstrich verleihen\u00ab, erinnert sich Sarah B\u00f6hm an die Anf\u00e4nge des Projekts.<\/p>\n<p>Dann galt es, das Vorhaben gut vorzubereiten: Zun\u00e4chst berechneten die Sch\u00fclerinnen und Sch\u00fcler im Mathematikunterricht, wie viele Blumenzwiebeln gebraucht werden. Ein Baumarktbesuch mit weiteren Aufgaben folgte: Welche Fr\u00fchbl\u00fcher gibt es? Wie viele Zwiebeln sind in einer Packung enthalten? Was kostet eine Packung? \u00bbIm Unterricht gingen wir au\u00dferdem die Teilschritte zum Pflanzen durch. Dabei entstand unsere detaillierte Handlungsanleitung\u00ab, erkl\u00e4rt Sarah B\u00f6hm weiter. Hinzu kamen Gespr\u00e4che mit dem Bauhof, es wurden Arbeitsmaterialien zusammengestellt und Sarah B\u00f6hm organisierte mit den Eltern ein gemeinsames, st\u00e4rkendes Fr\u00fchst\u00fcck f\u00fcr den bevorstehenden Pflanz- und Streichtag.<\/p>\n<p><img loading=\"lazy\" decoding=\"async\" class=\"size-medium wp-image-11172 alignleft\" src=\"https:\/\/www.bildung.sachsen.de\/blog\/wp-content\/uploads\/2023\/11\/DSC03675-200x300.jpg\" alt=\"\" width=\"200\" height=\"300\" srcset=\"https:\/\/www.bildung.sachsen.de\/blog\/wp-content\/uploads\/2023\/11\/DSC03675-200x300.jpg 200w, https:\/\/www.bildung.sachsen.de\/blog\/wp-content\/uploads\/2023\/11\/DSC03675-800x1200.jpg 800w, https:\/\/www.bildung.sachsen.de\/blog\/wp-content\/uploads\/2023\/11\/DSC03675-768x1152.jpg 768w, https:\/\/www.bildung.sachsen.de\/blog\/wp-content\/uploads\/2023\/11\/DSC03675-1024x1536.jpg 1024w, https:\/\/www.bildung.sachsen.de\/blog\/wp-content\/uploads\/2023\/11\/DSC03675-1365x2048.jpg 1365w, https:\/\/www.bildung.sachsen.de\/blog\/wp-content\/uploads\/2023\/11\/DSC03675-1280x1920.jpg 1280w, https:\/\/www.bildung.sachsen.de\/blog\/wp-content\/uploads\/2023\/11\/DSC03675-scaled.jpg 1707w\" sizes=\"auto, (max-width: 200px) 100vw, 200px\" \/>Zur\u00fcck im Stadtpark: Nach ein paar erkl\u00e4renden Worten von Nachwuchslehrerin Sarah B\u00f6hm, was die Grundsch\u00fclerinnen und Grundsch\u00fcler heute erwartet, kann es auch schon losgehen. Eine Sch\u00fclergruppe schnappt sich Blumenzwiebeln, Pflanzkellen und Wasser \u2013 die andere Pinsel, Schmirgelpapier und Farbe.<\/p>\n<p>\u00bbUnser Motto: \u203aViele kleine Leute k\u00f6nnen an vielen kleinen Orten viele kleine Schritte tun und damit das Gesicht der Welt ver\u00e4ndern\u2039 setzen wir heute praktisch um. Mit unserer Aktion k\u00f6nnen wir als Klasse einen kleinen Beitrag leisten, dass der Stadtpark noch sch\u00f6ner wird. Ich freue mich total, dass die Kinder mitmachen \u2013 und ja, ich glaube, wir haben damit Erfolg\u00ab, freut sich Sarah B\u00f6hm.<\/p>\n<p>Begeistert sind auch die Eltern der Drittkl\u00e4ssler, die das Projekt ganz selbstverst\u00e4ndlich unterst\u00fctzen. \u00bbIch finde es klasse, weil der Stadtpark jetzt wieder toll wird und die Kinder riesigen Spa\u00df haben. Wir sind gespannt, wie viele Blumenzwiebeln im n\u00e4chsten Fr\u00fchjahr das Licht der Welt erblicken\u00ab, l\u00e4sst uns Elternsprecherin Mareen Hynek voller Vorfreude wissen.<\/p>\n<p>Vor Ort ist auch Mutter Kristin Lotze: \u00bbIch habe das Gl\u00fcck, vorbeizuschnuppern und zu schauen, was die Kinder machen. Ich freue mich sehr, dass die Kinder etwas erleben, selbstst\u00e4ndig etwas erarbeiten und ich denke, dadurch auch mehr wertsch\u00e4tzen, was hier geschaffen wird und somit sorgsamer damit umgehen. Die Kinder haben die Chance, Unterricht mal von einer anderen Seite zu erleben.\u00ab<\/p>\n<figure id=\"attachment_11161\" aria-describedby=\"caption-attachment-11161\" style=\"width: 300px\" class=\"wp-caption alignleft\"><img loading=\"lazy\" decoding=\"async\" class=\"size-medium wp-image-11161\" src=\"https:\/\/www.bildung.sachsen.de\/blog\/wp-content\/uploads\/2023\/11\/DSC03742-300x200.jpg\" alt=\"\" width=\"300\" height=\"200\" srcset=\"https:\/\/www.bildung.sachsen.de\/blog\/wp-content\/uploads\/2023\/11\/DSC03742-300x200.jpg 300w, https:\/\/www.bildung.sachsen.de\/blog\/wp-content\/uploads\/2023\/11\/DSC03742-1600x1067.jpg 1600w, https:\/\/www.bildung.sachsen.de\/blog\/wp-content\/uploads\/2023\/11\/DSC03742-768x512.jpg 768w, https:\/\/www.bildung.sachsen.de\/blog\/wp-content\/uploads\/2023\/11\/DSC03742-1536x1024.jpg 1536w, https:\/\/www.bildung.sachsen.de\/blog\/wp-content\/uploads\/2023\/11\/DSC03742-2048x1365.jpg 2048w, https:\/\/www.bildung.sachsen.de\/blog\/wp-content\/uploads\/2023\/11\/DSC03742-1800x1200.jpg 1800w, https:\/\/www.bildung.sachsen.de\/blog\/wp-content\/uploads\/2023\/11\/DSC03742-1280x853.jpg 1280w\" sizes=\"auto, (max-width: 300px) 100vw, 300px\" \/><figcaption id=\"caption-attachment-11161\" class=\"wp-caption-text\">Nach getaner Arbeit sind die flei\u00dfigen Grundsch\u00fclerinnen und Grundsch\u00fcler sichtlich stolz.<\/figcaption><\/figure>\n<p>Und was sagen die Kinder selbst? \u00bbCool!\u00ab, \u00bbSch\u00f6n!\u00ab, \u00bbToll!\u00ab, \u00bbSehr cool!\u00ab, \u00bbWundersch\u00f6n!\u00ab<\/p>\n<h2>Schulleitung unterst\u00fctzt nach Kr\u00e4ften<\/h2>\n<figure id=\"attachment_11160\" aria-describedby=\"caption-attachment-11160\" style=\"width: 300px\" class=\"wp-caption alignleft\"><img loading=\"lazy\" decoding=\"async\" class=\"wp-image-11160 size-medium\" src=\"https:\/\/www.bildung.sachsen.de\/blog\/wp-content\/uploads\/2023\/11\/DSC03752-300x200.jpg\" alt=\"\" width=\"300\" height=\"200\" srcset=\"https:\/\/www.bildung.sachsen.de\/blog\/wp-content\/uploads\/2023\/11\/DSC03752-300x200.jpg 300w, https:\/\/www.bildung.sachsen.de\/blog\/wp-content\/uploads\/2023\/11\/DSC03752-1600x1067.jpg 1600w, https:\/\/www.bildung.sachsen.de\/blog\/wp-content\/uploads\/2023\/11\/DSC03752-768x512.jpg 768w, https:\/\/www.bildung.sachsen.de\/blog\/wp-content\/uploads\/2023\/11\/DSC03752-1536x1024.jpg 1536w, https:\/\/www.bildung.sachsen.de\/blog\/wp-content\/uploads\/2023\/11\/DSC03752-2048x1365.jpg 2048w, https:\/\/www.bildung.sachsen.de\/blog\/wp-content\/uploads\/2023\/11\/DSC03752-1800x1200.jpg 1800w, https:\/\/www.bildung.sachsen.de\/blog\/wp-content\/uploads\/2023\/11\/DSC03752-1280x853.jpg 1280w\" sizes=\"auto, (max-width: 300px) 100vw, 300px\" \/><figcaption id=\"caption-attachment-11160\" class=\"wp-caption-text\">Das ist die sch\u00f6ne Grundschule Hans-Marchwitza.<\/figcaption><\/figure>\n<p>Begeistert ist auch der Schulleiter der Grundschule Hans-Marchwitza, Rene Pr\u00fcnstner: \u00bbIch finde das Projekt, das Sarah B\u00f6hm als Referendarin mit der Klasse 3b ins Leben gerufen hat, sehr gut. Es passt hervorragend ins Konzept der Stadt, alles f\u00fcr die Kinder freundlicher und farbenfroher zu gestalten \u2013 auch unseren Stadtpark, der dadurch einen neuen Farbtupfer bekommen wird. Wir haben die Aktion als Schule mit Materialien und Personal unterst\u00fctzt. Es war eine sehr, sehr gute Entscheidung von Sarah B\u00f6hm, das umzusetzen. Davon haben wir alle lange etwas, denn wir k\u00f6nnen die Fr\u00fchbl\u00fcher in jedem Jahr wieder bewundern, wenn sie im Fr\u00fchling aus dem Boden schauen.\u00ab<\/p>\n<h2>Ausbildungsst\u00e4tte setzt auf mehr Praxis<\/h2>\n<p>\u00bbDas Projekt von Sarah B\u00f6hm ist hervorragend und passt wunderbar zur innovativen Lehr- und Lernform \u203aLernen durch Engagement (LdE)\u2039\u00ab, unterstreicht Hauptausbildungsleiterin Nadja Seidel. \u00bbIm Zuge des neuen Curriculums wurde an den f\u00fcnf Lehrerausbildungsst\u00e4tten in Sachsen das Ausbildungsinstrument Praxisaufgabe neu gedacht. Im Bereich Lehramt an Grundschulen kann nun diese Form eines Mikroprojektes initiiert werden. Die Lehrerausbildungsst\u00e4tte Annaberg-Buchholz koppelt die Praxisaufgabe an die Lehr- und Lernform LdE.\u00ab<\/p>\n<p><iframe loading=\"lazy\" title=\"Mehr Praxis f\u00fcr die Lehrkr\u00e4fteausbildung mit \u00bbLernen durch Engagement\u00ab\" width=\"880\" height=\"495\" src=\"https:\/\/www.youtube.com\/embed\/yOzV0h8XMvU?feature=oembed\" frameborder=\"0\" allow=\"accelerometer; autoplay; clipboard-write; encrypted-media; gyroscope; picture-in-picture; web-share\" referrerpolicy=\"strict-origin-when-cross-origin\" allowfullscreen><\/iframe><\/p>\n<p>Das Beste daran: Der Mehrwert f\u00fcr die Nachwuchslehrkr\u00e4fte ist gro\u00df. \u00bbSie planen ihr Projekt f\u00e4cherverbindend \u2013 es m\u00fcssen mindestens drei F\u00e4cher involviert sein \u2013 und zusammen mit den Kindern. N\u00e4her an der Praxis geht es kaum\u00ab, erg\u00e4nzt Nadja Seidel stolz.<\/p>\n<p>Im Dezember wird die angehende Lehrerin Sarah B\u00f6hm ihre Praxisaufgabe im Rahmen ihrer Ausbildung in digitaler Form pr\u00e4sentieren. \u00bbDarauf freue ich mich schon sehr \u2013 genauso wie auf die vielen anderen tollen LdE-Projekte, die in den letzten Monaten entstanden sind. Zum Beispiel haben Grundsch\u00fclerinnen und -sch\u00fcler Insektenhotels f\u00fcr Wildbienen gebaut, B\u00e4ume gepflanzt oder in Pflegeheimen mit den Bewohnerinnen und Bewohnern gekocht und gespielt. Alles Dinge, f\u00fcr die es einen realen Bedarf gibt und auf die die Kinder selbst kamen\u00ab, verr\u00e4t Ausbildungsleiterin Nadja Seidel mit strahlenden Augen.<\/p>\n<h2>Lernen durch Engagement macht&#8217;s m\u00f6glich<\/h2>\n<p>Der Gesellschaft etwas Gutes tun, Demokratiebildung, Projektorientierung, Lebensweltbezug sowie fachliches und f\u00e4cher\u00fcbergreifendes Lernen: Lernen durch Engagement verbindet gesellschaftliches Engagement von Sch\u00fclerinnen und Sch\u00fclern mit fachlichem Lernen. Die s\u00e4chsische Koordinierungsstelle \u00bbLernen durch Engagement\u00ab ber\u00e4t, unterst\u00fctzt und begleitet Schulen in Sachsen, die in diesem Rahmen Projekte umsetzen wollen. Auf der Homepage der Koordinierungsstelle finden interessierte Schulen weitere Informationen: <a href=\"https:\/\/kle-sachsen.de\/\">kle-sachsen.de<\/a>.<\/p>\n","protected":false},"excerpt":{"rendered":"<p>Was passiert, wenn Ausbilderin, Referendarin, Schule, Sch\u00fcler und ihre Eltern zusammen mit der Stadt an einem Strang ziehen? Etwas Gro\u00dfartiges f\u00fcr Schneeberg \u2013 und die Ausbildung f\u00fcr Lehrkr\u00e4fte!<\/p>\n","protected":false},"author":138,"featured_media":11167,"comment_status":"open","ping_status":"open","sticky":false,"template":"","format":"standard","meta":{"footnotes":""},"categories":[67,100],"tags":[322,314,491,713,127,407,62],"class_list":["post-11157","post","type-post","status-publish","format-standard","has-post-thumbnail","hentry","category-lehrer","category-unterricht","tag-lehrer-werden-in-sachsen","tag-lehrernachwuchs","tag-lernen","tag-lernen-durch-engagement","tag-referendariat","tag-sachsen","tag-schule"],"aioseo_notices":[],"_links":{"self":[{"href":"https:\/\/www.bildung.sachsen.de\/blog\/index.php\/wp-json\/wp\/v2\/posts\/11157","targetHints":{"allow":["GET"]}}],"collection":[{"href":"https:\/\/www.bildung.sachsen.de\/blog\/index.php\/wp-json\/wp\/v2\/posts"}],"about":[{"href":"https:\/\/www.bildung.sachsen.de\/blog\/index.php\/wp-json\/wp\/v2\/types\/post"}],"author":[{"embeddable":true,"href":"https:\/\/www.bildung.sachsen.de\/blog\/index.php\/wp-json\/wp\/v2\/users\/138"}],"replies":[{"embeddable":true,"href":"https:\/\/www.bildung.sachsen.de\/blog\/index.php\/wp-json\/wp\/v2\/comments?post=11157"}],"version-history":[{"count":11,"href":"https:\/\/www.bildung.sachsen.de\/blog\/index.php\/wp-json\/wp\/v2\/posts\/11157\/revisions"}],"predecessor-version":[{"id":11174,"href":"https:\/\/www.bildung.sachsen.de\/blog\/index.php\/wp-json\/wp\/v2\/posts\/11157\/revisions\/11174"}],"wp:featuredmedia":[{"embeddable":true,"href":"https:\/\/www.bildung.sachsen.de\/blog\/index.php\/wp-json\/wp\/v2\/media\/11167"}],"wp:attachment":[{"href":"https:\/\/www.bildung.sachsen.de\/blog\/index.php\/wp-json\/wp\/v2\/media?parent=11157"}],"wp:term":[{"taxonomy":"category","embeddable":true,"href":"https:\/\/www.bildung.sachsen.de\/blog\/index.php\/wp-json\/wp\/v2\/categories?post=11157"},{"taxonomy":"post_tag","embeddable":true,"href":"https:\/\/www.bildung.sachsen.de\/blog\/index.php\/wp-json\/wp\/v2\/tags?post=11157"}],"curies":[{"name":"wp","href":"https:\/\/api.w.org\/{rel}","templated":true}]}}