{"id":10992,"date":"2023-09-15T07:30:47","date_gmt":"2023-09-15T05:30:47","guid":{"rendered":"https:\/\/www.bildung.sachsen.de\/blog\/?p=10992"},"modified":"2023-10-09T08:32:07","modified_gmt":"2023-10-09T06:32:07","slug":"innovatives-projekt-soll-mint-nachwuchs-im-laendlichen-raum-foerdern-und-halten","status":"publish","type":"post","link":"https:\/\/www.bildung.sachsen.de\/blog\/index.php\/2023\/09\/15\/innovatives-projekt-soll-mint-nachwuchs-im-laendlichen-raum-foerdern-und-halten\/","title":{"rendered":"Vom Unterricht in die (Forschungs-)Praxis: Innovatives Projekt soll MINT-Nachwuchs im l\u00e4ndlichen Raum f\u00f6rdern und halten"},"content":{"rendered":"<p class=\"x_MsoNormal\">Sch\u00fclerinnen und Sch\u00fcler fr\u00fchzeitig f\u00fcr Naturwissenschaften begeistern \u2013 das geht am besten mit viel Praxis. Mit dem Projekt \u00bbSchule und Forschung regional vernetzt (SFregio)\u00ab ziehen das Forschungsinstitut in Meinsberg, die Stadt Hartha und das Martin-Luther-Gymnasium (MLG) an einem Strang und wollen junge MINT-Fachkr\u00e4fte in die mittels\u00e4chsische Region bringen.<\/p>\n<p class=\"x_MsoNormal\"><!--more--><\/p>\n<p class=\"x_MsoNormal\">2020 wurde das Innovationsprojekt \u00bbSchule und Forschung regional vernetzt (SFregio)\u00ab des <a href=\"https:\/\/www.ksi-meinsberg.de\/\">Kurt-Schwabe-Instituts f\u00fcr Mess- und Sensortechnik e. V.<\/a> (KSI Meinsberg), der Stadt Hartha und des <a href=\"https:\/\/www.gymnasium-hartha.de\/index.html\">Martin-Luther-Gymnasiums Hartha<\/a> im simul<sup>+<\/sup>-Wettbewerb \u00bbIdeen f\u00fcr den l\u00e4ndlichen Raum\u00ab des S\u00e4chsischen Staatsministeriums f\u00fcr Regionalentwicklung mit einem ersten Preis pr\u00e4miert und erhielt 300.000 Euro \u2013 der Beginn einer Erfolgsgeschichte.<\/p>\n<figure id=\"attachment_10994\" aria-describedby=\"caption-attachment-10994\" style=\"width: 200px\" class=\"wp-caption alignleft\"><img loading=\"lazy\" decoding=\"async\" class=\"wp-image-10994 size-medium\" src=\"https:\/\/www.bildung.sachsen.de\/blog\/wp-content\/uploads\/2023\/09\/DSC08610-200x300.jpg\" alt=\"\" width=\"200\" height=\"300\" srcset=\"https:\/\/www.bildung.sachsen.de\/blog\/wp-content\/uploads\/2023\/09\/DSC08610-200x300.jpg 200w, https:\/\/www.bildung.sachsen.de\/blog\/wp-content\/uploads\/2023\/09\/DSC08610-800x1200.jpg 800w, https:\/\/www.bildung.sachsen.de\/blog\/wp-content\/uploads\/2023\/09\/DSC08610-768x1152.jpg 768w, https:\/\/www.bildung.sachsen.de\/blog\/wp-content\/uploads\/2023\/09\/DSC08610-1024x1536.jpg 1024w, https:\/\/www.bildung.sachsen.de\/blog\/wp-content\/uploads\/2023\/09\/DSC08610-1365x2048.jpg 1365w, https:\/\/www.bildung.sachsen.de\/blog\/wp-content\/uploads\/2023\/09\/DSC08610-1280x1920.jpg 1280w, https:\/\/www.bildung.sachsen.de\/blog\/wp-content\/uploads\/2023\/09\/DSC08610-scaled.jpg 1707w\" sizes=\"auto, (max-width: 200px) 100vw, 200px\" \/><figcaption id=\"caption-attachment-10994\" class=\"wp-caption-text\">Prof. Dr. Michael Mertig, Direktor des KSI<\/figcaption><\/figure>\n<p class=\"x_MsoNormal\">\u00bbEs geht darum, dass wir eine neue Art von Nachwuchsf\u00f6rderung hier im l\u00e4ndlichen Raum kreieren wollen. Wir m\u00f6chten den Sch\u00fclerinnen und Sch\u00fclern zeigen, wo heute Innovationen entstehen\u00ab, fasst der Direktor des KSI, <span class=\"x_elementor-icon-list-text\">Prof. Dr. Michael Mertig, das Anliegen von SFregio zusammen.<\/span> \u00bbDas sind insbesondere Gebiete, die zwischen den eigentlichen Fachgebieten liegen. Deshalb haben wir uns eine Profilrichtung am Gymnasium herausgesucht, in der es um Bionik geht. Bionik hei\u00dft: Lernen von der Natur. Dort gibt es viele Schnittstellen zwischen Physik, Chemie und Mathematik. Wir schauen uns also die Strukturen der Natur an und \u00fcberlegen, ob und wie wir sie f\u00fcr uns nutzbar machen k\u00f6nnen, etwa f\u00fcr Sensoren oder Mikroelektronik.\u00ab<\/p>\n<h2 class=\"x_MsoNormal\"><span class=\"x_lemmamain\">Eine Win-win-Situation f\u00fcr alle<\/span><b><\/b><\/h2>\n<p class=\"x_MsoNormal\">Heike Gei\u00dfler, Schulleiterin des Martin-Luther-Gymnasiums Hartha, ist begeistert: \u00bbF\u00fcr mich ist es eine ganz, ganz besondere Geschichte, die wir hier in die Realit\u00e4t umgesetzt haben. F\u00fcr unser Gymnasium ist das Projekt ein Alleinstellungsmerkmal. Unsere Sch\u00fclerinnen und Sch\u00fcler gehen aus der Schule heraus und k\u00f6nnen ihr erworbenes Wissen direkt in der Praxis anwenden. Besser kann man es nicht haben!\u00ab<\/p>\n<figure id=\"attachment_10998\" aria-describedby=\"caption-attachment-10998\" style=\"width: 300px\" class=\"wp-caption alignleft\"><img loading=\"lazy\" decoding=\"async\" class=\"wp-image-10998 size-medium\" src=\"https:\/\/www.bildung.sachsen.de\/blog\/wp-content\/uploads\/2023\/09\/DSC08446-300x200.jpg\" alt=\"\" width=\"300\" height=\"200\" srcset=\"https:\/\/www.bildung.sachsen.de\/blog\/wp-content\/uploads\/2023\/09\/DSC08446-300x200.jpg 300w, https:\/\/www.bildung.sachsen.de\/blog\/wp-content\/uploads\/2023\/09\/DSC08446-1600x1067.jpg 1600w, https:\/\/www.bildung.sachsen.de\/blog\/wp-content\/uploads\/2023\/09\/DSC08446-768x512.jpg 768w, https:\/\/www.bildung.sachsen.de\/blog\/wp-content\/uploads\/2023\/09\/DSC08446-1536x1024.jpg 1536w, https:\/\/www.bildung.sachsen.de\/blog\/wp-content\/uploads\/2023\/09\/DSC08446-2048x1365.jpg 2048w, https:\/\/www.bildung.sachsen.de\/blog\/wp-content\/uploads\/2023\/09\/DSC08446-1800x1200.jpg 1800w, https:\/\/www.bildung.sachsen.de\/blog\/wp-content\/uploads\/2023\/09\/DSC08446-1280x853.jpg 1280w\" sizes=\"auto, (max-width: 300px) 100vw, 300px\" \/><figcaption id=\"caption-attachment-10998\" class=\"wp-caption-text\">Das Kurt-Schwabe-Instituts f\u00fcr Mess- und Sensortechnik e. V. liegt mitten im Gr\u00fcnen.<\/figcaption><\/figure>\n<p class=\"x_MsoNormal\">\u00bbEs ist wichtig, den Jugendlichen schon fr\u00fch zu zeigen, welche M\u00f6glichkeiten sie nach der Schule haben: eine Ausbildung in der Region absolvieren oder ein Studium. Ihnen auch zu verdeutlichen, dass sie nach einem erfolgreichen Studium in ihre Heimat zur\u00fcckkehren k\u00f6nnen. Eine Win-win-Situation f\u00fcr uns alle, denn davon profitieren die Schule, das Elternhaus und nat\u00fcrlich die Firmen der Region.\u00ab<\/p>\n<h2 class=\"x_MsoNormal\">So sieht das Projekt in der Praxis aus<\/h2>\n<p class=\"x_MsoNormal\"><img loading=\"lazy\" decoding=\"async\" class=\"size-medium wp-image-10995 alignleft\" src=\"https:\/\/www.bildung.sachsen.de\/blog\/wp-content\/uploads\/2023\/09\/DSC08478-300x200.jpg\" alt=\"\" width=\"300\" height=\"200\" srcset=\"https:\/\/www.bildung.sachsen.de\/blog\/wp-content\/uploads\/2023\/09\/DSC08478-300x200.jpg 300w, https:\/\/www.bildung.sachsen.de\/blog\/wp-content\/uploads\/2023\/09\/DSC08478-1600x1067.jpg 1600w, https:\/\/www.bildung.sachsen.de\/blog\/wp-content\/uploads\/2023\/09\/DSC08478-768x512.jpg 768w, https:\/\/www.bildung.sachsen.de\/blog\/wp-content\/uploads\/2023\/09\/DSC08478-1536x1024.jpg 1536w, https:\/\/www.bildung.sachsen.de\/blog\/wp-content\/uploads\/2023\/09\/DSC08478-2048x1365.jpg 2048w, https:\/\/www.bildung.sachsen.de\/blog\/wp-content\/uploads\/2023\/09\/DSC08478-1800x1200.jpg 1800w, https:\/\/www.bildung.sachsen.de\/blog\/wp-content\/uploads\/2023\/09\/DSC08478-1280x853.jpg 1280w\" sizes=\"auto, (max-width: 300px) 100vw, 300px\" \/>Alle zwei Wochen nehmen interessierte Neuntkl\u00e4sslerinnen und Neuntkl\u00e4ssler des MLG im Rahmen ihres naturwissenschaftlichen Profilunterrichts an einem praxis- und studienorientierten Unterricht zum Thema Bionik teil.<\/p>\n<p class=\"x_MsoNormal\"><b>Teil 1:<\/b> Die wissenschaftlichen Mitarbeiter des KSI Meinsberg pr\u00e4sentieren im Unterricht am Gymnasium Inhalte aus der aktuellen Forschung der modernen Sensorik. F\u00fcr ein besseres Verst\u00e4ndnis vermitteln sie den Sch\u00fclerinnen und Sch\u00fclern dabei auch die notwendigen Grundlagen.<\/p>\n<p class=\"x_MsoNormal\"><b>Teil 2: <\/b>\u00bbBionik \u2013 Lernen von der Natur\u00ab: Damit die Lerninhalte bestm\u00f6glich veranschaulicht werden k\u00f6nnen, finden begleitend im zweiw\u00f6chentlichen Wechsel praktische Unterrichtseinheiten in den hochmodernen Laboren des KSI statt. Dort k\u00f6nnen die Sch\u00fclerinnen und Sch\u00fcler in kleinen Gruppen selbst experimentieren und so das Gelernte vertiefen und Wissenschaft hautnah erleben. Besondere Beachtung findet dabei auch die Darstellung des interdisziplin\u00e4ren f\u00e4cher\u00fcbergreifenden Charakters der wissenschaftlichen Arbeit auf dem Gebiet der angewandten Sensorforschung.<\/p>\n<p class=\"x_MsoNormal\"><img loading=\"lazy\" decoding=\"async\" class=\"size-medium wp-image-10996 alignleft\" src=\"https:\/\/www.bildung.sachsen.de\/blog\/wp-content\/uploads\/2023\/09\/DSC08526-200x300.jpg\" alt=\"\" width=\"200\" height=\"300\" srcset=\"https:\/\/www.bildung.sachsen.de\/blog\/wp-content\/uploads\/2023\/09\/DSC08526-200x300.jpg 200w, https:\/\/www.bildung.sachsen.de\/blog\/wp-content\/uploads\/2023\/09\/DSC08526-800x1200.jpg 800w, https:\/\/www.bildung.sachsen.de\/blog\/wp-content\/uploads\/2023\/09\/DSC08526-768x1152.jpg 768w, https:\/\/www.bildung.sachsen.de\/blog\/wp-content\/uploads\/2023\/09\/DSC08526-1024x1536.jpg 1024w, https:\/\/www.bildung.sachsen.de\/blog\/wp-content\/uploads\/2023\/09\/DSC08526-1365x2048.jpg 1365w, https:\/\/www.bildung.sachsen.de\/blog\/wp-content\/uploads\/2023\/09\/DSC08526-1280x1920.jpg 1280w, https:\/\/www.bildung.sachsen.de\/blog\/wp-content\/uploads\/2023\/09\/DSC08526-scaled.jpg 1707w\" sizes=\"auto, (max-width: 200px) 100vw, 200px\" \/>Es gibt insgesamt sieben Unterrichtstermine am Gymnasium, weitere sieben Male kommen die jungen Nachwuchsforscher zum Praktikum nach Meinsberg.<\/p>\n<h2 class=\"x_MsoNormal\">Von Fruchtfliegen bis Nanometerskala: Vor Ort im KSI<\/h2>\n<p class=\"x_MsoNormal\">In ersten praktischen \u00dcbungen versuchen sich die Neuntkl\u00e4ssler in den gentechnischen Sicherheitslaboren am KSI Meinsberg. Sie arbeiten beispielweise mit gentechnisch ver\u00e4nderten Hefezellen sowie Fruchtfliegen und deren Larven. So lernen sie verschiedene Methoden zur Bestimmung der Zellzahl in den Hefekulturen und die Unterscheidung von M\u00e4nnchen und Weibchen der adulten Fruchtfliegen kennen und steuern die Bewegungen der Larven mittels Licht verschiedener Wellenl\u00e4ngen.<\/p>\n<p class=\"x_MsoNormal\">Bei einem weiteren Praktikumstermin befassen sie sich mit dem Thema \u00bbSehen auf der Nanometerskala \u2013 moderne Mikroskopiemethoden\u00ab. Hier erleben die Sch\u00fcler ganz praktisch hochaufl\u00f6sende Stereomikroskopie, Elektronenmikroskopie sowie Rasterkraftmikroskopie. Unter anderem schauen sie sich verschiedene Werkstoffe und Materialien bis hin zu Pollenk\u00f6rnern und einem Facettenauge in riesiger Vergr\u00f6\u00dferung an. Sie lernen, dass man DNA in vielf\u00e4ltige verschiedene Formen falten kann und f\u00fchren selbst eine entsprechende Pr\u00e4paration durch, um den Erfolg der Faltung im Rasterkraftmikroskop zu \u00fcberpr\u00fcfen.<\/p>\n<h2 class=\"x_MsoNormal\">BELLissimo<\/h2>\n<p class=\"x_MsoNormal\">F\u00fcr besonders engagierte, leistungsstarke Sch\u00fclerinnen und Sch\u00fcler gibt es zus\u00e4tzliche, thematische Angebote, die sie bei ihrer Besonderen Lernleistung (BELL) unterst\u00fctzen. Dabei sollen die p\u00e4dagogischen Kompetenzen der Fachlehrkr\u00e4fte mit den wissenschaftlichen Aspekten einer Forschungsarbeit der Praxis verkn\u00fcpft werden. Schulischer und wissenschaftlicher Betreuer arbeiten dabei eng zusammen.<\/p>\n<h2 class=\"x_MsoNormal\">Praktika<\/h2>\n<p class=\"x_MsoNormal\"><img loading=\"lazy\" decoding=\"async\" class=\"size-medium wp-image-10997 alignleft\" src=\"https:\/\/www.bildung.sachsen.de\/blog\/wp-content\/uploads\/2023\/09\/DSC08583-200x300.jpg\" alt=\"\" width=\"200\" height=\"300\" srcset=\"https:\/\/www.bildung.sachsen.de\/blog\/wp-content\/uploads\/2023\/09\/DSC08583-200x300.jpg 200w, https:\/\/www.bildung.sachsen.de\/blog\/wp-content\/uploads\/2023\/09\/DSC08583-800x1200.jpg 800w, https:\/\/www.bildung.sachsen.de\/blog\/wp-content\/uploads\/2023\/09\/DSC08583-768x1152.jpg 768w, https:\/\/www.bildung.sachsen.de\/blog\/wp-content\/uploads\/2023\/09\/DSC08583-1024x1536.jpg 1024w, https:\/\/www.bildung.sachsen.de\/blog\/wp-content\/uploads\/2023\/09\/DSC08583-1365x2048.jpg 1365w, https:\/\/www.bildung.sachsen.de\/blog\/wp-content\/uploads\/2023\/09\/DSC08583-1280x1920.jpg 1280w, https:\/\/www.bildung.sachsen.de\/blog\/wp-content\/uploads\/2023\/09\/DSC08583-scaled.jpg 1707w\" sizes=\"auto, (max-width: 200px) 100vw, 200px\" \/>Interessierte Sch\u00fclerinnen und Sch\u00fcler k\u00f6nnen am Institut auch mehrw\u00f6chige Sch\u00fclerpraktika absolvieren.<\/p>\n<h2 class=\"x_MsoNormal\">Beste Ausstattung am Gymnasium<\/h2>\n<p class=\"x_MsoNormal\">Um den naturwissenschaftlichen Unterricht auch am Martin-Luther-Gymnasium selbst anschaulicher zu gestalten, hat das Gymnasium von den Projektgeldern ein modernes Stereomikroskop mit M\u00f6glichkeit zur 3-D\u00ad-Darstellung angeschafft. \u00dcber eine angeschlossene Kamera k\u00f6nnen Bilder aufgenommen werden und f\u00fcr alle Sch\u00fclerinnen und Sch\u00fcler sichtbar auf eine elektronische Tafel projiziert oder auf Tablets dargestellt werden. Auch der Klassensatz Tablets wurde im Rahmen des Projekts neu beschafft. Die Tablets k\u00f6nnen au\u00dferdem etwa f\u00fcr die Darstellung und Auswertung kleinerer im Unterricht durchgef\u00fchrter Messreihen verwendet werden.<\/p>\n<p><iframe loading=\"lazy\" title=\"Kooperationsprojekt zwischen dem Kurt-Schwabe-Institut und der Martin-Luther-Schule Hartha\" width=\"880\" height=\"495\" src=\"https:\/\/www.youtube.com\/embed\/vL1s8Ds1DFk?feature=oembed\" frameborder=\"0\" allow=\"accelerometer; autoplay; clipboard-write; encrypted-media; gyroscope; picture-in-picture; web-share\" referrerpolicy=\"strict-origin-when-cross-origin\" allowfullscreen><\/iframe><\/p>\n","protected":false},"excerpt":{"rendered":"<p>Sch\u00fclerinnen und Sch\u00fcler fr\u00fchzeitig f\u00fcr Naturwissenschaften begeistern \u2013 das geht am besten mit viel Praxis. Mit dem Projekt \u00bbSchule und Forschung regional vernetzt (SFregio)\u00ab ziehen das Forschungsinstitut in Meinsberg, die Stadt Hartha und das Martin-Luther-Gymnasium (MLG) an einem Strang und wollen junge MINT-Fachkr\u00e4fte in die mittels\u00e4chsische Region bringen.<\/p>\n","protected":false},"author":138,"featured_media":11000,"comment_status":"open","ping_status":"open","sticky":false,"template":"","format":"standard","meta":{"footnotes":""},"categories":[249,100],"tags":[444,445,407,62],"class_list":["post-10992","post","type-post","status-publish","format-standard","has-post-thumbnail","hentry","category-berufliche-orientierung","category-unterricht","tag-mint","tag-naturwissenschaften","tag-sachsen","tag-schule"],"aioseo_notices":[],"_links":{"self":[{"href":"https:\/\/www.bildung.sachsen.de\/blog\/index.php\/wp-json\/wp\/v2\/posts\/10992","targetHints":{"allow":["GET"]}}],"collection":[{"href":"https:\/\/www.bildung.sachsen.de\/blog\/index.php\/wp-json\/wp\/v2\/posts"}],"about":[{"href":"https:\/\/www.bildung.sachsen.de\/blog\/index.php\/wp-json\/wp\/v2\/types\/post"}],"author":[{"embeddable":true,"href":"https:\/\/www.bildung.sachsen.de\/blog\/index.php\/wp-json\/wp\/v2\/users\/138"}],"replies":[{"embeddable":true,"href":"https:\/\/www.bildung.sachsen.de\/blog\/index.php\/wp-json\/wp\/v2\/comments?post=10992"}],"version-history":[{"count":3,"href":"https:\/\/www.bildung.sachsen.de\/blog\/index.php\/wp-json\/wp\/v2\/posts\/10992\/revisions"}],"predecessor-version":[{"id":11001,"href":"https:\/\/www.bildung.sachsen.de\/blog\/index.php\/wp-json\/wp\/v2\/posts\/10992\/revisions\/11001"}],"wp:featuredmedia":[{"embeddable":true,"href":"https:\/\/www.bildung.sachsen.de\/blog\/index.php\/wp-json\/wp\/v2\/media\/11000"}],"wp:attachment":[{"href":"https:\/\/www.bildung.sachsen.de\/blog\/index.php\/wp-json\/wp\/v2\/media?parent=10992"}],"wp:term":[{"taxonomy":"category","embeddable":true,"href":"https:\/\/www.bildung.sachsen.de\/blog\/index.php\/wp-json\/wp\/v2\/categories?post=10992"},{"taxonomy":"post_tag","embeddable":true,"href":"https:\/\/www.bildung.sachsen.de\/blog\/index.php\/wp-json\/wp\/v2\/tags?post=10992"}],"curies":[{"name":"wp","href":"https:\/\/api.w.org\/{rel}","templated":true}]}}