{"id":10738,"date":"2023-06-06T08:25:33","date_gmt":"2023-06-06T06:25:33","guid":{"rendered":"https:\/\/www.bildung.sachsen.de\/blog\/?p=10738"},"modified":"2023-06-21T11:01:58","modified_gmt":"2023-06-21T09:01:58","slug":"demokratie-erleben-sachsen-unterstuetzt-bildungsfahrten-nach-berlin","status":"publish","type":"post","link":"https:\/\/www.bildung.sachsen.de\/blog\/index.php\/2023\/06\/06\/demokratie-erleben-sachsen-unterstuetzt-bildungsfahrten-nach-berlin\/","title":{"rendered":"Demokratie erleben: Sachsen unterst\u00fctzt Bildungsfahrten nach Berlin"},"content":{"rendered":"<p>Politische Bildung k\u00f6nnen Sch\u00fclerinnen und Sch\u00fcler ab Klasse 9 jetzt in Berlin dank eines neuen Projekts hautnah erleben. Der Freistaat f\u00f6rdert die Klassenfahrten in die Bundeshauptstadt finanziell. Jetzt anmelden!<\/p>\n<p><!--more--><\/p>\n<p>Berlin hat f\u00fcr Klassenfahrten einiges zu bieten: von Geschichte \u00fcber Kultur und Unterhaltung bis Politik. Einen besonderen Fokus setzt ein neues Programm, das in Zusammenarbeit des S\u00e4chsischen Staatsministerium f\u00fcr Kultus, der s\u00e4chsischen Landesvertretung in Berlin und der Br\u00fccke\/Most-Stiftung entstanden ist und bis zu 50.000 Euro zur Verf\u00fcgung stellt.<\/p>\n<p>W\u00e4hrend der Bildungsfahrten lernen die Schulklassen besondere Orte in Berlin kennen und sollen au\u00dferdem ein besseres Verst\u00e4ndnis f\u00fcr das f\u00f6derative System der Bundesrepublik Deutschlands einerseits und die Geschichte des 20. Jahrhunderts andererseits vermittelt bekommen.<\/p>\n<p>\u00bbDie parlamentarische Demokratie und der F\u00f6deralismus als Prinzipien der Staatsorganisation sind Eckpfeiler unserer Gesellschaft. F\u00fcr viele Jugendliche sind dies aber zun\u00e4chst nur abstrakte Begriffe. Um diese aber in ihrer Komplexit\u00e4t und auch Relevanz f\u00fcr das eigene Leben erfahrbar zu machen und zu verstehen, sind Anschauung und Begegnung mit den Institutionen und Repr\u00e4sentanten von gro\u00dfer Bedeutung. Daf\u00fcr ist dieses Programm zur Unterst\u00fctzung s\u00e4chsischer Schulen sehr geeignet\u00ab, unterstreicht Kultusminister Christian Piwarz die Bedeutung des Projekts.<\/p>\n<h2>Was erwartet Sch\u00fclerinnen und Sch\u00fcler konkret?<\/h2>\n<p>Obligatorischer Bestandteil des Berlinaufenthaltes sind der Besuch der Vertretung des Freistaates Sachsen beim Bund sowie der Besuch eines historischen Lernortes des 20. Jahrhunderts. Das kann zum Beispiel das Denkmal f\u00fcr die ermordeten Juden Europas, die Gedenkst\u00e4tte Berlin-Hohensch\u00f6nhausen, das Dokumentationszentrum \u00bbTopographie des Terrors\u00ab oder andere Gedenkst\u00e4tten zur Geschichte nationalsozialistischer Verfolgung oder der DDR-Zeit sein.<\/p>\n<p>In der s\u00e4chsischen Landesvertretung erfahren die M\u00e4dchen und Jungen, wie das Bundesland Sachsen seine Interessen auf der Bundesebene einbringt und welche Aufgaben das \u00bbSchaufenster des Freistaates in Berlin\u00ab sonst noch wahrnimmt. F\u00fcr einen praktischen und authentischen Einblick in die Mitwirkung der L\u00e4nder schl\u00fcpfen die Sch\u00fclerinnen und Sch\u00fcler bei einem Planspiel in die Rolle von Politikern. Die Jugendlichen simulieren eine Plenarsitzung des Bundesrates und beraten einen Gesetzentwurf. Dabei sollen sie lernen, eigene Positionen im Diskurs zu vertreten und gleichzeitig im Austausch der Sachargumente mehrheitsf\u00e4hige Kompromisse im Kreise von 16 Bundesl\u00e4ndern zu finden.<\/p>\n<h2>Wie sieht die F\u00f6rderung aus?<\/h2>\n<p>Grunds\u00e4tzlich gef\u00f6rdert werden ein- oder zweit\u00e4gige Bildungsfahrten nach Berlin von Sch\u00fclerinnen und Sch\u00fclern ab der neunten Klasse. Die Kostenerstattung umfasst die Fahrtkosten bei Nutzung von Bahn oder Bus, ggf. eine \u00dcbernachtung, die Eintrittsgelder f\u00fcr die Lernorte sowie die Mittagsverpflegung. Die Planung und Organisation der Fahrt liegt in der Verantwortung der Lehrkr\u00e4fte.<\/p>\n<h2>Wo gibt es weitere Informationen?<\/h2>\n<p>Ansprechpartner f\u00fcr interessierte Sch\u00fcler und Lehrkr\u00e4fte ist die Landesservicestelle \u00bbLernorte des Erinnerns und Gedenkens\u00ab bei der Br\u00fccke\/Most-Stiftung. <a href=\"https:\/\/lernorte.eu\/berlin\/\"><strong>Informationen stellt die Webseite bereit<\/strong><\/a>.<\/p>\n","protected":false},"excerpt":{"rendered":"<p>Politische Bildung k\u00f6nnen Sch\u00fclerinnen und Sch\u00fcler ab Klasse 9 jetzt in Berlin dank eines neuen Projekts hautnah erleben. Der Freistaat f\u00f6rdert die Klassenfahrten in die Bundeshauptstadt finanziell. Jetzt anmelden!<\/p>\n","protected":false},"author":138,"featured_media":10741,"comment_status":"closed","ping_status":"open","sticky":false,"template":"","format":"standard","meta":{"footnotes":""},"categories":[247],"tags":[729,611,728,613,407,62],"class_list":["post-10738","post","type-post","status-publish","format-standard","has-post-thumbnail","hentry","category-politische-bildung","tag-berlin","tag-demokratie","tag-klassenfahrten","tag-politsche-bildung","tag-sachsen","tag-schule"],"aioseo_notices":[],"_links":{"self":[{"href":"https:\/\/www.bildung.sachsen.de\/blog\/index.php\/wp-json\/wp\/v2\/posts\/10738","targetHints":{"allow":["GET"]}}],"collection":[{"href":"https:\/\/www.bildung.sachsen.de\/blog\/index.php\/wp-json\/wp\/v2\/posts"}],"about":[{"href":"https:\/\/www.bildung.sachsen.de\/blog\/index.php\/wp-json\/wp\/v2\/types\/post"}],"author":[{"embeddable":true,"href":"https:\/\/www.bildung.sachsen.de\/blog\/index.php\/wp-json\/wp\/v2\/users\/138"}],"replies":[{"embeddable":true,"href":"https:\/\/www.bildung.sachsen.de\/blog\/index.php\/wp-json\/wp\/v2\/comments?post=10738"}],"version-history":[{"count":2,"href":"https:\/\/www.bildung.sachsen.de\/blog\/index.php\/wp-json\/wp\/v2\/posts\/10738\/revisions"}],"predecessor-version":[{"id":10742,"href":"https:\/\/www.bildung.sachsen.de\/blog\/index.php\/wp-json\/wp\/v2\/posts\/10738\/revisions\/10742"}],"wp:featuredmedia":[{"embeddable":true,"href":"https:\/\/www.bildung.sachsen.de\/blog\/index.php\/wp-json\/wp\/v2\/media\/10741"}],"wp:attachment":[{"href":"https:\/\/www.bildung.sachsen.de\/blog\/index.php\/wp-json\/wp\/v2\/media?parent=10738"}],"wp:term":[{"taxonomy":"category","embeddable":true,"href":"https:\/\/www.bildung.sachsen.de\/blog\/index.php\/wp-json\/wp\/v2\/categories?post=10738"},{"taxonomy":"post_tag","embeddable":true,"href":"https:\/\/www.bildung.sachsen.de\/blog\/index.php\/wp-json\/wp\/v2\/tags?post=10738"}],"curies":[{"name":"wp","href":"https:\/\/api.w.org\/{rel}","templated":true}]}}