{"id":10680,"date":"2023-05-22T08:30:37","date_gmt":"2023-05-22T06:30:37","guid":{"rendered":"https:\/\/www.bildung.sachsen.de\/blog\/?p=10680"},"modified":"2023-11-13T14:36:10","modified_gmt":"2023-11-13T13:36:10","slug":"jeder-tag-ohne-sicherheitsvorfall-ist-ein-guter-tag","status":"publish","type":"post","link":"https:\/\/www.bildung.sachsen.de\/blog\/index.php\/2023\/05\/22\/jeder-tag-ohne-sicherheitsvorfall-ist-ein-guter-tag\/","title":{"rendered":"\u00bbJeder Tag ohne Sicherheitsvorfall ist ein guter Tag\u00ab"},"content":{"rendered":"<p>In unserem Format \u00bbHinter den Kultus-Kulissen\u00ab sprechen wir heute mit Andy Hoppe. Sein Fachgebiet: Informationssicherheit.<\/p>\n<p><!--more--><\/p>\n<h2>Hallo Andy! Stell dich doch gern kurz vor.<\/h2>\n<p>Mein Name ist Andy Hoppe. Ich bin Referent im Referat f\u00fcr Organisation, IT, Zentrale Vergabe und Informationssicherheit. Ich bin hier im SMK seit Oktober 2021 der Beauftragte f\u00fcr Informationssicherheit.<\/p>\n<h2>Welche Expertise bringst du f\u00fcr deinen Job mit?<\/h2>\n<p>Neben Berufsausbildung, Studium und verschiedenen Zertifizierungen im Informatikbereich bringe ich auch Berufserfahrung mit. Seit vielen Jahren bin ich schon in der \u00f6ffentlichen Verwaltung t\u00e4tig und mich interessieren die Themen und Dinge, mit denen ich mich beruflich besch\u00e4ftige, auch privat. So bin ich quasi st\u00e4ndig in einer Art Lernmodus.<\/p>\n<h2>Wie sieht dein typischer Arbeitstag aus?<\/h2>\n<p><img loading=\"lazy\" decoding=\"async\" class=\"size-medium wp-image-10683 alignleft\" src=\"https:\/\/www.bildung.sachsen.de\/blog\/wp-content\/uploads\/2023\/05\/20230522_Hoppe_Blog_1-200x300.jpg\" alt=\"\" width=\"200\" height=\"300\" srcset=\"https:\/\/www.bildung.sachsen.de\/blog\/wp-content\/uploads\/2023\/05\/20230522_Hoppe_Blog_1-200x300.jpg 200w, https:\/\/www.bildung.sachsen.de\/blog\/wp-content\/uploads\/2023\/05\/20230522_Hoppe_Blog_1-800x1200.jpg 800w, https:\/\/www.bildung.sachsen.de\/blog\/wp-content\/uploads\/2023\/05\/20230522_Hoppe_Blog_1-768x1152.jpg 768w, https:\/\/www.bildung.sachsen.de\/blog\/wp-content\/uploads\/2023\/05\/20230522_Hoppe_Blog_1-1024x1536.jpg 1024w, https:\/\/www.bildung.sachsen.de\/blog\/wp-content\/uploads\/2023\/05\/20230522_Hoppe_Blog_1-1365x2048.jpg 1365w, https:\/\/www.bildung.sachsen.de\/blog\/wp-content\/uploads\/2023\/05\/20230522_Hoppe_Blog_1-1280x1920.jpg 1280w, https:\/\/www.bildung.sachsen.de\/blog\/wp-content\/uploads\/2023\/05\/20230522_Hoppe_Blog_1-scaled.jpg 1707w\" sizes=\"auto, (max-width: 200px) 100vw, 200px\" \/>Den typischen Arbeitsalltag gibt es bei mir eigentlich nicht. Ich arbeite viel projektbezogen, in verschiedenen Teams. Ein Beispiel: Wenn ein Fachreferat die Einf\u00fchrung neuer Software plant oder ein IT-System beschaffen oder eine App einsetzen m\u00f6chte, dann trete ich auf den Plan und pr\u00fcfe, wie und ob das Vorhaben sicher umgesetzt werden kann. Das ist ein Teil meiner Arbeit. Der andere besteht aus den Aufgaben, die sich aus dem S\u00e4chsischen Informationssicherheitsgesetz (<a href=\"https:\/\/www.revosax.sachsen.de\/vorschrift\/18349-Saechsisches-Informationssicherheitsgesetz\">S\u00e4chsISichG<\/a>) ableiten. Dieses Gesetz verlangt beispielsweise, dass gewisse Meldepflichten eingehalten werden und Anforderungen vom BSI, dem Bundesamt f\u00fcr Sicherheit in der Informationstechnik, umgesetzt werden. Das koordiniere ich hier im Haus zusammen mit den verschiedenen Fachabteilungen \u2013 h\u00e4ufig mit der IT, aber auch mit anderen Referaten.<\/p>\n<p>Wenn irgendetwas typisch f\u00fcr meinen Arbeitsalltag ist, dann ist es das, dass ich mich jeden Tag \u00fcber aktuelle Bedrohungen und Schwachstellen informiere.<\/p>\n<h2>Warum hast du dich ausgerechnet f\u00fcr das SMK als Arbeitgeber entschieden?<\/h2>\n<p>Nach meiner Zeit in der Kommunalverwaltung wollte ich auch einmal die Sicht der Landesverwaltung kennenlernen und rein zuf\u00e4llig gab es eine Stellenausschreibung beim SMK, die ziemlich genau auf meine Anforderungen und W\u00fcnsche gepasst hat. Ich habe mich beworben und so bin ich hier gelandet.<\/p>\n<h2>Was motiviert dich, t\u00e4glich f\u00fcr die Bildung in Sachsen zu arbeiten?<\/h2>\n<p>Anders als meine Kollegen in den Fachreferaten arbeite ich eher indirekt f\u00fcr die Bildung. Meine Aufgabe besteht darin, Rahmenbedingungen zu schaffen, ein Umfeld zu schaffen, dass meine Kolleginnen und Kollegen ihrer Arbeit nachgehen k\u00f6nnen. Das motiviert mich. Und ein kleiner Motivationstreiber ist auch, dass wir bisher noch keine gr\u00f6\u00dferen Sicherheitsvorf\u00e4lle hier im Haus hatten.<\/p>\n<h2>Was war der bisher sch\u00f6nste oder erinnerungsw\u00fcrdigste Moment bei deiner Arbeit? Worauf bist du besonders stolz?<\/h2>\n<p>Der Erfolg meiner Arbeit besteht darin, dass nichts passiert. Demzufolge sind diese typischen \u00bbGl\u00fccksmomente\u00ab in meinem Aufgabenfeld eher schwierig zu greifen. Jeder Tag ohne Sicherheitsvorfall ist ein guter Tag.<\/p>\n<h2>K\u00f6nntest du ein Zukunftsfach f\u00fcr Schulen w\u00e4hlen: Welches w\u00e4re das und warum?<\/h2>\n<p>Ein Zukunftsfach w\u00e4re nach meinen Vorstellungen ganz klar ein Fach zur Medienkompetenz. In dem Sinne, dass Sch\u00fclerinnen und Sch\u00fcler schon fr\u00fch im Kindesalter lernen, was es bedeutet, ihre Daten im Internet aufzugeben. Ich finde es au\u00dferdem wichtig, schon fr\u00fchzeitig ein Bewusstsein daf\u00fcr zu schaffen, was Fake News sind, sie oder Fakes generell zu erkennen, beispielsweise betr\u00fcgerische E-Mails wie Phishing-Mails.<\/p>\n","protected":false},"excerpt":{"rendered":"<p>In unserem Format \u00bbHinter den Kultus-Kulissen\u00ab sprechen wir heute mit Andy Hoppe. Sein Fachgebiet: Informationssicherheit.<\/p>\n","protected":false},"author":138,"featured_media":10681,"comment_status":"closed","ping_status":"open","sticky":false,"template":"","format":"standard","meta":{"footnotes":""},"categories":[48,149],"tags":[256,722,136,407,62],"class_list":["post-10680","post","type-post","status-publish","format-standard","has-post-thumbnail","hentry","category-interview","category-ueber-uns","tag-bildung","tag-hinter-den-kultus-kulissen","tag-interview","tag-sachsen","tag-schule"],"aioseo_notices":[],"_links":{"self":[{"href":"https:\/\/www.bildung.sachsen.de\/blog\/index.php\/wp-json\/wp\/v2\/posts\/10680","targetHints":{"allow":["GET"]}}],"collection":[{"href":"https:\/\/www.bildung.sachsen.de\/blog\/index.php\/wp-json\/wp\/v2\/posts"}],"about":[{"href":"https:\/\/www.bildung.sachsen.de\/blog\/index.php\/wp-json\/wp\/v2\/types\/post"}],"author":[{"embeddable":true,"href":"https:\/\/www.bildung.sachsen.de\/blog\/index.php\/wp-json\/wp\/v2\/users\/138"}],"replies":[{"embeddable":true,"href":"https:\/\/www.bildung.sachsen.de\/blog\/index.php\/wp-json\/wp\/v2\/comments?post=10680"}],"version-history":[{"count":4,"href":"https:\/\/www.bildung.sachsen.de\/blog\/index.php\/wp-json\/wp\/v2\/posts\/10680\/revisions"}],"predecessor-version":[{"id":11146,"href":"https:\/\/www.bildung.sachsen.de\/blog\/index.php\/wp-json\/wp\/v2\/posts\/10680\/revisions\/11146"}],"wp:featuredmedia":[{"embeddable":true,"href":"https:\/\/www.bildung.sachsen.de\/blog\/index.php\/wp-json\/wp\/v2\/media\/10681"}],"wp:attachment":[{"href":"https:\/\/www.bildung.sachsen.de\/blog\/index.php\/wp-json\/wp\/v2\/media?parent=10680"}],"wp:term":[{"taxonomy":"category","embeddable":true,"href":"https:\/\/www.bildung.sachsen.de\/blog\/index.php\/wp-json\/wp\/v2\/categories?post=10680"},{"taxonomy":"post_tag","embeddable":true,"href":"https:\/\/www.bildung.sachsen.de\/blog\/index.php\/wp-json\/wp\/v2\/tags?post=10680"}],"curies":[{"name":"wp","href":"https:\/\/api.w.org\/{rel}","templated":true}]}}