{"id":10574,"date":"2023-04-04T09:55:46","date_gmt":"2023-04-04T07:55:46","guid":{"rendered":"https:\/\/www.bildung.sachsen.de\/blog\/?p=10574"},"modified":"2023-04-12T09:35:55","modified_gmt":"2023-04-12T07:35:55","slug":"so-sehen-die-abschlusspruefungen-an-ober-und-foerderschulen-2023-aus","status":"publish","type":"post","link":"https:\/\/www.bildung.sachsen.de\/blog\/index.php\/2023\/04\/04\/so-sehen-die-abschlusspruefungen-an-ober-und-foerderschulen-2023-aus\/","title":{"rendered":"So sehen die Abschlusspr\u00fcfungen an Ober- und F\u00f6rderschulen 2023 aus"},"content":{"rendered":"<p>In wenigen Wochen starten die Sch\u00fclerinnen und Sch\u00fcler der Ober- und F\u00f6rderschulen in ihre Abschlusspr\u00fcfungen. F\u00fcr faire Bedingungen trotz Corona-Pandemie hat das Kultusministerium erneut entsprechende Ma\u00dfnahmen beschlossen. Wir geben einen \u00dcberblick.<\/p>\n<p><!--more--><\/p>\n<p>In den vergangenen Schuljahren mussten infolge der Corona-Pandemie besondere Rahmenbedingungen geschaffen und eine Reihe von zus\u00e4tzlichen Ma\u00dfnahmen umgesetzt werden, um die Pr\u00fcfungen erfolgreich durchf\u00fchren zu k\u00f6nnen. Die pandemiebedingten Auswirkungen auf Schule haben sich inzwischen deutlich minimiert \u2013 Schritt f\u00fcr Schritt geht es zu mehr Normalit\u00e4t zur\u00fcck. So hat auch die Kultusministerkonferenz beschlossen, pandemiebedingte Nachteilsausgleiche f\u00fcr die Abschlusspr\u00fcfungen 2023 letztmalig zu erm\u00f6glichen.<\/p>\n<p>Dennoch bestanden auch f\u00fcr die diesj\u00e4hrigen Pr\u00fcfungsteilnehmerinnen und -teilnehmer zum Teil noch schwierige Lernphasen.<\/p>\n<h3>Rechtzeitige Pr\u00fcfungshinweise<\/h3>\n<p>Bereits im Sommer 2022 haben die Schulen Hinweise zur Vorbereitung und Durchf\u00fchrung der diesj\u00e4hrigen Abschlusspr\u00fcfungen erhalten. So wurden Lerninhalte f\u00fcr die einzelnen Pr\u00fcfungsf\u00e4cher benannt und in Deutsch wurde Pflichtlekt\u00fcre angegeben, die nicht Bestandteil der schriftlichen Pr\u00fcfung 2023 sind.<\/p>\n<h3>Erweiterter Zeitraum f\u00fcr Konsultationen<\/h3>\n<p>Bis zu zwei Wochen vor Beginn der schriftlichen Pr\u00fcfungen kann sich der Unterricht auf die Pr\u00fcfungsf\u00e4cher konzentrieren.<\/p>\n<h3>Mehr Pr\u00fcfungszeit<\/h3>\n<p>F\u00fcr alle schriftlichen Abschlusspr\u00fcfungen 2023 ist eine pandemiebedingte Zusatzzeit von <strong>30 Minuten<\/strong> vorgesehen.<\/p>\n<h3>Fachlehrer erstellen m\u00fcndliche Pr\u00fcfungsaufgaben<\/h3>\n<p>Die Pr\u00fcfungsaufgaben f\u00fcr die m\u00fcndlichen Pr\u00fcfungen werden durch die Fachlehrerinnen und Fachlehrer erstellt. So k\u00f6nnen die Schulen sicherstellen, dass die pandemiebedingte Unterrichtssituation angemessen ber\u00fccksichtigt wird.<\/p>\n","protected":false},"excerpt":{"rendered":"<p>In wenigen Wochen starten die Sch\u00fclerinnen und Sch\u00fcler der Ober- und F\u00f6rderschulen in ihre Abschlusspr\u00fcfungen. F\u00fcr faire Bedingungen trotz Corona-Pandemie hat das Kultusministerium erneut entsprechende Ma\u00dfnahmen beschlossen. Wir geben einen \u00dcberblick.<\/p>\n","protected":false},"author":138,"featured_media":10576,"comment_status":"closed","ping_status":"open","sticky":false,"template":"","format":"standard","meta":{"footnotes":""},"categories":[11],"tags":[256,282,106,407,62],"class_list":["post-10574","post","type-post","status-publish","format-standard","has-post-thumbnail","hentry","category-bildungspolitik","tag-bildung","tag-foerderschule","tag-oberschule","tag-sachsen","tag-schule"],"aioseo_notices":[],"_links":{"self":[{"href":"https:\/\/www.bildung.sachsen.de\/blog\/index.php\/wp-json\/wp\/v2\/posts\/10574","targetHints":{"allow":["GET"]}}],"collection":[{"href":"https:\/\/www.bildung.sachsen.de\/blog\/index.php\/wp-json\/wp\/v2\/posts"}],"about":[{"href":"https:\/\/www.bildung.sachsen.de\/blog\/index.php\/wp-json\/wp\/v2\/types\/post"}],"author":[{"embeddable":true,"href":"https:\/\/www.bildung.sachsen.de\/blog\/index.php\/wp-json\/wp\/v2\/users\/138"}],"replies":[{"embeddable":true,"href":"https:\/\/www.bildung.sachsen.de\/blog\/index.php\/wp-json\/wp\/v2\/comments?post=10574"}],"version-history":[{"count":2,"href":"https:\/\/www.bildung.sachsen.de\/blog\/index.php\/wp-json\/wp\/v2\/posts\/10574\/revisions"}],"predecessor-version":[{"id":10577,"href":"https:\/\/www.bildung.sachsen.de\/blog\/index.php\/wp-json\/wp\/v2\/posts\/10574\/revisions\/10577"}],"wp:featuredmedia":[{"embeddable":true,"href":"https:\/\/www.bildung.sachsen.de\/blog\/index.php\/wp-json\/wp\/v2\/media\/10576"}],"wp:attachment":[{"href":"https:\/\/www.bildung.sachsen.de\/blog\/index.php\/wp-json\/wp\/v2\/media?parent=10574"}],"wp:term":[{"taxonomy":"category","embeddable":true,"href":"https:\/\/www.bildung.sachsen.de\/blog\/index.php\/wp-json\/wp\/v2\/categories?post=10574"},{"taxonomy":"post_tag","embeddable":true,"href":"https:\/\/www.bildung.sachsen.de\/blog\/index.php\/wp-json\/wp\/v2\/tags?post=10574"}],"curies":[{"name":"wp","href":"https:\/\/api.w.org\/{rel}","templated":true}]}}