{"id":10472,"date":"2023-03-02T08:00:51","date_gmt":"2023-03-02T07:00:51","guid":{"rendered":"https:\/\/www.bildung.sachsen.de\/blog\/?p=10472"},"modified":"2023-03-14T10:16:26","modified_gmt":"2023-03-14T09:16:26","slug":"schwangere-koennen-in-praesenzunterricht-zurueckkehren","status":"publish","type":"post","link":"https:\/\/www.bildung.sachsen.de\/blog\/index.php\/2023\/03\/02\/schwangere-koennen-in-praesenzunterricht-zurueckkehren\/","title":{"rendered":"Schwangere k\u00f6nnen in Pr\u00e4senzunterricht zur\u00fcckkehren"},"content":{"rendered":"<p>Ma\u00dfgebliche Vorgaben zum Umgang mit der Corona-Pandemie sind Anfang Februar ausgelaufen. Deshalb haben sich Vertreter der S\u00e4chsischen Arbeitsschutzbeh\u00f6rden, des Kultusministeriums, des Landesamtes f\u00fcr Schule und Bildung sowie des betriebs\u00e4rztlichen Dienstes erneut \u00fcber den Einsatz von Schwangeren im Unterricht beraten. Das Ergebnis: Schwangere Lehrkr\u00e4fte k\u00f6nnen ab sofort in den Pr\u00e4senzunterricht zur\u00fcckkehren.<\/p>\n<p><!--more--><\/p>\n<p>Ob und inwieweit schwangere Lehrkr\u00e4fte und Referendarinnen im Pr\u00e4senzunterricht an \u00f6ffentlichen Schulen eingesetzt werden k\u00f6nnen, h\u00e4ngt von einer individuellen Beurteilung durch die Schulleitung ab. Die Schulleitung pr\u00fcft zum Beispiel, ob die erforderlichen Schutzma\u00dfnahmen umgesetzt werden k\u00f6nnen.<\/p>\n<h2>Welche Ma\u00dfnahmen sollen eine Infektion am Arbeitsplatz vermeiden?<\/h2>\n<p>Zu den Schutzma\u00dfnahmen geh\u00f6ren zum Beispiel:<\/p>\n<ul>\n<li>Mindestabstand von 1,5 Metern zwischen der Lehrkraft und den Sch\u00fclerinnen und Sch\u00fclern<\/li>\n<li>Unterricht in Kleingruppen (bis zu f\u00fcnf Personen, zum Beispiel bei der Abnahme von Pr\u00fcfungen)<\/li>\n<li>Tragen einer FFP2-Maske<\/li>\n<li>H\u00e4ndedesinfektionsmittel<\/li>\n<\/ul>\n<p>In R\u00e4umen, in denen fest installierte Luftfilteranlagen eine ausreichende L\u00fcftung sicherstellen und gleichzeitig der Mindestabstand von 1,5 Metern zwischen der Lehrkraft und den Sch\u00fclerinnen und Sch\u00fclern eingehalten werden kann, ist der Einsatz schwangerer Lehrkr\u00e4fte grunds\u00e4tzlich ohne weitere Einschr\u00e4nkungen m\u00f6glich.<\/p>\n<h2>M\u00fcssen Schwangere eine FFP2-Maske tragen?<\/h2>\n<p>Das Tragen einer FFP2-Maske kann notwendig sein. Das kann zum Beispiel der Fall sein, wenn der Mindestabstand bei engem Kontakt zu Sch\u00fclerinnen oder Sch\u00fclern unterschritten wird.<\/p>\n<p>Dar\u00fcber hinaus wird das Tragen einer FFP2-Maske in den Fluren der Schule dringend empfohlen.<\/p>\n<h2>Was gilt f\u00fcr Schwangere, die aus medizinischen Gr\u00fcnden keine FFP2-Maske tragen k\u00f6nnen?<\/h2>\n<p>Bescheinigt ein \u00e4rztliches Attest, dass aus medizinischen Gr\u00fcnden keine FFP2-Maske verwendet werden kann, ist die Schwangere vom Pr\u00e4senzunterricht zu befreien.<\/p>\n<h2>Was gilt, wenn eine SARS-CoV-2-lnfektion im Klassenverband auftritt?<\/h2>\n<p>In diesen F\u00e4llen gilt ein befristetes Besch\u00e4ftigungsverbot bis zum 8. Tag nach dem letzten Erkrankungsfall.<\/p>\n<h2>Welche Vorgaben gibt es f\u00fcr schwangere Sch\u00fclerinnen?<\/h2>\n<p>Die genannten Schutzma\u00dfnahmen gelten auch f\u00fcr schwangere Sch\u00fclerinnen.<\/p>\n<h2>Wie m\u00fcssen sich Lehrerinnen und Referendarinnen bei Bekanntwerden einer Schwangerschaft verhalten?<\/h2>\n<p>Die bekannte Praxis wird fortgesetzt: Lehrerinnen und Referendarinnen erhalten eine arbeitsmedizinische Mutterschutzvorsorge.<\/p>\n<h2>Noch Fragen?<\/h2>\n<p>Schwangere Lehrerinnen und Referendarinnen k\u00f6nnen sich bei Fragen jederzeit an die Schulleitung wenden.<\/p>\n<p>Au\u00dferdem steht die <a href=\"https:\/\/www.lasub.smk.sachsen.de\/arbeits-und-gesundheitsschutz-4462.html\">Stabsstelle f\u00fcr Arbeitsschutz und Gesundheitsmanagement beim Landesamt f\u00fcr Schule und Bildung<\/a> bei Fragen gern zur Verf\u00fcgung.<\/p>\n","protected":false},"excerpt":{"rendered":"<p>Ma\u00dfgebliche Vorgaben zum Umgang mit der Corona-Pandemie sind Anfang Februar ausgelaufen. Deshalb haben sich Vertreter der S\u00e4chsischen Arbeitsschutzbeh\u00f6rden, des Kultusministeriums, des Landesamtes f\u00fcr Schule und Bildung sowie des betriebs\u00e4rztlichen Dienstes erneut \u00fcber den Einsatz von Schwangeren im Unterricht beraten. Das Ergebnis: Schwangere Lehrkr\u00e4fte k\u00f6nnen ab sofort in den Pr\u00e4senzunterricht zur\u00fcckkehren.<\/p>\n","protected":false},"author":138,"featured_media":10473,"comment_status":"closed","ping_status":"open","sticky":false,"template":"","format":"standard","meta":{"footnotes":""},"categories":[11,676,67],"tags":[497,36,407,62,721],"class_list":["post-10472","post","type-post","status-publish","format-standard","has-post-thumbnail","hentry","category-bildungspolitik","category-corona","category-lehrer","tag-corona","tag-lehrer","tag-sachsen","tag-schule","tag-schwangerschaft"],"aioseo_notices":[],"_links":{"self":[{"href":"https:\/\/www.bildung.sachsen.de\/blog\/index.php\/wp-json\/wp\/v2\/posts\/10472","targetHints":{"allow":["GET"]}}],"collection":[{"href":"https:\/\/www.bildung.sachsen.de\/blog\/index.php\/wp-json\/wp\/v2\/posts"}],"about":[{"href":"https:\/\/www.bildung.sachsen.de\/blog\/index.php\/wp-json\/wp\/v2\/types\/post"}],"author":[{"embeddable":true,"href":"https:\/\/www.bildung.sachsen.de\/blog\/index.php\/wp-json\/wp\/v2\/users\/138"}],"replies":[{"embeddable":true,"href":"https:\/\/www.bildung.sachsen.de\/blog\/index.php\/wp-json\/wp\/v2\/comments?post=10472"}],"version-history":[{"count":4,"href":"https:\/\/www.bildung.sachsen.de\/blog\/index.php\/wp-json\/wp\/v2\/posts\/10472\/revisions"}],"predecessor-version":[{"id":10480,"href":"https:\/\/www.bildung.sachsen.de\/blog\/index.php\/wp-json\/wp\/v2\/posts\/10472\/revisions\/10480"}],"wp:featuredmedia":[{"embeddable":true,"href":"https:\/\/www.bildung.sachsen.de\/blog\/index.php\/wp-json\/wp\/v2\/media\/10473"}],"wp:attachment":[{"href":"https:\/\/www.bildung.sachsen.de\/blog\/index.php\/wp-json\/wp\/v2\/media?parent=10472"}],"wp:term":[{"taxonomy":"category","embeddable":true,"href":"https:\/\/www.bildung.sachsen.de\/blog\/index.php\/wp-json\/wp\/v2\/categories?post=10472"},{"taxonomy":"post_tag","embeddable":true,"href":"https:\/\/www.bildung.sachsen.de\/blog\/index.php\/wp-json\/wp\/v2\/tags?post=10472"}],"curies":[{"name":"wp","href":"https:\/\/api.w.org\/{rel}","templated":true}]}}