{"id":10094,"date":"2022-07-12T13:00:41","date_gmt":"2022-07-12T11:00:41","guid":{"rendered":"https:\/\/www.bildung.sachsen.de\/blog\/?p=10094"},"modified":"2022-07-22T11:06:19","modified_gmt":"2022-07-22T09:06:19","slug":"herbstplan-keine-einschraenkungen-von-schul-und-kitabetrieb-vorgesehen","status":"publish","type":"post","link":"https:\/\/www.bildung.sachsen.de\/blog\/index.php\/2022\/07\/12\/herbstplan-keine-einschraenkungen-von-schul-und-kitabetrieb-vorgesehen\/","title":{"rendered":"Herbstplan: Keine Einschr\u00e4nkungen von Schul- und Kitabetrieb vorgesehen"},"content":{"rendered":"<p>Der Schulbetrieb soll im kommenden Schuljahr 2022\/2023 grunds\u00e4tzlich ohne Einschr\u00e4nkungen stattfinden. Gleiches soll auch f\u00fcr Kindertageseinrichtungen gelten. Das sieht der Herbstplan der Staatsregierung vor.<\/p>\n<p><!--more--><\/p>\n<p>Die Staatsregierung hat sich in der heutigen Kabinettssitzung (12. Juli) auf einen Herbstplan verst\u00e4ndigt. Demnach soll der Pr\u00e4senzunterricht an den Schulen w\u00e4hrend des gesamten Schuljahres 2022\/2023 aufrechterhalten werden. Fl\u00e4chendeckende Schulschlie\u00dfungen werden ausgeschlossen. Auch die Einrichtungen der Kindertagesbetreuung sollen ohne Einschr\u00e4nkungen beim Betreuungsumfang offengehalten werden.<\/p>\n<p>\u00bbNat\u00fcrlich m\u00fcssen wir das Infektionsgeschehen an Schulen und Kindertageseinrichtungen sorgsam verfolgen. Sollte sich das Pandemiegeschehen im Herbst erneut verst\u00e4rken, wird mit Augenma\u00df und nach Abw\u00e4gung aller zu ber\u00fccksichtigenden p\u00e4dagogischen und infektiologischen Gesichtspunkten \u00fcber die m\u00f6gliche Wiedereinf\u00fchrung von Schutzma\u00dfnahmen entschieden\u00ab, so Kultusminister Christian Piwarz.<\/p>\n<p>Schutzma\u00dfnahmen wie etwa eine Test- und Maskenpflicht kommen laut Herbstplan nur bei einer sich deutlich verschlechternden Pandemielage und allenfalls im Zusammenspiel mit gleichlaufenden Regelungen f\u00fcr das gesellschaftliche und wirtschaftliche Leben in Betracht. F\u00fcr eine m\u00f6gliche Maskenpflicht an Schulen m\u00fcsste der Bund ohnehin das Infektionsschutzgesetz \u00e4ndern. Die jetzige Fassung des Infektionsschutzgesetzes l\u00e4sst eine Maskenpflicht nicht zu.<\/p>\n<p>Falls eine Maskenpflicht gesetzlich m\u00f6glich gemacht wird, sollen Grund- und F\u00f6rderschulen davon ausgenommen werden. Aus p\u00e4dagogischen Gr\u00fcnden und angesichts der mittlerweile gefestigten medizinischen Einsch\u00e4tzung zu seltenen Corona-Erkrankungen bei Kindern, ist eine Maskenpflicht f\u00fcr Grundsch\u00fcler im Herbstplan nicht vorgesehen.<\/p>\n<p>Mit dem Plan orientiert sich die Staatsregierung an Empfehlungen des Expertenrates der Bundesregierung. Der hatte sich Anfang Juni daf\u00fcr ausgesprochen, die Testung nur auf Kinder und Jugendlichen mit Symptomen zu beschr\u00e4nken und nur bei Auftreten neuer und gef\u00e4hrlicherer Virusvarianten sowie bei Ausbr\u00fcchen durchzuf\u00fchren.<\/p>\n","protected":false},"excerpt":{"rendered":"<p>Der Schulbetrieb soll im kommenden Schuljahr 2022\/2023 grunds\u00e4tzlich ohne Einschr\u00e4nkungen stattfinden. Gleiches soll auch f\u00fcr Kindertageseinrichtungen gelten. Das sieht der Herbstplan der Staatsregierung vor.<\/p>\n","protected":false},"author":4,"featured_media":10095,"comment_status":"closed","ping_status":"open","sticky":false,"template":"","format":"standard","meta":{"footnotes":""},"categories":[11,676],"tags":[497,567,407,62],"class_list":["post-10094","post","type-post","status-publish","format-standard","has-post-thumbnail","hentry","category-bildungspolitik","category-corona","tag-corona","tag-corona-massnahmen","tag-sachsen","tag-schule"],"aioseo_notices":[],"_links":{"self":[{"href":"https:\/\/www.bildung.sachsen.de\/blog\/index.php\/wp-json\/wp\/v2\/posts\/10094","targetHints":{"allow":["GET"]}}],"collection":[{"href":"https:\/\/www.bildung.sachsen.de\/blog\/index.php\/wp-json\/wp\/v2\/posts"}],"about":[{"href":"https:\/\/www.bildung.sachsen.de\/blog\/index.php\/wp-json\/wp\/v2\/types\/post"}],"author":[{"embeddable":true,"href":"https:\/\/www.bildung.sachsen.de\/blog\/index.php\/wp-json\/wp\/v2\/users\/4"}],"replies":[{"embeddable":true,"href":"https:\/\/www.bildung.sachsen.de\/blog\/index.php\/wp-json\/wp\/v2\/comments?post=10094"}],"version-history":[{"count":1,"href":"https:\/\/www.bildung.sachsen.de\/blog\/index.php\/wp-json\/wp\/v2\/posts\/10094\/revisions"}],"predecessor-version":[{"id":10096,"href":"https:\/\/www.bildung.sachsen.de\/blog\/index.php\/wp-json\/wp\/v2\/posts\/10094\/revisions\/10096"}],"wp:featuredmedia":[{"embeddable":true,"href":"https:\/\/www.bildung.sachsen.de\/blog\/index.php\/wp-json\/wp\/v2\/media\/10095"}],"wp:attachment":[{"href":"https:\/\/www.bildung.sachsen.de\/blog\/index.php\/wp-json\/wp\/v2\/media?parent=10094"}],"wp:term":[{"taxonomy":"category","embeddable":true,"href":"https:\/\/www.bildung.sachsen.de\/blog\/index.php\/wp-json\/wp\/v2\/categories?post=10094"},{"taxonomy":"post_tag","embeddable":true,"href":"https:\/\/www.bildung.sachsen.de\/blog\/index.php\/wp-json\/wp\/v2\/tags?post=10094"}],"curies":[{"name":"wp","href":"https:\/\/api.w.org\/{rel}","templated":true}]}}